{"id":91085,"date":"2023-10-09T09:46:00","date_gmt":"2023-10-09T07:46:00","guid":{"rendered":"https:\/\/www.manquepierda.com\/historiarealbetis\/?p=91085"},"modified":"2023-10-04T07:56:47","modified_gmt":"2023-10-04T05:56:47","slug":"entrevista-rafael-gordillo-1994-2","status":"publish","type":"post","link":"https:\/\/www.manquepierda.com\/historiarealbetis\/entrevista-rafael-gordillo-1994-2\/","title":{"rendered":"Entrevista Rafael Gordillo 1994"},"content":{"rendered":"<div class=\"wp-block-image\">\n<figure class=\"aligncenter size-large is-resized\"><img data-recalc-dims=\"1\" loading=\"lazy\" decoding=\"async\" src=\"https:\/\/i0.wp.com\/www.manquepierda.com\/historiarealbetis\/files\/2023\/10\/Entrevista-Rafael-Gordillo-1994-NMP-Diario-16.jpg?resize=417%2C525&#038;ssl=1\" alt=\"\" class=\"wp-image-91086\" width=\"417\" height=\"525\" srcset=\"https:\/\/i0.wp.com\/www.manquepierda.com\/historiarealbetis\/files\/2023\/10\/Entrevista-Rafael-Gordillo-1994-NMP-Diario-16-scaled.jpg?resize=556%2C700&amp;ssl=1 556w, https:\/\/i0.wp.com\/www.manquepierda.com\/historiarealbetis\/files\/2023\/10\/Entrevista-Rafael-Gordillo-1994-NMP-Diario-16-scaled.jpg?resize=477%2C600&amp;ssl=1 477w, https:\/\/i0.wp.com\/www.manquepierda.com\/historiarealbetis\/files\/2023\/10\/Entrevista-Rafael-Gordillo-1994-NMP-Diario-16-scaled.jpg?resize=175%2C220&amp;ssl=1 175w, https:\/\/i0.wp.com\/www.manquepierda.com\/historiarealbetis\/files\/2023\/10\/Entrevista-Rafael-Gordillo-1994-NMP-Diario-16-scaled.jpg?resize=768%2C967&amp;ssl=1 768w, https:\/\/i0.wp.com\/www.manquepierda.com\/historiarealbetis\/files\/2023\/10\/Entrevista-Rafael-Gordillo-1994-NMP-Diario-16-scaled.jpg?w=2033&amp;ssl=1 2033w\" sizes=\"auto, (max-width: 417px) 100vw, 417px\" \/><\/figure>\n<\/div>\n\n<p><\/p>\n<p>Hace unos d\u00edas vimos <a href=\"https:\/\/www.manquepierda.com\/historiarealbetis\/rafael-gordillo-889-dias-despues-de-francisco-correal\/\"><strong>aqu\u00ed<\/strong><\/a> el relato del periodista Francisco Correal con motivo de que Rafael Gordillo volviera a jugar en Primera Divisi\u00f3n en el partido disputado en el Villamar\u00edn contra el Sporting de Gij\u00f3n en septiembre de 1994.<\/p>\n<p>Hoy traemos a Manquepierda la entrevista que el futbolista b\u00e9tico hizo con el periodista Luis Carlos Peris d\u00edas despu\u00e9s de ese encuentro, y en la que se repasaba la actualidad b\u00e9tica del momento y la personal del jugador.<\/p>\n<p><span style=\"color: #008000\"><em>Quer\u00eda volver a jugar en Primera Divisi\u00f3n, meterse en su decimosexta temporada en Primera Divisi\u00f3n y el gran d\u00eda lleg\u00f3 con el \u00faltimo domingo de septiembre. <\/em><\/span><\/p>\n<p><span style=\"color: #008000\"><em>Rafael Gordillo V\u00e1zquez le gan\u00f3 un nuevo pulso a la biolog\u00eda y volvi\u00f3 a salir por la puerta grande de Heli\u00f3polis, por la puerta grande de su casa de siempre, por una puerta que nadie traspas\u00f3 m\u00e1s veces que \u00e9l. <\/em><\/span><\/p>\n<p><span style=\"color: #008000\"><em>Estalla el sol en todo lo alto de Heli\u00f3polis, una cuadrilla de operarios anda retirando los restos de la tarde anterior y Gordillo, genio y figura, que ni se acuerda de la \u00faltima vez que jug\u00f3 en Primera Divisi\u00f3n\u2026<\/em><\/span><\/p>\n<p><span style=\"color: #008000\"><em>&#8211; Ya sabes que soy fatal para las fechas. \u00bfGoleada al Espanyol? Ni pu\u00f1etera idea. \u00bfQu\u00e9 sal\u00ed a sustituir a Gica Hagi? Sigo sin acordarme<\/em><\/span><\/p>\n<p><span style=\"color: #008000\"><em>Es el d\u00eda despu\u00e9s de su apoteosis \u00faltima, acaba de salir de la mesa de masajes y se muestra naturalmente contento, sin estridencias\u2026<\/em><\/span><\/p>\n<p><span style=\"color: #008000\"><em>&#8211; He dormido fatal, sigo sin poder dormir despu\u00e9s de los partidos. Lo de ayer fue muy hermoso porque jam\u00e1s he visto a los b\u00e9ticos en un n\u00famero tan alto; siempre estuvieron con el equipo, pero no eran tantos. Todo es por lo que ha hecho Lopera, que salv\u00f3 a un club que se iba de cabeza a Tercera<\/em><\/span><\/p>\n<p><span style=\"color: #008000\"><em>Tras el ascenso de Burgos, tras los d\u00edas de vino y rosas, empez\u00f3 a cundir la especie, fundada por cierto, de que la renovaci\u00f3n de Gordillo no se ve\u00eda muy clara en el Betis\u2026<\/em><\/span><\/p>\n<p><span style=\"color: #008000\"><em>&#8211; La verdad es que me mosque\u00e9 un mont\u00f3n cuando supe por Diario 16 que no estaban seguros de renovarme. Y me mosque\u00e9 por el sitio donde se public\u00f3, que me daba que pensar que era la pura realidad. Luego renov\u00e9 y a partir de ah\u00ed estaba seguro de que volver\u00eda a jugar en Primera porque la Liga tiene muchos partidos y siempre habr\u00e1 una oportunidad, \u00bfno?<\/em><\/span><\/p>\n<p><span style=\"color: #008000\"><em>La oportunidad le lleg\u00f3 al gran s\u00edmbolo de los b\u00e9ticos por la v\u00eda de una sustituci\u00f3n y bien podr\u00eda ocurrir que el domingo, en Santander, el t\u00e9cnico decidiera que Rafael volviese al banquillo\u2026<\/em><\/span><\/p>\n<p><span style=\"color: #008000\"><em>&#8211; Mi reacci\u00f3n ser\u00eda de normalidad. No pasar\u00eda nada, pues yo estoy en el Betis para ayudar en todo lo que se me pida, para poner mi granito de arena y no para plantear problemas<\/em><\/span><\/p>\n<p><span style=\"color: #008000\"><em>Cuando Gordillo debut\u00f3 en Primera Divisi\u00f3n, Cu\u00e9llar y M\u00e1rquez, y Ca\u00f1as y Roberto R\u00edos ten\u00edan cuatro a\u00f1os. Aquella tarde lluviosa de enero del 77 contra el Burgos de Juanito, todos esos que comparten vestuario con Gordillo ten\u00edan cuatro a\u00f1os.<\/em><\/span><\/p>\n<p><span style=\"color: #008000\"><em>&#8211; Y me dicen abuela, no abuelo, sino abuela, que suena m\u00e1s fuerte. La verdad es que compartir vestuario con estos chavales te da vida y dan ganas de que esto no se acabe nunca<\/em><\/span><\/p>\n<p><span style=\"color: #008000\"><em>\u00c9l, Rafael Gordillo, el s\u00edmbolo m\u00e1s aut\u00e9ntico del beticismo, anda queriendo desentra\u00f1ar la imparable ascensi\u00f3n de la betisman\u00eda\u2026<\/em><\/span><\/p>\n<p><em><span style=\"color: #008000\">&#8211; El beticismo es de dif\u00edcil explicaci\u00f3n, quiz\u00e1s los tres a\u00f1os en Segunda hayan creado un clima para que la llegada a Primera se vea como una liberaci\u00f3n, pero lo cierto es que la gente ha reaccionado como nunca, mucho m\u00e1s que cuando volvimos de Madrid con la Copa del Rey<\/span><\/em><\/p>\n<p><span style=\"color: #008000\"><em>No s\u00f3lo de Betis vive el hombre y Gordillo es personaje indicado sobre la posible marcha de Sevilla de la selecci\u00f3n nacional\u2026<\/em><\/span><\/p>\n<p><span style=\"color: #008000\"><em>&#8211; Creo que ser\u00eda un error y aunque fuera s\u00f3lo por superstici\u00f3n habr\u00eda que dejar que jugase aqu\u00ed. Ya s\u00e9 que todo el pa\u00eds tiene derecho a ver al equipo nacional, pero para eso est\u00e1n los amistosos<\/em><\/span><\/p>\n<p><span style=\"color: #008000\"><em>Rematamos la conversaci\u00f3n hablando de su otro equipo\u2026<\/em><\/span><\/p>\n<p><span style=\"color: #008000\"><em>&#8211; Al Madrid lo veo muy bien y volver\u00e1 a ser campe\u00f3n, seguro que s\u00ed. Con Laudrup juega cualquiera y que mande en el vestuario un hombre como Jorge Valdano es una garant\u00eda porque sabe qu\u00e9 es lo que hay en cada rinc\u00f3n de esa casa. Espero y deseo que triunfe por su bien y el del Real Madrid<\/em><\/span><\/p>\n<p><span style=\"color: #008000\"><em>Iba Rafael Gordillo respondiendo a cada pregunta, ojeaba las p\u00e1ginas de Diario 16 Andaluc\u00eda junto a esa banda por donde se hizo famoso, y en \u00e9stas que un joven futbolista, sudoroso por el reci\u00e9n terminado entrenamiento, espeta: \u201cCu\u00eddemelo bien, que es mi \u00eddolo desde que era chiquitito\u201d, y Gordillo sonri\u00f3 y le pregunt\u00f3 al chaval: \u201c\u00bfc\u00f3mo se dio el domingo?\u201d. \u201cBien, ganamos en Ciudad Real, pero fall\u00e9 un penalti\u2026\u201d<\/em><\/span><\/p>\n<p><span style=\"color: #008000\"><em>Y el chaval, content\u00edsimo por haber saludado una vez m\u00e1s a su futbolista preferido, se fue a cruzar la cancha en busca del vestuario de los escalafones inferiores: \u201cEs Cipri, un chaval del filial, tela de simp\u00e1tico\u201d. <\/em><\/span><\/p>\n<p><span style=\"color: #008000\"><em>Al poco se le acerc\u00f3 Rogelio. Ro-ge-lio, a recordarle un asunto pendiente. En un instante, tres generaciones de b\u00e9ticos, tres\u2026&nbsp; <\/em><\/span><\/p>","protected":false},"excerpt":{"rendered":"<p>Hace unos d\u00edas vimos aqu\u00ed el relato del periodista Francisco Correal con motivo de que Rafael Gordillo volviera a jugar en Primera Divisi\u00f3n en el partido disputado en el Villamar\u00edn contra el Sporting de Gij\u00f3n en septiembre de 1994. Hoy traemos a Manquepierda la entrevista que el futbolista b\u00e9tico hizo con el periodista Luis Carlos&#8230;<\/p>\n","protected":false},"author":5,"featured_media":91086,"comment_status":"open","ping_status":"open","sticky":false,"template":"","format":"standard","meta":{"_kad_post_transparent":"","_kad_post_title":"","_kad_post_layout":"","_kad_post_sidebar_id":"","_kad_post_content_style":"","_kad_post_vertical_padding":"","_kad_post_feature":"","_kad_post_feature_position":"","_kad_post_header":false,"_kad_post_footer":false,"_kad_post_classname":"","_jetpack_memberships_contains_paid_content":false,"footnotes":"","jetpack_publicize_message":"","jetpack_publicize_feature_enabled":true,"jetpack_social_post_already_shared":true,"jetpack_social_options":{"image_generator_settings":{"template":"highway","default_image_id":0,"font":"","enabled":false},"version":2}},"categories":[905,893,1],"tags":[1540,2460,3220,1305],"class_list":["post-91085","post","type-post","status-publish","format-standard","has-post-thumbnail","hentry","category-1990-1999","category-jugadores-temas","category-portada","tag-1540","tag-1994-95","tag-luis-carlos-peris","tag-rafael-gordillo"],"jetpack_publicize_connections":[],"jetpack_featured_media_url":"https:\/\/i0.wp.com\/www.manquepierda.com\/historiarealbetis\/files\/2023\/10\/Entrevista-Rafael-Gordillo-1994-NMP-Diario-16-scaled.jpg?fit=2033%2C2560&ssl=1","jetpack_sharing_enabled":true,"jetpack_shortlink":"https:\/\/wp.me\/p1ij08-nH7","jetpack-related-posts":[],"_links":{"self":[{"href":"https:\/\/www.manquepierda.com\/historiarealbetis\/wp-json\/wp\/v2\/posts\/91085","targetHints":{"allow":["GET"]}}],"collection":[{"href":"https:\/\/www.manquepierda.com\/historiarealbetis\/wp-json\/wp\/v2\/posts"}],"about":[{"href":"https:\/\/www.manquepierda.com\/historiarealbetis\/wp-json\/wp\/v2\/types\/post"}],"author":[{"embeddable":true,"href":"https:\/\/www.manquepierda.com\/historiarealbetis\/wp-json\/wp\/v2\/users\/5"}],"replies":[{"embeddable":true,"href":"https:\/\/www.manquepierda.com\/historiarealbetis\/wp-json\/wp\/v2\/comments?post=91085"}],"version-history":[{"count":2,"href":"https:\/\/www.manquepierda.com\/historiarealbetis\/wp-json\/wp\/v2\/posts\/91085\/revisions"}],"predecessor-version":[{"id":91088,"href":"https:\/\/www.manquepierda.com\/historiarealbetis\/wp-json\/wp\/v2\/posts\/91085\/revisions\/91088"}],"wp:featuredmedia":[{"embeddable":true,"href":"https:\/\/www.manquepierda.com\/historiarealbetis\/wp-json\/wp\/v2\/media\/91086"}],"wp:attachment":[{"href":"https:\/\/www.manquepierda.com\/historiarealbetis\/wp-json\/wp\/v2\/media?parent=91085"}],"wp:term":[{"taxonomy":"category","embeddable":true,"href":"https:\/\/www.manquepierda.com\/historiarealbetis\/wp-json\/wp\/v2\/categories?post=91085"},{"taxonomy":"post_tag","embeddable":true,"href":"https:\/\/www.manquepierda.com\/historiarealbetis\/wp-json\/wp\/v2\/tags?post=91085"}],"curies":[{"name":"wp","href":"https:\/\/api.w.org\/{rel}","templated":true}]}}