{"id":91132,"date":"2023-10-11T10:17:00","date_gmt":"2023-10-11T08:17:00","guid":{"rendered":"https:\/\/www.manquepierda.com\/historiarealbetis\/?p=91132"},"modified":"2024-10-01T07:51:51","modified_gmt":"2024-10-01T05:51:51","slug":"album-de-cromos-temporada-1985-86-2","status":"publish","type":"post","link":"https:\/\/www.manquepierda.com\/historiarealbetis\/album-de-cromos-temporada-1985-86-2\/","title":{"rendered":"Album de cromos temporada 1985-86."},"content":{"rendered":"<div class=\"wp-block-image\">\n<figure class=\"aligncenter size-large\"><img data-recalc-dims=\"1\" loading=\"lazy\" decoding=\"async\" width=\"479\" height=\"700\" src=\"https:\/\/i0.wp.com\/www.manquepierda.com\/historiarealbetis\/files\/2023\/10\/Album-de-cromos-temporada-1985-86-Este-479x700.jpg?resize=479%2C700&#038;ssl=1\" alt=\"\" class=\"wp-image-91133\" srcset=\"https:\/\/i0.wp.com\/www.manquepierda.com\/historiarealbetis\/files\/2023\/10\/Album-de-cromos-temporada-1985-86-Este.jpg?resize=479%2C700&amp;ssl=1 479w, https:\/\/i0.wp.com\/www.manquepierda.com\/historiarealbetis\/files\/2023\/10\/Album-de-cromos-temporada-1985-86-Este.jpg?resize=411%2C600&amp;ssl=1 411w, https:\/\/i0.wp.com\/www.manquepierda.com\/historiarealbetis\/files\/2023\/10\/Album-de-cromos-temporada-1985-86-Este.jpg?resize=151%2C220&amp;ssl=1 151w, https:\/\/i0.wp.com\/www.manquepierda.com\/historiarealbetis\/files\/2023\/10\/Album-de-cromos-temporada-1985-86-Este.jpg?w=512&amp;ssl=1 512w\" sizes=\"auto, (max-width: 479px) 100vw, 479px\" \/><\/figure>\n<\/div>\n\n<p>Album de cromos de la temporada 1985-86 de la editorial Este con los siguientes jugadores: Salva Navarro, Jos\u00e9 Gonz\u00e1lez Romo, Diego Rodr\u00edguez, Crist\u00f3bal Mej\u00edas, Jos\u00e9 Calleja, Antonio Casado, Al-lal Mohand\u00a0 \u00abAlex\u00bb, Antol\u00edn Ortega, Jos\u00e9 Carlos Su\u00e1rez, Joaqu\u00edn Parra, Gabino Rodr\u00edguez, Andr\u00e9s Alonso \u00abIto\u00bb, Gabriel Calder\u00f3n, Pedro Valdomino \u00abValdo\u00bb e Hip\u00f3lito Rinc\u00f3n.\u00a0\u00a0<\/p>","protected":false},"excerpt":{"rendered":"<p>Album de cromos de la temporada 1985-86 de la editorial Este con los siguientes jugadores: Salva Navarro, Jos\u00e9 Gonz\u00e1lez Romo, Diego Rodr\u00edguez, Crist\u00f3bal Mej\u00edas, Jos\u00e9 Calleja, Antonio Casado, Al-lal Mohand\u00a0 \u00abAlex\u00bb, Antol\u00edn Ortega, Jos\u00e9 Carlos Su\u00e1rez, Joaqu\u00edn Parra, Gabino Rodr\u00edguez, Andr\u00e9s Alonso \u00abIto\u00bb, Gabriel Calder\u00f3n, Pedro Valdomino \u00abValdo\u00bb e Hip\u00f3lito Rinc\u00f3n.\u00a0\u00a0<\/p>\n","protected":false},"author":5,"featured_media":91133,"comment_status":"open","ping_status":"open","sticky":false,"template":"","format":"standard","meta":{"_kad_post_transparent":"","_kad_post_title":"","_kad_post_layout":"","_kad_post_sidebar_id":"","_kad_post_content_style":"","_kad_post_vertical_padding":"","_kad_post_feature":"","_kad_post_feature_position":"","_kad_post_header":false,"_kad_post_footer":false,"_kad_post_classname":"","_jetpack_memberships_contains_paid_content":false,"footnotes":"","jetpack_publicize_message":"","jetpack_publicize_feature_enabled":true,"jetpack_social_post_already_shared":true,"jetpack_social_options":{"image_generator_settings":{"template":"highway","default_image_id":0,"font":"","enabled":false},"version":2}},"categories":[904,1],"tags":[4272,13196,1011,1422,1409,1007,1476,1129,16733,1428,1588,4170,1085,1430,1472,1485],"class_list":["post-91132","post","type-post","status-publish","format-standard","has-post-thumbnail","hentry","category-1980-1989","category-portada","tag-1985-86","tag-al-lal-mohand-alex","tag-andres-alonso-ito","tag-antolin-ortega","tag-antonio-casado","tag-cristobal-mejias","tag-diego-rodriguez","tag-gabino-rodriguez","tag-gabriel-humberto-calderon","tag-hipolito-rincon","tag-joaquin-parra","tag-jose-calleja","tag-jose-carlos-suarez","tag-jose-ramon-gonzalez-romo","tag-pedro-valdomino-valdo","tag-salvador-navarro-salva"],"jetpack_publicize_connections":[],"jetpack_featured_media_url":"https:\/\/i0.wp.com\/www.manquepierda.com\/historiarealbetis\/files\/2023\/10\/Album-de-cromos-temporada-1985-86-Este.jpg?fit=512%2C748&ssl=1","jetpack_sharing_enabled":true,"jetpack_shortlink":"https:\/\/wp.me\/p1ij08-nHS","jetpack-related-posts":[],"_links":{"self":[{"href":"https:\/\/www.manquepierda.com\/historiarealbetis\/wp-json\/wp\/v2\/posts\/91132","targetHints":{"allow":["GET"]}}],"collection":[{"href":"https:\/\/www.manquepierda.com\/historiarealbetis\/wp-json\/wp\/v2\/posts"}],"about":[{"href":"https:\/\/www.manquepierda.com\/historiarealbetis\/wp-json\/wp\/v2\/types\/post"}],"author":[{"embeddable":true,"href":"https:\/\/www.manquepierda.com\/historiarealbetis\/wp-json\/wp\/v2\/users\/5"}],"replies":[{"embeddable":true,"href":"https:\/\/www.manquepierda.com\/historiarealbetis\/wp-json\/wp\/v2\/comments?post=91132"}],"version-history":[{"count":4,"href":"https:\/\/www.manquepierda.com\/historiarealbetis\/wp-json\/wp\/v2\/posts\/91132\/revisions"}],"predecessor-version":[{"id":99923,"href":"https:\/\/www.manquepierda.com\/historiarealbetis\/wp-json\/wp\/v2\/posts\/91132\/revisions\/99923"}],"wp:featuredmedia":[{"embeddable":true,"href":"https:\/\/www.manquepierda.com\/historiarealbetis\/wp-json\/wp\/v2\/media\/91133"}],"wp:attachment":[{"href":"https:\/\/www.manquepierda.com\/historiarealbetis\/wp-json\/wp\/v2\/media?parent=91132"}],"wp:term":[{"taxonomy":"category","embeddable":true,"href":"https:\/\/www.manquepierda.com\/historiarealbetis\/wp-json\/wp\/v2\/categories?post=91132"},{"taxonomy":"post_tag","embeddable":true,"href":"https:\/\/www.manquepierda.com\/historiarealbetis\/wp-json\/wp\/v2\/tags?post=91132"}],"curies":[{"name":"wp","href":"https:\/\/api.w.org\/{rel}","templated":true}]}}