{"id":91209,"date":"2023-10-23T12:00:00","date_gmt":"2023-10-23T10:00:00","guid":{"rendered":"https:\/\/www.manquepierda.com\/historiarealbetis\/?p=91209"},"modified":"2024-08-14T16:23:14","modified_gmt":"2024-08-14T14:23:14","slug":"hoy-hace-40-anos-salamanca-1-betis-3","status":"publish","type":"post","link":"https:\/\/www.manquepierda.com\/historiarealbetis\/hoy-hace-40-anos-salamanca-1-betis-3\/","title":{"rendered":"Hoy hace 40 a\u00f1os. Salamanca 1 Betis 3."},"content":{"rendered":"<div class=\"wp-block-image\">\n<figure class=\"aligncenter size-full\"><img data-recalc-dims=\"1\" loading=\"lazy\" decoding=\"async\" width=\"563\" height=\"383\" src=\"https:\/\/i0.wp.com\/www.manquepierda.com\/historiarealbetis\/files\/2023\/10\/23-1983-Salamanca-1-Betis-3.jpg?resize=563%2C383&#038;ssl=1\" alt=\"\" class=\"wp-image-91210\" srcset=\"https:\/\/i0.wp.com\/www.manquepierda.com\/historiarealbetis\/files\/2023\/10\/23-1983-Salamanca-1-Betis-3.jpg?w=563&amp;ssl=1 563w, https:\/\/i0.wp.com\/www.manquepierda.com\/historiarealbetis\/files\/2023\/10\/23-1983-Salamanca-1-Betis-3.jpg?resize=220%2C150&amp;ssl=1 220w\" sizes=\"auto, (max-width: 563px) 100vw, 563px\" \/><\/figure>\n<\/div>\n\n<p><\/p>\n<p><span style=\"color: #008000\">El 23 de octubre de 1983 en El Helm\u00e1ntico el Betis vence 1-3 al Salamanca en partido de la jornada 8 del Campeonato de Liga de Primera Divisi\u00f3n.<\/span><\/p>\n<p><span style=\"color: #008000\">En el 47 Paco adelant\u00f3 al Betis, a pase de Rinc\u00f3n tras una jugada de Carde\u00f1osa; en el 67 otro remate de Paco a la salida un c\u00f3rner vali\u00f3 el 0-2; en el 77 P\u00e9rez Aguerri de penalti hizo el 1-2 y en el 84 en un contragolpe b\u00e9tico Canito, a pase de Rinc\u00f3n, marc\u00f3 el 1-3.<\/span><\/p>\n<p><span style=\"color: #008000\">La UD Salamanca, entrenada por Manuel Villanova, jug\u00f3 con Lozano; Miguel \u00c1ngel, Bened\u00e9, Bezares, Luis Garc\u00eda; Abajo (12, Enrique), Orejuela (55, Micanovic), P\u00e9rez Aguerri, Choya; Urrecho y \u00c1ngel.<\/span><\/p>\n<p><span style=\"color: #008000\">El Betis, dirigido por Pepe Alzate, aline\u00f3 a Esnaola; Diego, Alex, Canito, Gordillo; Parra, Ortega, Carde\u00f1osa; Rinc\u00f3n, Paco (84, Casado) y Calder\u00f3n (71, Mantilla).<\/span><\/p>","protected":false},"excerpt":{"rendered":"<p>El 23 de octubre de 1983 en El Helm\u00e1ntico el Betis vence 1-3 al Salamanca en partido de la jornada 8 del Campeonato de Liga de Primera Divisi\u00f3n. En el 47 Paco adelant\u00f3 al Betis, a pase de Rinc\u00f3n tras una jugada de Carde\u00f1osa; en el 67 otro remate de Paco a la salida un&#8230;<\/p>\n","protected":false},"author":5,"featured_media":91210,"comment_status":"open","ping_status":"open","sticky":false,"template":"","format":"standard","meta":{"_kad_post_transparent":"","_kad_post_title":"","_kad_post_layout":"","_kad_post_sidebar_id":"","_kad_post_content_style":"","_kad_post_vertical_padding":"","_kad_post_feature":"","_kad_post_feature_position":"","_kad_post_header":false,"_kad_post_footer":false,"_kad_post_classname":"","_jetpack_memberships_contains_paid_content":false,"footnotes":"","jetpack_publicize_message":"","jetpack_publicize_feature_enabled":true,"jetpack_social_post_already_shared":true,"jetpack_social_options":{"image_generator_settings":{"template":"highway","default_image_id":0,"font":"","enabled":false},"version":2}},"categories":[904,14583,1],"tags":[4327,17830,829],"class_list":["post-91209","post","type-post","status-publish","format-standard","has-post-thumbnail","hentry","category-1980-1989","category-efemerides","category-portada","tag-4327","tag-liga-primera-1983-84","tag-ud-salamanca"],"jetpack_publicize_connections":[],"jetpack_featured_media_url":"https:\/\/i0.wp.com\/www.manquepierda.com\/historiarealbetis\/files\/2023\/10\/23-1983-Salamanca-1-Betis-3.jpg?fit=563%2C383&ssl=1","jetpack_sharing_enabled":true,"jetpack_shortlink":"https:\/\/wp.me\/p1ij08-nJ7","jetpack-related-posts":[],"_links":{"self":[{"href":"https:\/\/www.manquepierda.com\/historiarealbetis\/wp-json\/wp\/v2\/posts\/91209","targetHints":{"allow":["GET"]}}],"collection":[{"href":"https:\/\/www.manquepierda.com\/historiarealbetis\/wp-json\/wp\/v2\/posts"}],"about":[{"href":"https:\/\/www.manquepierda.com\/historiarealbetis\/wp-json\/wp\/v2\/types\/post"}],"author":[{"embeddable":true,"href":"https:\/\/www.manquepierda.com\/historiarealbetis\/wp-json\/wp\/v2\/users\/5"}],"replies":[{"embeddable":true,"href":"https:\/\/www.manquepierda.com\/historiarealbetis\/wp-json\/wp\/v2\/comments?post=91209"}],"version-history":[{"count":2,"href":"https:\/\/www.manquepierda.com\/historiarealbetis\/wp-json\/wp\/v2\/posts\/91209\/revisions"}],"predecessor-version":[{"id":91212,"href":"https:\/\/www.manquepierda.com\/historiarealbetis\/wp-json\/wp\/v2\/posts\/91209\/revisions\/91212"}],"wp:featuredmedia":[{"embeddable":true,"href":"https:\/\/www.manquepierda.com\/historiarealbetis\/wp-json\/wp\/v2\/media\/91210"}],"wp:attachment":[{"href":"https:\/\/www.manquepierda.com\/historiarealbetis\/wp-json\/wp\/v2\/media?parent=91209"}],"wp:term":[{"taxonomy":"category","embeddable":true,"href":"https:\/\/www.manquepierda.com\/historiarealbetis\/wp-json\/wp\/v2\/categories?post=91209"},{"taxonomy":"post_tag","embeddable":true,"href":"https:\/\/www.manquepierda.com\/historiarealbetis\/wp-json\/wp\/v2\/tags?post=91209"}],"curies":[{"name":"wp","href":"https:\/\/api.w.org\/{rel}","templated":true}]}}