{"id":91284,"date":"2023-10-25T12:00:00","date_gmt":"2023-10-25T10:00:00","guid":{"rendered":"https:\/\/www.manquepierda.com\/historiarealbetis\/?p=91284"},"modified":"2023-10-24T21:16:52","modified_gmt":"2023-10-24T19:16:52","slug":"hoy-hace-25-anos-dimision-de-vicente-cantatore","status":"publish","type":"post","link":"https:\/\/www.manquepierda.com\/historiarealbetis\/hoy-hace-25-anos-dimision-de-vicente-cantatore\/","title":{"rendered":"Hoy hace 25 a\u00f1os. Dimisi\u00f3n de Vicente Cantatore."},"content":{"rendered":"<div class=\"wp-block-image\">\n<figure class=\"aligncenter size-full\"><img data-recalc-dims=\"1\" loading=\"lazy\" decoding=\"async\" width=\"376\" height=\"445\" src=\"https:\/\/i0.wp.com\/www.manquepierda.com\/historiarealbetis\/files\/2023\/10\/25-1998-Dimision-de-Vicente-Cantatore.jpg?resize=376%2C445&#038;ssl=1\" alt=\"\" class=\"wp-image-91285\" srcset=\"https:\/\/i0.wp.com\/www.manquepierda.com\/historiarealbetis\/files\/2023\/10\/25-1998-Dimision-de-Vicente-Cantatore.jpg?w=376&amp;ssl=1 376w, https:\/\/i0.wp.com\/www.manquepierda.com\/historiarealbetis\/files\/2023\/10\/25-1998-Dimision-de-Vicente-Cantatore.jpg?resize=186%2C220&amp;ssl=1 186w\" sizes=\"auto, (max-width: 376px) 100vw, 376px\" \/><\/figure>\n<\/div>\n\n<p>\u00a0<\/p>\n<p><span style=\"color: #008000\">El 25 de octubre de 1998 el t\u00e9cnico de la primera plantilla del Real Betis Balompi\u00e9 Vicente Cantatore presentaba su dimisi\u00f3n despu\u00e9s de la derrota por 5-1 frente al Valencia en Mestalla.<\/span><\/p>\n<p><span style=\"color: #008000\">Cantatore, que hab\u00eda llegado al puesto el 26 de agosto, en sustituci\u00f3n de Antonio Oliveira, entren\u00f3 al Betis en 10 partidos oficiales, con un balance de 2 victorias, 3 empates y 5 derrotas, y dejaba al equipo en el \u00faltimo lugar de la tabla clasificatoria.<\/span> \u00a0<\/p>\n<p><span style=\"color: #008000\">Su puesto fue cubierto por Javier Clemente, que sac\u00f3 al equipo de la delicada posici\u00f3n en que se encontraba.\u00a0<\/span>\u00a0<\/p>","protected":false},"excerpt":{"rendered":"<p>\u00a0 El 25 de octubre de 1998 el t\u00e9cnico de la primera plantilla del Real Betis Balompi\u00e9 Vicente Cantatore presentaba su dimisi\u00f3n despu\u00e9s de la derrota por 5-1 frente al Valencia en Mestalla. Cantatore, que hab\u00eda llegado al puesto el 26 de agosto, en sustituci\u00f3n de Antonio Oliveira, entren\u00f3 al Betis en 10 partidos oficiales,&#8230;<\/p>\n","protected":false},"author":5,"featured_media":91285,"comment_status":"open","ping_status":"open","sticky":false,"template":"","format":"standard","meta":{"_kad_post_transparent":"","_kad_post_title":"","_kad_post_layout":"","_kad_post_sidebar_id":"","_kad_post_content_style":"","_kad_post_vertical_padding":"","_kad_post_feature":"","_kad_post_feature_position":"","_kad_post_header":false,"_kad_post_footer":false,"_kad_post_classname":"","_jetpack_memberships_contains_paid_content":false,"footnotes":"","jetpack_publicize_message":"","jetpack_publicize_feature_enabled":true,"jetpack_social_post_already_shared":true,"jetpack_social_options":{"image_generator_settings":{"template":"highway","default_image_id":0,"font":"","enabled":false},"version":2}},"categories":[905,14583,1],"tags":[2413,1376],"class_list":["post-91284","post","type-post","status-publish","format-standard","has-post-thumbnail","hentry","category-1990-1999","category-efemerides","category-portada","tag-2413","tag-vicente-cantatore"],"jetpack_publicize_connections":[],"jetpack_featured_media_url":"https:\/\/i0.wp.com\/www.manquepierda.com\/historiarealbetis\/files\/2023\/10\/25-1998-Dimision-de-Vicente-Cantatore.jpg?fit=376%2C445&ssl=1","jetpack_sharing_enabled":true,"jetpack_shortlink":"https:\/\/wp.me\/p1ij08-nKk","jetpack-related-posts":[],"_links":{"self":[{"href":"https:\/\/www.manquepierda.com\/historiarealbetis\/wp-json\/wp\/v2\/posts\/91284","targetHints":{"allow":["GET"]}}],"collection":[{"href":"https:\/\/www.manquepierda.com\/historiarealbetis\/wp-json\/wp\/v2\/posts"}],"about":[{"href":"https:\/\/www.manquepierda.com\/historiarealbetis\/wp-json\/wp\/v2\/types\/post"}],"author":[{"embeddable":true,"href":"https:\/\/www.manquepierda.com\/historiarealbetis\/wp-json\/wp\/v2\/users\/5"}],"replies":[{"embeddable":true,"href":"https:\/\/www.manquepierda.com\/historiarealbetis\/wp-json\/wp\/v2\/comments?post=91284"}],"version-history":[{"count":3,"href":"https:\/\/www.manquepierda.com\/historiarealbetis\/wp-json\/wp\/v2\/posts\/91284\/revisions"}],"predecessor-version":[{"id":91411,"href":"https:\/\/www.manquepierda.com\/historiarealbetis\/wp-json\/wp\/v2\/posts\/91284\/revisions\/91411"}],"wp:featuredmedia":[{"embeddable":true,"href":"https:\/\/www.manquepierda.com\/historiarealbetis\/wp-json\/wp\/v2\/media\/91285"}],"wp:attachment":[{"href":"https:\/\/www.manquepierda.com\/historiarealbetis\/wp-json\/wp\/v2\/media?parent=91284"}],"wp:term":[{"taxonomy":"category","embeddable":true,"href":"https:\/\/www.manquepierda.com\/historiarealbetis\/wp-json\/wp\/v2\/categories?post=91284"},{"taxonomy":"post_tag","embeddable":true,"href":"https:\/\/www.manquepierda.com\/historiarealbetis\/wp-json\/wp\/v2\/tags?post=91284"}],"curies":[{"name":"wp","href":"https:\/\/api.w.org\/{rel}","templated":true}]}}