{"id":91296,"date":"2023-10-28T12:00:00","date_gmt":"2023-10-28T10:00:00","guid":{"rendered":"https:\/\/www.manquepierda.com\/historiarealbetis\/?p=91296"},"modified":"2024-08-12T19:19:34","modified_gmt":"2024-08-12T17:19:34","slug":"hoy-hace-50-anos-betis-2-valladolid-0","status":"publish","type":"post","link":"https:\/\/www.manquepierda.com\/historiarealbetis\/hoy-hace-50-anos-betis-2-valladolid-0\/","title":{"rendered":"Hoy hace 50 a\u00f1os. Betis 2 Valladolid 0."},"content":{"rendered":"<div class=\"wp-block-image\">\n<figure class=\"aligncenter size-full\"><img data-recalc-dims=\"1\" loading=\"lazy\" decoding=\"async\" width=\"732\" height=\"193\" src=\"https:\/\/i0.wp.com\/www.manquepierda.com\/historiarealbetis\/files\/2023\/10\/28-1973-Betis-2-Valladolid-0.jpg?resize=732%2C193&#038;ssl=1\" alt=\"\" class=\"wp-image-91297\" srcset=\"https:\/\/i0.wp.com\/www.manquepierda.com\/historiarealbetis\/files\/2023\/10\/28-1973-Betis-2-Valladolid-0.jpg?w=732&amp;ssl=1 732w, https:\/\/i0.wp.com\/www.manquepierda.com\/historiarealbetis\/files\/2023\/10\/28-1973-Betis-2-Valladolid-0.jpg?resize=680%2C179&amp;ssl=1 680w, https:\/\/i0.wp.com\/www.manquepierda.com\/historiarealbetis\/files\/2023\/10\/28-1973-Betis-2-Valladolid-0.jpg?resize=220%2C58&amp;ssl=1 220w\" sizes=\"auto, (max-width: 732px) 100vw, 732px\" \/><\/figure>\n<\/div>\n\n<p><\/p>\n<p><span style=\"color: #008000\">El 28 de octubre de 1973 en el Villamar\u00edn el Betis vence 2-0 al Valladolid en partido de la jornada 8 del Campeonato de Liga de Segunda Divisi\u00f3n.<\/span><\/p>\n<p><span style=\"color: #008000\">Mameli en el minuto 19 inaugur\u00f3 el marcador, al rematar de cabeza bajos los palos un centro de Cobo que toc\u00f3 tambi\u00e9n con la cabeza Aramburu. En el 73 Biosca convirti\u00f3 un penalti realizado por la defensa vallisoletana sobre Del Pozo.<\/span><\/p>\n<p><span style=\"color: #008000\">El Betis, dirigido por Ferenc Szusza, aline\u00f3 a Esnaola; Bizcocho, Iglesias, Telech\u00eda, Cobo; Olmedo, L\u00f3pez, Biosca; Aramburu, Mameli y Rogelio (65, Del Pozo).<\/span><\/p>\n<p><span style=\"color: #008000\">El Valladolid, entrenado por Gustavo Biosca, jug\u00f3 con Ll\u00e1cer; Salvi (56, Y\u00e1\u00f1ez), Docal, Leguizam\u00f3n, P\u00e9rez Garc\u00eda; Lorenzo, Tejedor, Carde\u00f1osa; Lizarralde, \u00c1lvarez y Amarillo (46, Delio).<\/span><\/p>","protected":false},"excerpt":{"rendered":"<p>El 28 de octubre de 1973 en el Villamar\u00edn el Betis vence 2-0 al Valladolid en partido de la jornada 8 del Campeonato de Liga de Segunda Divisi\u00f3n. Mameli en el minuto 19 inaugur\u00f3 el marcador, al rematar de cabeza bajos los palos un centro de Cobo que toc\u00f3 tambi\u00e9n con la cabeza Aramburu. En&#8230;<\/p>\n","protected":false},"author":5,"featured_media":91297,"comment_status":"open","ping_status":"open","sticky":false,"template":"","format":"standard","meta":{"_kad_post_transparent":"","_kad_post_title":"","_kad_post_layout":"","_kad_post_sidebar_id":"","_kad_post_content_style":"","_kad_post_vertical_padding":"","_kad_post_feature":"","_kad_post_feature_position":"","_kad_post_header":false,"_kad_post_footer":false,"_kad_post_classname":"","_jetpack_memberships_contains_paid_content":false,"footnotes":"","jetpack_publicize_message":"","jetpack_publicize_feature_enabled":true,"jetpack_social_post_already_shared":true,"jetpack_social_options":{"image_generator_settings":{"template":"highway","default_image_id":0,"font":"","enabled":false},"version":2}},"categories":[903,14583,1],"tags":[56,17826,1359],"class_list":["post-91296","post","type-post","status-publish","format-standard","has-post-thumbnail","hentry","category-1970-1979","category-efemerides","category-portada","tag-56","tag-liga-segunda-1973-74","tag-real-valladolid"],"jetpack_publicize_connections":[],"jetpack_featured_media_url":"https:\/\/i0.wp.com\/www.manquepierda.com\/historiarealbetis\/files\/2023\/10\/28-1973-Betis-2-Valladolid-0.jpg?fit=732%2C193&ssl=1","jetpack_sharing_enabled":true,"jetpack_shortlink":"https:\/\/wp.me\/p1ij08-nKw","jetpack-related-posts":[],"_links":{"self":[{"href":"https:\/\/www.manquepierda.com\/historiarealbetis\/wp-json\/wp\/v2\/posts\/91296","targetHints":{"allow":["GET"]}}],"collection":[{"href":"https:\/\/www.manquepierda.com\/historiarealbetis\/wp-json\/wp\/v2\/posts"}],"about":[{"href":"https:\/\/www.manquepierda.com\/historiarealbetis\/wp-json\/wp\/v2\/types\/post"}],"author":[{"embeddable":true,"href":"https:\/\/www.manquepierda.com\/historiarealbetis\/wp-json\/wp\/v2\/users\/5"}],"replies":[{"embeddable":true,"href":"https:\/\/www.manquepierda.com\/historiarealbetis\/wp-json\/wp\/v2\/comments?post=91296"}],"version-history":[{"count":2,"href":"https:\/\/www.manquepierda.com\/historiarealbetis\/wp-json\/wp\/v2\/posts\/91296\/revisions"}],"predecessor-version":[{"id":91299,"href":"https:\/\/www.manquepierda.com\/historiarealbetis\/wp-json\/wp\/v2\/posts\/91296\/revisions\/91299"}],"wp:featuredmedia":[{"embeddable":true,"href":"https:\/\/www.manquepierda.com\/historiarealbetis\/wp-json\/wp\/v2\/media\/91297"}],"wp:attachment":[{"href":"https:\/\/www.manquepierda.com\/historiarealbetis\/wp-json\/wp\/v2\/media?parent=91296"}],"wp:term":[{"taxonomy":"category","embeddable":true,"href":"https:\/\/www.manquepierda.com\/historiarealbetis\/wp-json\/wp\/v2\/categories?post=91296"},{"taxonomy":"post_tag","embeddable":true,"href":"https:\/\/www.manquepierda.com\/historiarealbetis\/wp-json\/wp\/v2\/tags?post=91296"}],"curies":[{"name":"wp","href":"https:\/\/api.w.org\/{rel}","templated":true}]}}