{"id":9135,"date":"2012-07-31T16:15:13","date_gmt":"2012-07-31T15:15:13","guid":{"rendered":"http:\/\/www.manquepierda.com\/historiarealbetis\/?p=9135"},"modified":"2024-10-04T22:49:56","modified_gmt":"2024-10-04T20:49:56","slug":"alineacion-deportivo-betis-amistoso-1926","status":"publish","type":"post","link":"https:\/\/www.manquepierda.com\/historiarealbetis\/alineacion-deportivo-betis-amistoso-1926\/","title":{"rendered":"Alineaci\u00f3n Deportivo-Betis Amistoso 1926"},"content":{"rendered":"<figure id=\"attachment_9136\" aria-describedby=\"caption-attachment-9136\" style=\"width: 300px\" class=\"wp-caption aligncenter\"><a class=\"lightbox\" title=\"Deportivo-Betis 22-6-1926 La Voz de Galicia\" href=\"https:\/\/i0.wp.com\/www.manquepierda.com\/historiarealbetis\/files\/2011\/02\/Deportivo-Betis-22-6-1926-La-Voz-de-Galicia.jpg?ssl=1\"><img data-recalc-dims=\"1\" loading=\"lazy\" decoding=\"async\" class=\"size-medium wp-image-9136\" src=\"https:\/\/i0.wp.com\/www.manquepierda.com\/historiarealbetis\/files\/2011\/02\/Deportivo-Betis-22-6-1926-La-Voz-de-Galicia.jpg?resize=300%2C202&#038;ssl=1\" alt=\"Fuente: La Voz de Galicia 22 de Junio de 1926\" width=\"300\" height=\"202\" \/><\/a><figcaption id=\"caption-attachment-9136\" class=\"wp-caption-text\">Fuente: La Voz de Galicia 22 de Junio de 1926<\/figcaption><\/figure>\n<p>20 de Junio de 1926 en Riazor\u00a0 Deportivo\u00a0 1\u00a0\u00a0 Betis 3\u00a0 ; amistoso jugado el 20 de Junio de 1926.<\/p>\n<p>En el mes de Junio de 1926 el Betis realiza una gira por Asturias y Galicia, con partidos en Vigo, Coru\u00f1a y Oviedo. Al primero de los disputados en A Coru\u00f1a corresponde esta imagen. Se trata de la primera vez que el equipo b\u00e9tico se enfrenta al deportivista en su terreno de Riazor y lo hace obteniendo la victoria, con tantos de Paco Le\u00f3n y Antonio Alvarez ( 2).<\/p>\n<p>En la imagen: Le\u00f3n, Alvarez, Jes\u00fas, Est\u00e9vez, Aranda, Salda\u00f1a, Enrique, Adolfito, Manol\u00edn, Romerito, Jim\u00e9nez y Germ\u00e1n.<\/p>\n","protected":false},"excerpt":{"rendered":"<p>20 de Junio de 1926 en Riazor\u00a0 Deportivo\u00a0 1\u00a0\u00a0 Betis 3\u00a0 ; amistoso jugado el 20 de Junio de 1926. En el mes de Junio de 1926 el Betis realiza una gira por Asturias y Galicia, con partidos en Vigo, Coru\u00f1a y Oviedo. Al primero de los disputados en A Coru\u00f1a corresponde esta imagen. Se&#8230;<\/p>\n","protected":false},"author":5,"featured_media":9136,"comment_status":"open","ping_status":"open","sticky":false,"template":"","format":"standard","meta":{"_kad_post_transparent":"","_kad_post_title":"","_kad_post_layout":"","_kad_post_sidebar_id":"","_kad_post_content_style":"","_kad_post_vertical_padding":"","_kad_post_feature":"","_kad_post_feature_position":"","_kad_post_header":false,"_kad_post_footer":false,"_kad_post_classname":"","_jetpack_memberships_contains_paid_content":false,"footnotes":"","jetpack_publicize_message":"","jetpack_publicize_feature_enabled":true,"jetpack_social_post_already_shared":false,"jetpack_social_options":{"image_generator_settings":{"template":"highway","default_image_id":0,"font":"","enabled":false},"version":2}},"categories":[898,1],"tags":[12730,1251,9482,106,5556,9009,2707,2390,1473,2387,1412,2392,5239,6659,16882],"class_list":["post-9135","post","type-post","status-publish","format-standard","has-post-thumbnail","hentry","category-1920-1929","category-portada","tag-1925-26","tag-1251","tag-adolfo-sancho-adolfito","tag-andres-aranda","tag-antonio-alvarez","tag-antonio-romero-romerito","tag-enrique-garrido","tag-german-sorzano","tag-jesus-bernaldez","tag-jesus-jimenez","tag-jose-estevez","tag-manuel-nogueras-manolin","tag-manuel-saldana","tag-paco-leon","tag-real-club-deportivo-la-coruna"],"jetpack_publicize_connections":[],"jetpack_featured_media_url":"https:\/\/i0.wp.com\/www.manquepierda.com\/historiarealbetis\/files\/2011\/02\/Deportivo-Betis-22-6-1926-La-Voz-de-Galicia.jpg?fit=1218%2C824&ssl=1","jetpack_sharing_enabled":true,"jetpack_shortlink":"https:\/\/wp.me\/p1ij08-2nl","jetpack-related-posts":[],"_links":{"self":[{"href":"https:\/\/www.manquepierda.com\/historiarealbetis\/wp-json\/wp\/v2\/posts\/9135","targetHints":{"allow":["GET"]}}],"collection":[{"href":"https:\/\/www.manquepierda.com\/historiarealbetis\/wp-json\/wp\/v2\/posts"}],"about":[{"href":"https:\/\/www.manquepierda.com\/historiarealbetis\/wp-json\/wp\/v2\/types\/post"}],"author":[{"embeddable":true,"href":"https:\/\/www.manquepierda.com\/historiarealbetis\/wp-json\/wp\/v2\/users\/5"}],"replies":[{"embeddable":true,"href":"https:\/\/www.manquepierda.com\/historiarealbetis\/wp-json\/wp\/v2\/comments?post=9135"}],"version-history":[{"count":1,"href":"https:\/\/www.manquepierda.com\/historiarealbetis\/wp-json\/wp\/v2\/posts\/9135\/revisions"}],"predecessor-version":[{"id":95533,"href":"https:\/\/www.manquepierda.com\/historiarealbetis\/wp-json\/wp\/v2\/posts\/9135\/revisions\/95533"}],"wp:featuredmedia":[{"embeddable":true,"href":"https:\/\/www.manquepierda.com\/historiarealbetis\/wp-json\/wp\/v2\/media\/9136"}],"wp:attachment":[{"href":"https:\/\/www.manquepierda.com\/historiarealbetis\/wp-json\/wp\/v2\/media?parent=9135"}],"wp:term":[{"taxonomy":"category","embeddable":true,"href":"https:\/\/www.manquepierda.com\/historiarealbetis\/wp-json\/wp\/v2\/categories?post=9135"},{"taxonomy":"post_tag","embeddable":true,"href":"https:\/\/www.manquepierda.com\/historiarealbetis\/wp-json\/wp\/v2\/tags?post=9135"}],"curies":[{"name":"wp","href":"https:\/\/api.w.org\/{rel}","templated":true}]}}