{"id":91360,"date":"2023-10-27T09:49:00","date_gmt":"2023-10-27T07:49:00","guid":{"rendered":"https:\/\/www.manquepierda.com\/historiarealbetis\/?p=91360"},"modified":"2024-09-04T18:54:11","modified_gmt":"2024-09-04T16:54:11","slug":"alineacion-betis-osasuna-liga-1984","status":"publish","type":"post","link":"https:\/\/www.manquepierda.com\/historiarealbetis\/alineacion-betis-osasuna-liga-1984\/","title":{"rendered":"Alineaci\u00f3n Betis-Osasuna Liga 1984"},"content":{"rendered":"<div class=\"wp-block-image\">\n<figure class=\"aligncenter size-full\"><img data-recalc-dims=\"1\" loading=\"lazy\" decoding=\"async\" width=\"583\" height=\"416\" src=\"https:\/\/i0.wp.com\/www.manquepierda.com\/historiarealbetis\/files\/2023\/10\/Alineacion-Betis-Osasuna-Liga-1984-.jpg?resize=583%2C416&#038;ssl=1\" alt=\"\" class=\"wp-image-91361\" srcset=\"https:\/\/i0.wp.com\/www.manquepierda.com\/historiarealbetis\/files\/2023\/10\/Alineacion-Betis-Osasuna-Liga-1984-.jpg?w=583&amp;ssl=1 583w, https:\/\/i0.wp.com\/www.manquepierda.com\/historiarealbetis\/files\/2023\/10\/Alineacion-Betis-Osasuna-Liga-1984-.jpg?resize=220%2C157&amp;ssl=1 220w\" sizes=\"auto, (max-width: 583px) 100vw, 583px\" \/><\/figure>\n<\/div>\n\n<p><\/p>\n<p>25 de marzo de 1984 en el Villamar\u00edn Betis 1 Osasuna 0; jornada 29 del Campeonato de Liga de Primera Divisi\u00f3n.<\/p>\n<p>En la imagen arriba Esnaola, Calder\u00f3n, Alex, Ortega, Mantilla y Gordillo; abajo Diego, Parra, Carde\u00f1osa, Su\u00e1rez y Paco.<\/p>\n<p>Un tanto de penalti, por derribo a Calder\u00f3n, transformado por Carde\u00f1osa dio los dos puntos y la quinta plaza al Betis.<\/p>\n<p>Una pareja de reci\u00e9n casados acompa\u00f1\u00f3 al Betis en la fotograf\u00eda inicial.&nbsp;<\/p>\n<p>Pepe Alzate entrenaba al Betis e Ivan Brzic al Osasuna.&nbsp;<\/p>","protected":false},"excerpt":{"rendered":"<p>25 de marzo de 1984 en el Villamar\u00edn Betis 1 Osasuna 0; jornada 29 del Campeonato de Liga de Primera Divisi\u00f3n. En la imagen arriba Esnaola, Calder\u00f3n, Alex, Ortega, Mantilla y Gordillo; abajo Diego, Parra, Carde\u00f1osa, Su\u00e1rez y Paco. Un tanto de penalti, por derribo a Calder\u00f3n, transformado por Carde\u00f1osa dio los dos puntos y&#8230;<\/p>\n","protected":false},"author":5,"featured_media":91361,"comment_status":"open","ping_status":"open","sticky":false,"template":"","format":"standard","meta":{"_kad_post_transparent":"","_kad_post_title":"","_kad_post_layout":"","_kad_post_sidebar_id":"","_kad_post_content_style":"","_kad_post_vertical_padding":"","_kad_post_feature":"","_kad_post_feature_position":"","_kad_post_header":false,"_kad_post_footer":false,"_kad_post_classname":"","_jetpack_memberships_contains_paid_content":false,"footnotes":"","jetpack_publicize_message":"","jetpack_publicize_feature_enabled":true,"jetpack_social_post_already_shared":true,"jetpack_social_options":{"image_generator_settings":{"template":"highway","default_image_id":0,"font":"","enabled":false},"version":2}},"categories":[904,1],"tags":[4225,3115,13196,1422,9867,1476,1385,16733,3281,1588,1085,1302,1155,17830,1305],"class_list":["post-91360","post","type-post","status-publish","format-standard","has-post-thumbnail","hentry","category-1980-1989","category-portada","tag-1983-84","tag-3115","tag-al-lal-mohand-alex","tag-antolin-ortega","tag-club-atletico-osasuna","tag-diego-rodriguez","tag-francisco-machin-paco","tag-gabriel-humberto-calderon","tag-javier-mantilla","tag-joaquin-parra","tag-jose-carlos-suarez","tag-jose-ramon-esnaola","tag-julio-cardenosa","tag-liga-primera-1983-84","tag-rafael-gordillo"],"jetpack_publicize_connections":[],"jetpack_featured_media_url":"https:\/\/i0.wp.com\/www.manquepierda.com\/historiarealbetis\/files\/2023\/10\/Alineacion-Betis-Osasuna-Liga-1984-.jpg?fit=583%2C416&ssl=1","jetpack_sharing_enabled":true,"jetpack_shortlink":"https:\/\/wp.me\/p1ij08-nLy","jetpack-related-posts":[],"_links":{"self":[{"href":"https:\/\/www.manquepierda.com\/historiarealbetis\/wp-json\/wp\/v2\/posts\/91360","targetHints":{"allow":["GET"]}}],"collection":[{"href":"https:\/\/www.manquepierda.com\/historiarealbetis\/wp-json\/wp\/v2\/posts"}],"about":[{"href":"https:\/\/www.manquepierda.com\/historiarealbetis\/wp-json\/wp\/v2\/types\/post"}],"author":[{"embeddable":true,"href":"https:\/\/www.manquepierda.com\/historiarealbetis\/wp-json\/wp\/v2\/users\/5"}],"replies":[{"embeddable":true,"href":"https:\/\/www.manquepierda.com\/historiarealbetis\/wp-json\/wp\/v2\/comments?post=91360"}],"version-history":[{"count":4,"href":"https:\/\/www.manquepierda.com\/historiarealbetis\/wp-json\/wp\/v2\/posts\/91360\/revisions"}],"predecessor-version":[{"id":91366,"href":"https:\/\/www.manquepierda.com\/historiarealbetis\/wp-json\/wp\/v2\/posts\/91360\/revisions\/91366"}],"wp:featuredmedia":[{"embeddable":true,"href":"https:\/\/www.manquepierda.com\/historiarealbetis\/wp-json\/wp\/v2\/media\/91361"}],"wp:attachment":[{"href":"https:\/\/www.manquepierda.com\/historiarealbetis\/wp-json\/wp\/v2\/media?parent=91360"}],"wp:term":[{"taxonomy":"category","embeddable":true,"href":"https:\/\/www.manquepierda.com\/historiarealbetis\/wp-json\/wp\/v2\/categories?post=91360"},{"taxonomy":"post_tag","embeddable":true,"href":"https:\/\/www.manquepierda.com\/historiarealbetis\/wp-json\/wp\/v2\/tags?post=91360"}],"curies":[{"name":"wp","href":"https:\/\/api.w.org\/{rel}","templated":true}]}}