{"id":9145,"date":"2011-02-28T20:23:14","date_gmt":"2011-02-28T19:23:14","guid":{"rendered":"http:\/\/www.manquepierda.com\/historiarealbetis\/?p=9145"},"modified":"2024-09-22T19:20:10","modified_gmt":"2024-09-22T17:20:10","slug":"1929-noviembre-10-cpto-andalucia","status":"publish","type":"post","link":"https:\/\/www.manquepierda.com\/historiarealbetis\/1929-noviembre-10-cpto-andalucia\/","title":{"rendered":"1929-Noviembre 10-12.-Andaluc\u00eda.-Real Betis Balompi\u00e9-7 (8) Real Balomp\u00e9dica Linense-2 (0).-86Aniversario."},"content":{"rendered":"<p style=\"text-align: center\"><a class=\"lightbox\" title=\"escanear0023\" href=\"https:\/\/i0.wp.com\/www.manquepierda.com\/historiarealbetis\/files\/2011\/02\/escanear0023.jpg?ssl=1\"><img data-recalc-dims=\"1\" loading=\"lazy\" decoding=\"async\" class=\"aligncenter size-full wp-image-9146\" src=\"https:\/\/i0.wp.com\/www.manquepierda.com\/historiarealbetis\/files\/2011\/02\/escanear0023.jpg?resize=455%2C447&#038;ssl=1\" alt=\"\" width=\"455\" height=\"447\" \/><\/a><strong>*1929-NOVIEMBRE 10-DOMINGO.-XV EDICI\u00d3N-CAMPEONATO REGIONAL ANDALUC\u00cdA.-QUINTA JORNADA.<\/strong><\/p>\n<p style=\"text-align: center\"><a href=\"https:\/\/www.manquepierda.com\/historiarealbetis\/9145-1929-noviembre-10-cpto-andalucia\/daniel-mezquita-moreno-2-3\/\" rel=\"attachment wp-att-44539\"><img data-recalc-dims=\"1\" loading=\"lazy\" decoding=\"async\" class=\"aligncenter size-thumbnail wp-image-44539\" src=\"https:\/\/i0.wp.com\/www.manquepierda.com\/historiarealbetis\/files\/2011\/02\/Daniel-Mezquita-Moreno-2.jpg?resize=153%2C220&#038;ssl=1\" alt=\"Daniel-Mezquita-Moreno-2\" width=\"153\" height=\"220\" srcset=\"https:\/\/i0.wp.com\/www.manquepierda.com\/historiarealbetis\/files\/2011\/02\/Daniel-Mezquita-Moreno-2.jpg?resize=153%2C220&amp;ssl=1 153w, https:\/\/i0.wp.com\/www.manquepierda.com\/historiarealbetis\/files\/2011\/02\/Daniel-Mezquita-Moreno-2.jpg?resize=418%2C600&amp;ssl=1 418w, https:\/\/i0.wp.com\/www.manquepierda.com\/historiarealbetis\/files\/2011\/02\/Daniel-Mezquita-Moreno-2.jpg?w=457&amp;ssl=1 457w\" sizes=\"auto, (max-width: 153px) 100vw, 153px\" \/><\/a>Presidente: Don Daniel MEZQUITA Moreno.<\/p>\n<p style=\"text-align: center\"><a href=\"https:\/\/www.manquepierda.com\/historiarealbetis\/9145-1929-noviembre-10-cpto-andalucia\/juan-armet-de-castellvi-kinke%c2%b7-6\/\" rel=\"attachment wp-att-44540\"><img data-recalc-dims=\"1\" loading=\"lazy\" decoding=\"async\" class=\"aligncenter size-thumbnail wp-image-44540\" src=\"https:\/\/i0.wp.com\/www.manquepierda.com\/historiarealbetis\/files\/2011\/02\/Juan-Armet-De-Castellv%C3%AD-Kink%C3%A9%C2%B7.jpg?resize=160%2C220&#038;ssl=1\" alt=\"Juan Armet De Castellv\u00ed &quot;Kink\u00e9\u00b7\" width=\"160\" height=\"220\" srcset=\"https:\/\/i0.wp.com\/www.manquepierda.com\/historiarealbetis\/files\/2011\/02\/Juan-Armet-De-Castellv%C3%AD-Kink%C3%A9%C2%B7.jpg?resize=160%2C220&amp;ssl=1 160w, https:\/\/i0.wp.com\/www.manquepierda.com\/historiarealbetis\/files\/2011\/02\/Juan-Armet-De-Castellv%C3%AD-Kink%C3%A9%C2%B7.jpg?w=256&amp;ssl=1 256w\" sizes=\"auto, (max-width: 160px) 100vw, 160px\" \/><\/a>Entrenador: Juan Armet De Castelv\u00ed (a) \u00abKink\u00e9\u00bb.<\/p>\n<p style=\"text-align: center\"><a href=\"https:\/\/www.manquepierda.com\/historiarealbetis\/9145-1929-noviembre-10-cpto-andalucia\/1920-escudo-rbb-6\/\" rel=\"attachment wp-att-44541\"><img data-recalc-dims=\"1\" loading=\"lazy\" decoding=\"async\" class=\"aligncenter size-thumbnail wp-image-44541\" src=\"https:\/\/i0.wp.com\/www.manquepierda.com\/historiarealbetis\/files\/2011\/02\/1920-Escudo-RBB.jpg?resize=161%2C220&#038;ssl=1\" alt=\"1920-Escudo RBB\" width=\"161\" height=\"220\" srcset=\"https:\/\/i0.wp.com\/www.manquepierda.com\/historiarealbetis\/files\/2011\/02\/1920-Escudo-RBB.jpg?resize=161%2C220&amp;ssl=1 161w, https:\/\/i0.wp.com\/www.manquepierda.com\/historiarealbetis\/files\/2011\/02\/1920-Escudo-RBB.jpg?w=266&amp;ssl=1 266w\" sizes=\"auto, (max-width: 161px) 100vw, 161px\" \/><\/a><\/p>\n<p style=\"text-align: center\"><em><strong>2\u00ba Clasificado con 6 Puntos (2-Ganados+2-Empatados+0-Perdidos).-12-Goles a Favor y 08-Tantos en Contra.<\/strong><\/em><\/p>\n<p style=\"text-align: center\"><strong>REAL BETIS BALOMPI\u00c9-7 Goles.<\/strong><\/p>\n<p>1-1.-ROMERO centra formidablemente, recogiendo el bal\u00f3n ARANDA, que se lo manda al portero, qui\u00e9n rechaza d\u00e9bilmente, metiendo el pie con gran oportunidad Francisco Le\u00f3n.<\/p>\n<p>2-1.-Centro largo de ROMERO que remata Joaqu\u00edn SOL\u00c9 desmarcado y perfectamente colocado.<\/p>\n<p>3-1.-EST\u00c9VEZ pas\u00f3 adelante a PACO L\u00c9ON, qui\u00e9n cedi\u00f3 a Joaqu\u00edn SOL\u00c9 desmarcado.<\/p>\n<p>4-2.-Segunda parte.-EST\u00c9VEZ pasa a Andr\u00e9s ARANDA y \u00e9ste remata sin preparar.<\/p>\n<p>5-2.-ROMERO pasa largo y SOL\u00c9, se estira magn\u00edficamente, para que el bal\u00f3n entre de cabezazo.<\/p>\n<p>6-2.-ARANDA mete el pie a un bal\u00f3n servido por SU\u00c1REZ como en bandeja.<\/p>\n<p>7-2.-PACO LE\u00d3N tira bombeado, qued\u00e1ndose Armando mirando al cielo, mientras el esf\u00e9rico entra.<\/p>\n<p style=\"text-align: center\">JES\u00daS Bern\u00e1ldez Moreno (a) \u00abManos Duras\u00bb<\/p>\n<p style=\"text-align: center\">Lorenzo Fernando TONDO Gil (debut\u00f3 procedente del Tarrasa), JESUS\u00cdN-Jes\u00fas Alberto Ruiz Medrano.<\/p>\n<p style=\"text-align: center\">Pedro REGUEIRO Pagola, Jos\u00e9 EST\u00c9VEZ Al\u00e9, ADOLFITO-Adolfo Sancho Carrillo de Albornoz.<\/p>\n<p>Joaqu\u00edn SOL\u00c9 (muy destacado como extremo diestro), Andr\u00e9s ARANDA Guti\u00e9rrez, Francisco Le\u00f3n (a) \u00abPaco Le\u00f3n\u00bb,\u00a0 Manuel SU\u00c1REZ De Bego\u00f1a y Antonio Romero Rodr\u00edguez (a) \u00abRomerito\u00bb.<\/p>\n<p style=\"text-align: center\">Vs.<\/p>\n<p style=\"text-align: center\"><a href=\"https:\/\/www.manquepierda.com\/historiarealbetis\/9145-1929-noviembre-10-cpto-andalucia\/escudos-historia\/\" rel=\"attachment wp-att-44542\"><img data-recalc-dims=\"1\" loading=\"lazy\" decoding=\"async\" class=\"aligncenter size-thumbnail wp-image-44542\" src=\"https:\/\/i0.wp.com\/www.manquepierda.com\/historiarealbetis\/files\/2011\/02\/escudos-historia.gif?resize=147%2C220&#038;ssl=1\" alt=\"escudos-historia\" width=\"147\" height=\"220\" \/><\/a>4\u00ba Clasificado con 0 Puntos (0g+0e+5p).-37-02 Tantos Favor-Contra.<\/p>\n<p style=\"text-align: center\">Real Balomp\u00e9dica Linense-2 Tantos<\/p>\n<p>0-1: Antonio a centro templado De la Hoz, 5 minutos.<\/p>\n<p>3-2, vistos\u00edsimo, escapada veloz De la Hoz, centrando r\u00e1pido y largo, remat\u00e1ndolo Almagro, poco antes de terminar el primer tiempo).<\/p>\n<p style=\"text-align: center\">Armando; Focci, Amado; Ram\u00f3n. Pascual, Vidal; Almagro. Vallejo, Antonio, An\u00e9s y De la Hoz.<\/p>\n<p><a href=\"https:\/\/www.manquepierda.com\/historiarealbetis\/9145-1929-noviembre-10-cpto-andalucia\/aficion-betica-en-el-patronato-1929-nmp-la-union-25-2-1929-4\/\" rel=\"attachment wp-att-44543\"><img data-recalc-dims=\"1\" loading=\"lazy\" decoding=\"async\" class=\"aligncenter size-full wp-image-44543\" src=\"https:\/\/i0.wp.com\/www.manquepierda.com\/historiarealbetis\/files\/2011\/02\/Afici%C3%B3n-b%C3%A9tica-en-el-Patronato-1929-NMP-La-Uni%C3%B3n-25-2-1929.jpg?resize=604%2C412&#038;ssl=1\" alt=\"Afici\u00f3n-b\u00e9tica-en-el-Patronato-1929-NMP-La-Uni\u00f3n-25-2-1929\" width=\"604\" height=\"412\" srcset=\"https:\/\/i0.wp.com\/www.manquepierda.com\/historiarealbetis\/files\/2011\/02\/Afici%C3%B3n-b%C3%A9tica-en-el-Patronato-1929-NMP-La-Uni%C3%B3n-25-2-1929.jpg?w=604&amp;ssl=1 604w, https:\/\/i0.wp.com\/www.manquepierda.com\/historiarealbetis\/files\/2011\/02\/Afici%C3%B3n-b%C3%A9tica-en-el-Patronato-1929-NMP-La-Uni%C3%B3n-25-2-1929.jpg?resize=220%2C150&amp;ssl=1 220w\" sizes=\"auto, (max-width: 604px) 100vw, 604px\" \/><\/a>Campo de Deportes Real Patronato Obrero-Casas Baratas-El Porvenir.-Arbitr\u00f3 el colegiado madrile\u00f1o Ezequiel Montero Rom\u00e1n, desdichada actuaci\u00f3n.<\/p>\n<p style=\"text-align: left\"><strong>*1929-NOVIEMBRE 12-Martes.-XV Edici\u00f3n-Campeonato Regional Andaluc\u00eda-Sexta Jornada.<\/strong><\/p>\n<p style=\"text-align: left\"><strong>Repiti\u00f3 el colegiado madrile\u00f1o Ezequiel Montero Rom\u00e1n: <em>\u00abSe equivoc\u00f3 menos veces que en d\u00eda anterior\u00bb.<\/em><br \/>\n<\/strong><\/p>\n<p style=\"text-align: left\"><strong><em>\u00abAviso de Inter\u00e9s.-Se pone en conocimiento de todos los Socios del Real Betis Balompi\u00e9 que para el partido de hoy,\u00a0 12,\u00a0 tendr\u00e1n que abonar s\u00f3lo la mitad del importe de la localidad a la presentaci\u00f3n del recibo de socio correspondiente al mes actual\u00bb.<\/em><\/strong><\/p>\n<p style=\"text-align: center\"><strong>REAL BETIS BALOMPI\u00c9-8 Goles.<\/strong><\/p>\n<p style=\"text-align: center\"><em><strong>2\u00ba Clasificado con 8 Puntos (3-Ganados+2-Empatados+0-Perdido).-20-Goles a Favor y 08-Tanos en Contra.<\/strong><\/em><\/p>\n<p style=\"text-align: center\"><strong>Juan Rafael PEDROSA Cano (Imbatido).<\/strong><\/p>\n<p style=\"text-align: center\"><strong>Lorenzo Fernando TONDO Gil-Jes\u00fas Alberto Ruiz Medrano (a) \u00abJesus\u00edn\u00bb.<\/strong><\/p>\n<p style=\"text-align: center\"><strong>Pedro REGUEIRO Pagola-Jos\u00e9 EST\u00c9VEZ Al\u00e9-Adolfo Sancho Carrillo De Albornoz (a) \u00abADOLFITO-ADOLFO I\u00bb.<\/strong><\/p>\n<p style=\"text-align: center\"><strong>Joaqu\u00edn SOL\u00c9 (6-0.-2\u00ba Tiempo).<br \/>\n<\/strong><\/p>\n<p style=\"text-align: center\"><strong>Andr\u00e9s ARANDA Guti\u00e9rrez (3-0.-1erTpo+8-0.-2\u00baTpo).<br \/>\n<\/strong><\/p>\n<p style=\"text-align: center\"><strong>-Manuel SU\u00c1REZ De Bego\u00f1a (Primer Tiempo: 1-0+2-0).<br \/>\n<\/strong><\/p>\n<p style=\"text-align: center\"><strong>-Manuel Nogueras Carretero (a) \u00abMANOL\u00cdN\u00bb (4-0+5-0.-1erTpo+7-0.-2\u00baTpo).<br \/>\n<\/strong><\/p>\n<p style=\"text-align: center\"><strong>-Antonio Romero Rodr\u00edguez (a) \u00abROMERITO\u00bb.<\/strong><\/p>\n<p style=\"text-align: center\">Vs.<\/p>\n<p style=\"text-align: center\">REAL BALOMP\u00c9DICA LINENSE-0 Tantos.<\/p>\n<p style=\"text-align: center\">ARMANDO.-CUESTA-PASCUAL.-RAM\u00d3N-MONIS-CHAC\u00d3N.-ALMAGRO-VALLEJO-\u00abCHICH\u00cd\u00bb-AN\u00c9S-DE LA HOZ.<\/p>\n<p style=\"text-align: center\">Cuarto clasificado con 0 Puntos (0g+0e+6p).-45-02 Tantos Favor-Contra.<\/p>\n<p>&nbsp;<\/p>\n","protected":false},"excerpt":{"rendered":"<p>*1929-NOVIEMBRE 10-DOMINGO.-XV EDICI\u00d3N-CAMPEONATO REGIONAL ANDALUC\u00cdA.-QUINTA JORNADA. Presidente: Don Daniel MEZQUITA Moreno. Entrenador: Juan Armet De Castelv\u00ed (a) \u00abKink\u00e9\u00bb. 2\u00ba Clasificado con 6 Puntos (2-Ganados+2-Empatados+0-Perdidos).-12-Goles a Favor y 08-Tantos en Contra. REAL BETIS BALOMPI\u00c9-7 Goles. 1-1.-ROMERO centra formidablemente, recogiendo el bal\u00f3n ARANDA, que se lo manda al portero, qui\u00e9n rechaza d\u00e9bilmente, metiendo el pie con gran&#8230;<\/p>\n","protected":false},"author":48,"featured_media":0,"comment_status":"open","ping_status":"open","sticky":false,"template":"","format":"standard","meta":{"_kad_post_transparent":"","_kad_post_title":"","_kad_post_layout":"","_kad_post_sidebar_id":"","_kad_post_content_style":"","_kad_post_vertical_padding":"","_kad_post_feature":"","_kad_post_feature_position":"","_kad_post_header":false,"_kad_post_footer":false,"_kad_post_classname":"","_jetpack_memberships_contains_paid_content":false,"footnotes":"","jetpack_publicize_message":"","jetpack_publicize_feature_enabled":true,"jetpack_social_post_already_shared":false,"jetpack_social_options":{"image_generator_settings":{"template":"highway","default_image_id":0,"font":"","enabled":false},"version":2}},"categories":[898,1],"tags":[1576,2665,17846,15101],"class_list":["post-9145","post","type-post","status-publish","format-standard","hentry","category-1920-1929","category-portada","tag-1576","tag-1929-30","tag-campeonato-de-andalucia-1929-30","tag-real-balompedica-linense"],"jetpack_publicize_connections":[],"jetpack_featured_media_url":"","jetpack_sharing_enabled":true,"jetpack_shortlink":"https:\/\/wp.me\/p1ij08-2nv","jetpack-related-posts":[],"_links":{"self":[{"href":"https:\/\/www.manquepierda.com\/historiarealbetis\/wp-json\/wp\/v2\/posts\/9145","targetHints":{"allow":["GET"]}}],"collection":[{"href":"https:\/\/www.manquepierda.com\/historiarealbetis\/wp-json\/wp\/v2\/posts"}],"about":[{"href":"https:\/\/www.manquepierda.com\/historiarealbetis\/wp-json\/wp\/v2\/types\/post"}],"author":[{"embeddable":true,"href":"https:\/\/www.manquepierda.com\/historiarealbetis\/wp-json\/wp\/v2\/users\/48"}],"replies":[{"embeddable":true,"href":"https:\/\/www.manquepierda.com\/historiarealbetis\/wp-json\/wp\/v2\/comments?post=9145"}],"version-history":[{"count":1,"href":"https:\/\/www.manquepierda.com\/historiarealbetis\/wp-json\/wp\/v2\/posts\/9145\/revisions"}],"predecessor-version":[{"id":96346,"href":"https:\/\/www.manquepierda.com\/historiarealbetis\/wp-json\/wp\/v2\/posts\/9145\/revisions\/96346"}],"wp:attachment":[{"href":"https:\/\/www.manquepierda.com\/historiarealbetis\/wp-json\/wp\/v2\/media?parent=9145"}],"wp:term":[{"taxonomy":"category","embeddable":true,"href":"https:\/\/www.manquepierda.com\/historiarealbetis\/wp-json\/wp\/v2\/categories?post=9145"},{"taxonomy":"post_tag","embeddable":true,"href":"https:\/\/www.manquepierda.com\/historiarealbetis\/wp-json\/wp\/v2\/tags?post=9145"}],"curies":[{"name":"wp","href":"https:\/\/api.w.org\/{rel}","templated":true}]}}