{"id":91468,"date":"2023-11-05T12:00:00","date_gmt":"2023-11-05T11:00:00","guid":{"rendered":"https:\/\/www.manquepierda.com\/historiarealbetis\/?p=91468"},"modified":"2024-08-09T13:03:17","modified_gmt":"2024-08-09T11:03:17","slug":"hoy-hace-45-anos-betis-2-malaga-1","status":"publish","type":"post","link":"https:\/\/www.manquepierda.com\/historiarealbetis\/hoy-hace-45-anos-betis-2-malaga-1\/","title":{"rendered":"Hoy hace 45 a\u00f1os. Betis 2 M\u00e1laga 1."},"content":{"rendered":"<div class=\"wp-block-image\">\n<figure class=\"aligncenter size-full\"><img data-recalc-dims=\"1\" loading=\"lazy\" decoding=\"async\" width=\"547\" height=\"382\" src=\"https:\/\/i0.wp.com\/www.manquepierda.com\/historiarealbetis\/files\/2023\/10\/5-1978-Betis-2-Malaga-1-.jpg?resize=547%2C382&#038;ssl=1\" alt=\"\" class=\"wp-image-91469\" srcset=\"https:\/\/i0.wp.com\/www.manquepierda.com\/historiarealbetis\/files\/2023\/10\/5-1978-Betis-2-Malaga-1-.jpg?w=547&amp;ssl=1 547w, https:\/\/i0.wp.com\/www.manquepierda.com\/historiarealbetis\/files\/2023\/10\/5-1978-Betis-2-Malaga-1-.jpg?resize=220%2C154&amp;ssl=1 220w\" sizes=\"auto, (max-width: 547px) 100vw, 547px\" \/><\/figure>\n<\/div>\n\n<p><\/p>\n<p><span style=\"color: #008000\">El 5 de noviembre de 1978 en el Villamar\u00edn el Betis derrota 2-1 al M\u00e1laga en partido de la jornada 9 del Campeonato de Liga de Segunda Divisi\u00f3n.<\/span><\/p>\n<p><span style=\"color: #008000\">Abri\u00f3 el marcador Juan Carlos para el M\u00e1laga en el minuto 55 en un contragolpe a pase de Carri\u00f3n. Empat\u00f3 en el 65 Garc\u00eda Soriano Tras un centro de Del Pozo, y remont\u00f3 el Betis en el 84 tras una jugada entre Ortega y Del Poz\u00f3 que remach\u00f3 Hugo Cabezas.<\/span><\/p>\n<p><span style=\"color: #008000\">El Betis, dirigido por Jos\u00e9 Luis Garc\u00eda Traid, aline\u00f3 a Esnaola; Killer, Biosca, Sabat\u00e9, Cobo; Ortega, Alabanda, Ben\u00edtez (82, L\u00f3pez); Del Pozo, Megido y Garc\u00eda Soriano (65, Hugo Cabezas).<\/span><\/p>\n<p><span style=\"color: #008000\">El M\u00e1laga, dirigido por Sebasti\u00e1n Viberti, form\u00f3 con Corral; Ar\u00e1ez, Mu\u00f1oz, Aido, Nacho; Mac\u00edas, Cantarutti (75, Pop\u00f3), Migueli (87, Manolito); Juan Carlos, Orozco y Carri\u00f3n. &nbsp;&nbsp;<\/span><\/p>","protected":false},"excerpt":{"rendered":"<p>El 5 de noviembre de 1978 en el Villamar\u00edn el Betis derrota 2-1 al M\u00e1laga en partido de la jornada 9 del Campeonato de Liga de Segunda Divisi\u00f3n. Abri\u00f3 el marcador Juan Carlos para el M\u00e1laga en el minuto 55 en un contragolpe a pase de Carri\u00f3n. Empat\u00f3 en el 65 Garc\u00eda Soriano Tras un&#8230;<\/p>\n","protected":false},"author":5,"featured_media":91469,"comment_status":"open","ping_status":"open","sticky":false,"template":"","format":"standard","meta":{"_kad_post_transparent":"","_kad_post_title":"","_kad_post_layout":"","_kad_post_sidebar_id":"","_kad_post_content_style":"","_kad_post_vertical_padding":"","_kad_post_feature":"","_kad_post_feature_position":"","_kad_post_header":false,"_kad_post_footer":false,"_kad_post_classname":"","_jetpack_memberships_contains_paid_content":false,"footnotes":"","jetpack_publicize_message":"","jetpack_publicize_feature_enabled":true,"jetpack_social_post_already_shared":true,"jetpack_social_options":{"image_generator_settings":{"template":"highway","default_image_id":0,"font":"","enabled":false},"version":2}},"categories":[903,14583,1],"tags":[59,1497,17798],"class_list":["post-91468","post","type-post","status-publish","format-standard","has-post-thumbnail","hentry","category-1970-1979","category-efemerides","category-portada","tag-59","tag-cd-malaga","tag-liga-segunda-1978-79"],"jetpack_publicize_connections":[],"jetpack_featured_media_url":"https:\/\/i0.wp.com\/www.manquepierda.com\/historiarealbetis\/files\/2023\/10\/5-1978-Betis-2-Malaga-1-.jpg?fit=547%2C382&ssl=1","jetpack_sharing_enabled":true,"jetpack_shortlink":"https:\/\/wp.me\/p1ij08-nNi","jetpack-related-posts":[],"_links":{"self":[{"href":"https:\/\/www.manquepierda.com\/historiarealbetis\/wp-json\/wp\/v2\/posts\/91468","targetHints":{"allow":["GET"]}}],"collection":[{"href":"https:\/\/www.manquepierda.com\/historiarealbetis\/wp-json\/wp\/v2\/posts"}],"about":[{"href":"https:\/\/www.manquepierda.com\/historiarealbetis\/wp-json\/wp\/v2\/types\/post"}],"author":[{"embeddable":true,"href":"https:\/\/www.manquepierda.com\/historiarealbetis\/wp-json\/wp\/v2\/users\/5"}],"replies":[{"embeddable":true,"href":"https:\/\/www.manquepierda.com\/historiarealbetis\/wp-json\/wp\/v2\/comments?post=91468"}],"version-history":[{"count":2,"href":"https:\/\/www.manquepierda.com\/historiarealbetis\/wp-json\/wp\/v2\/posts\/91468\/revisions"}],"predecessor-version":[{"id":91471,"href":"https:\/\/www.manquepierda.com\/historiarealbetis\/wp-json\/wp\/v2\/posts\/91468\/revisions\/91471"}],"wp:featuredmedia":[{"embeddable":true,"href":"https:\/\/www.manquepierda.com\/historiarealbetis\/wp-json\/wp\/v2\/media\/91469"}],"wp:attachment":[{"href":"https:\/\/www.manquepierda.com\/historiarealbetis\/wp-json\/wp\/v2\/media?parent=91468"}],"wp:term":[{"taxonomy":"category","embeddable":true,"href":"https:\/\/www.manquepierda.com\/historiarealbetis\/wp-json\/wp\/v2\/categories?post=91468"},{"taxonomy":"post_tag","embeddable":true,"href":"https:\/\/www.manquepierda.com\/historiarealbetis\/wp-json\/wp\/v2\/tags?post=91468"}],"curies":[{"name":"wp","href":"https:\/\/api.w.org\/{rel}","templated":true}]}}