{"id":91501,"date":"2023-11-06T12:00:00","date_gmt":"2023-11-06T11:00:00","guid":{"rendered":"https:\/\/www.manquepierda.com\/historiarealbetis\/?p=91501"},"modified":"2024-08-09T14:04:28","modified_gmt":"2024-08-09T12:04:28","slug":"hoy-hace-35-anos-betis-0-logrones-0","status":"publish","type":"post","link":"https:\/\/www.manquepierda.com\/historiarealbetis\/hoy-hace-35-anos-betis-0-logrones-0\/","title":{"rendered":"Hoy hace 35 a\u00f1os. Betis 0 Logro\u00f1\u00e9s 0."},"content":{"rendered":"<div class=\"wp-block-image\">\n<figure class=\"aligncenter size-full\"><img data-recalc-dims=\"1\" loading=\"lazy\" decoding=\"async\" width=\"614\" height=\"412\" src=\"https:\/\/i0.wp.com\/www.manquepierda.com\/historiarealbetis\/files\/2023\/10\/6-1988-Betis-0-Logrones-0.jpg?resize=614%2C412&#038;ssl=1\" alt=\"\" class=\"wp-image-91502\" srcset=\"https:\/\/i0.wp.com\/www.manquepierda.com\/historiarealbetis\/files\/2023\/10\/6-1988-Betis-0-Logrones-0.jpg?w=614&amp;ssl=1 614w, https:\/\/i0.wp.com\/www.manquepierda.com\/historiarealbetis\/files\/2023\/10\/6-1988-Betis-0-Logrones-0.jpg?resize=220%2C148&amp;ssl=1 220w\" sizes=\"auto, (max-width: 614px) 100vw, 614px\" \/><\/figure>\n<\/div>\n\n<p><\/p>\n<p><span style=\"color: #008000\">El 6 de noviembre de 1988 en el Villamar\u00edn Betis y Logro\u00f1\u00e9s empatan a 0 en partido de la jornada 10 del Campeonato de Liga de Primera Divisi\u00f3n.<\/span><\/p>\n<p><span style=\"color: #008000\">El Betis, dirigido por Eusebio R\u00edos, aline\u00f3 a Pumpido; Calleja, Gail, Rub\u00e9n Bilbao, S\u00e1nchez Vall\u00e9s; Chano (75, Miguel \u00c1ngel I), Recha, Calder\u00e9, L\u00f3pez Ufarte (46, Zafra); Rinc\u00f3n y Puma Rodr\u00edguez.<\/span><\/p>\n<p><span style=\"color: #008000\">El Logro\u00f1\u00e9s, entrenado por Javier Irureta, jug\u00f3 con Huguet; Comas, Herrero, Ruggeri, L\u00f3pez P\u00e9rez; Abad\u00eda, Mart\u00ed, \u00c1ngel (77, Gelucho), Garc\u00eda Barrero; Alzamendi y Cruz (72, Jorge). &nbsp;<\/span><\/p>","protected":false},"excerpt":{"rendered":"<p>El 6 de noviembre de 1988 en el Villamar\u00edn Betis y Logro\u00f1\u00e9s empatan a 0 en partido de la jornada 10 del Campeonato de Liga de Primera Divisi\u00f3n. El Betis, dirigido por Eusebio R\u00edos, aline\u00f3 a Pumpido; Calleja, Gail, Rub\u00e9n Bilbao, S\u00e1nchez Vall\u00e9s; Chano (75, Miguel \u00c1ngel I), Recha, Calder\u00e9, L\u00f3pez Ufarte (46, Zafra); Rinc\u00f3n&#8230;<\/p>\n","protected":false},"author":5,"featured_media":91502,"comment_status":"open","ping_status":"open","sticky":false,"template":"","format":"standard","meta":{"_kad_post_transparent":"","_kad_post_title":"","_kad_post_layout":"","_kad_post_sidebar_id":"","_kad_post_content_style":"","_kad_post_vertical_padding":"","_kad_post_feature":"","_kad_post_feature_position":"","_kad_post_header":false,"_kad_post_footer":false,"_kad_post_classname":"","_jetpack_memberships_contains_paid_content":false,"footnotes":"","jetpack_publicize_message":"","jetpack_publicize_feature_enabled":true,"jetpack_social_post_already_shared":true,"jetpack_social_options":{"image_generator_settings":{"template":"highway","default_image_id":0,"font":"","enabled":false},"version":2}},"categories":[904,14583,1],"tags":[6399,3292,17806],"class_list":["post-91501","post","type-post","status-publish","format-standard","has-post-thumbnail","hentry","category-1980-1989","category-efemerides","category-portada","tag-6399","tag-cd-logrones","tag-liga-primera-1988-89"],"jetpack_publicize_connections":[],"jetpack_featured_media_url":"https:\/\/i0.wp.com\/www.manquepierda.com\/historiarealbetis\/files\/2023\/10\/6-1988-Betis-0-Logrones-0.jpg?fit=614%2C412&ssl=1","jetpack_sharing_enabled":true,"jetpack_shortlink":"https:\/\/wp.me\/p1ij08-nNP","jetpack-related-posts":[],"_links":{"self":[{"href":"https:\/\/www.manquepierda.com\/historiarealbetis\/wp-json\/wp\/v2\/posts\/91501","targetHints":{"allow":["GET"]}}],"collection":[{"href":"https:\/\/www.manquepierda.com\/historiarealbetis\/wp-json\/wp\/v2\/posts"}],"about":[{"href":"https:\/\/www.manquepierda.com\/historiarealbetis\/wp-json\/wp\/v2\/types\/post"}],"author":[{"embeddable":true,"href":"https:\/\/www.manquepierda.com\/historiarealbetis\/wp-json\/wp\/v2\/users\/5"}],"replies":[{"embeddable":true,"href":"https:\/\/www.manquepierda.com\/historiarealbetis\/wp-json\/wp\/v2\/comments?post=91501"}],"version-history":[{"count":2,"href":"https:\/\/www.manquepierda.com\/historiarealbetis\/wp-json\/wp\/v2\/posts\/91501\/revisions"}],"predecessor-version":[{"id":91504,"href":"https:\/\/www.manquepierda.com\/historiarealbetis\/wp-json\/wp\/v2\/posts\/91501\/revisions\/91504"}],"wp:featuredmedia":[{"embeddable":true,"href":"https:\/\/www.manquepierda.com\/historiarealbetis\/wp-json\/wp\/v2\/media\/91502"}],"wp:attachment":[{"href":"https:\/\/www.manquepierda.com\/historiarealbetis\/wp-json\/wp\/v2\/media?parent=91501"}],"wp:term":[{"taxonomy":"category","embeddable":true,"href":"https:\/\/www.manquepierda.com\/historiarealbetis\/wp-json\/wp\/v2\/categories?post=91501"},{"taxonomy":"post_tag","embeddable":true,"href":"https:\/\/www.manquepierda.com\/historiarealbetis\/wp-json\/wp\/v2\/tags?post=91501"}],"curies":[{"name":"wp","href":"https:\/\/api.w.org\/{rel}","templated":true}]}}