{"id":91522,"date":"2023-11-11T12:00:00","date_gmt":"2023-11-11T11:00:00","guid":{"rendered":"https:\/\/www.manquepierda.com\/historiarealbetis\/?p=91522"},"modified":"2026-01-28T20:40:50","modified_gmt":"2026-01-28T19:40:50","slug":"hoy-hace-45-anos-fundacion-de-la-pena-betica-jose-maria-de-la-concha","status":"publish","type":"post","link":"https:\/\/www.manquepierda.com\/historiarealbetis\/hoy-hace-45-anos-fundacion-de-la-pena-betica-jose-maria-de-la-concha\/","title":{"rendered":"Hoy hace 45 a\u00f1os. Fundaci\u00f3n de la Pe\u00f1a B\u00e9tica Jos\u00e9 Mar\u00eda De la Concha."},"content":{"rendered":"<div class=\"wp-block-image\">\n<figure class=\"aligncenter size-full\"><img data-recalc-dims=\"1\" loading=\"lazy\" decoding=\"async\" width=\"412\" height=\"648\" src=\"https:\/\/i0.wp.com\/www.manquepierda.com\/historiarealbetis\/files\/2023\/10\/11-1978-Fundacion-PB-Jose-Maria-de-la-Concha.jpg?resize=412%2C648&#038;ssl=1\" alt=\"\" class=\"wp-image-91523\" srcset=\"https:\/\/i0.wp.com\/www.manquepierda.com\/historiarealbetis\/files\/2023\/10\/11-1978-Fundacion-PB-Jose-Maria-de-la-Concha.jpg?w=412&amp;ssl=1 412w, https:\/\/i0.wp.com\/www.manquepierda.com\/historiarealbetis\/files\/2023\/10\/11-1978-Fundacion-PB-Jose-Maria-de-la-Concha.jpg?resize=381%2C600&amp;ssl=1 381w, https:\/\/i0.wp.com\/www.manquepierda.com\/historiarealbetis\/files\/2023\/10\/11-1978-Fundacion-PB-Jose-Maria-de-la-Concha.jpg?resize=140%2C220&amp;ssl=1 140w\" sizes=\"auto, (max-width: 412px) 100vw, 412px\" \/><\/figure>\n<\/div>\n\n<p><\/p>\n<p><span style=\"color: #008000\">El 11 de noviembre de 1978 en La Puebla de Cazalla se funda la Pe\u00f1a Cultural B\u00e9tica Jos\u00e9 Mar\u00eda de la Concha, en honor de este insigne b\u00e9tico, natural de la localidad morisca.<\/span><\/p>\n<p><span style=\"color: #008000\">En la actualidad ocupa el lugar 46 en el listado de la Federaci\u00f3n de Pe\u00f1as B\u00e9ticas.<\/span><\/p>","protected":false},"excerpt":{"rendered":"<p>El 11 de noviembre de 1978 en La Puebla de Cazalla se funda la Pe\u00f1a Cultural B\u00e9tica Jos\u00e9 Mar\u00eda de la Concha, en honor de este insigne b\u00e9tico, natural de la localidad morisca. En la actualidad ocupa el lugar 46 en el listado de la Federaci\u00f3n de Pe\u00f1as B\u00e9ticas.<\/p>\n","protected":false},"author":5,"featured_media":91523,"comment_status":"open","ping_status":"open","sticky":false,"template":"","format":"standard","meta":{"_kad_post_transparent":"","_kad_post_title":"","_kad_post_layout":"","_kad_post_sidebar_id":"","_kad_post_content_style":"","_kad_post_vertical_padding":"","_kad_post_feature":"","_kad_post_feature_position":"","_kad_post_header":false,"_kad_post_footer":false,"_kad_post_classname":"","_jetpack_memberships_contains_paid_content":false,"footnotes":"","jetpack_publicize_message":"","jetpack_publicize_feature_enabled":true,"jetpack_social_post_already_shared":true,"jetpack_social_options":{"image_generator_settings":{"template":"highway","default_image_id":0,"font":"","enabled":false},"version":2}},"categories":[903,14583,894,1],"tags":[59,17638],"class_list":["post-91522","post","type-post","status-publish","format-standard","has-post-thumbnail","hentry","category-1970-1979","category-efemerides","category-la-aficion","category-portada","tag-59","tag-pena-betica-jose-maria-de-la-concha"],"jetpack_publicize_connections":[],"jetpack_featured_media_url":"https:\/\/i0.wp.com\/www.manquepierda.com\/historiarealbetis\/files\/2023\/10\/11-1978-Fundacion-PB-Jose-Maria-de-la-Concha.jpg?fit=412%2C648&ssl=1","jetpack_sharing_enabled":true,"jetpack_shortlink":"https:\/\/wp.me\/p1ij08-nOa","jetpack-related-posts":[],"_links":{"self":[{"href":"https:\/\/www.manquepierda.com\/historiarealbetis\/wp-json\/wp\/v2\/posts\/91522","targetHints":{"allow":["GET"]}}],"collection":[{"href":"https:\/\/www.manquepierda.com\/historiarealbetis\/wp-json\/wp\/v2\/posts"}],"about":[{"href":"https:\/\/www.manquepierda.com\/historiarealbetis\/wp-json\/wp\/v2\/types\/post"}],"author":[{"embeddable":true,"href":"https:\/\/www.manquepierda.com\/historiarealbetis\/wp-json\/wp\/v2\/users\/5"}],"replies":[{"embeddable":true,"href":"https:\/\/www.manquepierda.com\/historiarealbetis\/wp-json\/wp\/v2\/comments?post=91522"}],"version-history":[{"count":2,"href":"https:\/\/www.manquepierda.com\/historiarealbetis\/wp-json\/wp\/v2\/posts\/91522\/revisions"}],"predecessor-version":[{"id":91525,"href":"https:\/\/www.manquepierda.com\/historiarealbetis\/wp-json\/wp\/v2\/posts\/91522\/revisions\/91525"}],"wp:featuredmedia":[{"embeddable":true,"href":"https:\/\/www.manquepierda.com\/historiarealbetis\/wp-json\/wp\/v2\/media\/91523"}],"wp:attachment":[{"href":"https:\/\/www.manquepierda.com\/historiarealbetis\/wp-json\/wp\/v2\/media?parent=91522"}],"wp:term":[{"taxonomy":"category","embeddable":true,"href":"https:\/\/www.manquepierda.com\/historiarealbetis\/wp-json\/wp\/v2\/categories?post=91522"},{"taxonomy":"post_tag","embeddable":true,"href":"https:\/\/www.manquepierda.com\/historiarealbetis\/wp-json\/wp\/v2\/tags?post=91522"}],"curies":[{"name":"wp","href":"https:\/\/api.w.org\/{rel}","templated":true}]}}