{"id":91546,"date":"2023-11-14T10:18:00","date_gmt":"2023-11-14T09:18:00","guid":{"rendered":"https:\/\/www.manquepierda.com\/historiarealbetis\/?p=91546"},"modified":"2024-08-09T18:56:01","modified_gmt":"2024-08-09T16:56:01","slug":"betis-b-almeria-liga-1995","status":"publish","type":"post","link":"https:\/\/www.manquepierda.com\/historiarealbetis\/betis-b-almeria-liga-1995\/","title":{"rendered":"Betis B-Almer\u00eda Liga 1995"},"content":{"rendered":"<div class=\"wp-block-image\">\n<figure class=\"aligncenter size-large\"><img data-recalc-dims=\"1\" loading=\"lazy\" decoding=\"async\" width=\"960\" height=\"674\" src=\"https:\/\/i0.wp.com\/www.manquepierda.com\/historiarealbetis\/files\/2023\/11\/Betis-B-Almeria-Liga-1995.jpg?resize=960%2C674&#038;ssl=1\" alt=\"\" class=\"wp-image-91547\" srcset=\"https:\/\/i0.wp.com\/www.manquepierda.com\/historiarealbetis\/files\/2023\/11\/Betis-B-Almeria-Liga-1995-scaled.jpg?resize=960%2C674&amp;ssl=1 960w, https:\/\/i0.wp.com\/www.manquepierda.com\/historiarealbetis\/files\/2023\/11\/Betis-B-Almeria-Liga-1995-scaled.jpg?resize=680%2C477&amp;ssl=1 680w, https:\/\/i0.wp.com\/www.manquepierda.com\/historiarealbetis\/files\/2023\/11\/Betis-B-Almeria-Liga-1995-scaled.jpg?resize=220%2C154&amp;ssl=1 220w, https:\/\/i0.wp.com\/www.manquepierda.com\/historiarealbetis\/files\/2023\/11\/Betis-B-Almeria-Liga-1995-scaled.jpg?resize=768%2C539&amp;ssl=1 768w\" sizes=\"auto, (max-width: 960px) 100vw, 960px\" \/><\/figure>\n<\/div>\n\n<p><\/p>\n<p>29 de enero de 1995 en el campo de Las Marismas en Los Palacios Betis B 0 Almer\u00eda 2; jornada 21 del Campeonato de Liga de Segunda B grupo IV.<\/p>\n<p>En la imagen el ex b\u00e9tico Recha controla un bal\u00f3n ante el jugador del filial Cipri.<\/p>\n<p>C\u00f3moda victoria del equipo almeriense con tantos de Jero y Davis en los minutos 23 y 43.<\/p>\n<p>Jos\u00e9 Ram\u00f3n Esnaola entrenaba al Betis B y Jos\u00e9 Enrique D\u00edaz al Almer\u00eda.&nbsp;<\/p>","protected":false},"excerpt":{"rendered":"<p>29 de enero de 1995 en el campo de Las Marismas en Los Palacios Betis B 0 Almer\u00eda 2; jornada 21 del Campeonato de Liga de Segunda B grupo IV. En la imagen el ex b\u00e9tico Recha controla un bal\u00f3n ante el jugador del filial Cipri. C\u00f3moda victoria del equipo almeriense con tantos de Jero&#8230;<\/p>\n","protected":false},"author":5,"featured_media":91547,"comment_status":"open","ping_status":"open","sticky":false,"template":"","format":"standard","meta":{"_kad_post_transparent":"","_kad_post_title":"","_kad_post_layout":"","_kad_post_sidebar_id":"","_kad_post_content_style":"","_kad_post_vertical_padding":"","_kad_post_feature":"","_kad_post_feature_position":"","_kad_post_header":false,"_kad_post_footer":false,"_kad_post_classname":"","_jetpack_memberships_contains_paid_content":false,"footnotes":"","jetpack_publicize_message":"","jetpack_publicize_feature_enabled":true,"jetpack_social_post_already_shared":true,"jetpack_social_options":{"image_generator_settings":{"template":"highway","default_image_id":0,"font":"","enabled":false},"version":2}},"categories":[905,17191,1],"tags":[2460,2459,17299,1145,17908,17394,8557],"class_list":["post-91546","post","type-post","status-publish","format-standard","has-post-thumbnail","hentry","category-1990-1999","category-cantera","category-portada","tag-1994-95","tag-2459","tag-francisco-jose-dominguez-cipri","tag-jose-maria-alvarez-recha","tag-liga-segunda-b-1994-95","tag-real-betis-balompie-b","tag-ud-almeria"],"jetpack_publicize_connections":[],"jetpack_featured_media_url":"https:\/\/i0.wp.com\/www.manquepierda.com\/historiarealbetis\/files\/2023\/11\/Betis-B-Almeria-Liga-1995-scaled.jpg?fit=2560%2C1797&ssl=1","jetpack_sharing_enabled":true,"jetpack_shortlink":"https:\/\/wp.me\/p1ij08-nOy","jetpack-related-posts":[],"_links":{"self":[{"href":"https:\/\/www.manquepierda.com\/historiarealbetis\/wp-json\/wp\/v2\/posts\/91546","targetHints":{"allow":["GET"]}}],"collection":[{"href":"https:\/\/www.manquepierda.com\/historiarealbetis\/wp-json\/wp\/v2\/posts"}],"about":[{"href":"https:\/\/www.manquepierda.com\/historiarealbetis\/wp-json\/wp\/v2\/types\/post"}],"author":[{"embeddable":true,"href":"https:\/\/www.manquepierda.com\/historiarealbetis\/wp-json\/wp\/v2\/users\/5"}],"replies":[{"embeddable":true,"href":"https:\/\/www.manquepierda.com\/historiarealbetis\/wp-json\/wp\/v2\/comments?post=91546"}],"version-history":[{"count":2,"href":"https:\/\/www.manquepierda.com\/historiarealbetis\/wp-json\/wp\/v2\/posts\/91546\/revisions"}],"predecessor-version":[{"id":91550,"href":"https:\/\/www.manquepierda.com\/historiarealbetis\/wp-json\/wp\/v2\/posts\/91546\/revisions\/91550"}],"wp:featuredmedia":[{"embeddable":true,"href":"https:\/\/www.manquepierda.com\/historiarealbetis\/wp-json\/wp\/v2\/media\/91547"}],"wp:attachment":[{"href":"https:\/\/www.manquepierda.com\/historiarealbetis\/wp-json\/wp\/v2\/media?parent=91546"}],"wp:term":[{"taxonomy":"category","embeddable":true,"href":"https:\/\/www.manquepierda.com\/historiarealbetis\/wp-json\/wp\/v2\/categories?post=91546"},{"taxonomy":"post_tag","embeddable":true,"href":"https:\/\/www.manquepierda.com\/historiarealbetis\/wp-json\/wp\/v2\/tags?post=91546"}],"curies":[{"name":"wp","href":"https:\/\/api.w.org\/{rel}","templated":true}]}}