{"id":91565,"date":"2023-11-10T10:23:00","date_gmt":"2023-11-10T09:23:00","guid":{"rendered":"https:\/\/www.manquepierda.com\/historiarealbetis\/?p=91565"},"modified":"2024-08-30T19:58:25","modified_gmt":"2024-08-30T17:58:25","slug":"alineacion-sevilla-betis-liga-2006","status":"publish","type":"post","link":"https:\/\/www.manquepierda.com\/historiarealbetis\/alineacion-sevilla-betis-liga-2006\/","title":{"rendered":"Alineaci\u00f3n Sevilla-Betis Liga 2006."},"content":{"rendered":"<div class=\"wp-block-image\">\n<figure class=\"aligncenter size-large\"><img data-recalc-dims=\"1\" loading=\"lazy\" decoding=\"async\" width=\"960\" height=\"642\" src=\"https:\/\/i0.wp.com\/www.manquepierda.com\/historiarealbetis\/files\/2023\/11\/Alineacion-Sevilla-Betis-Liga-2006.jpg?resize=960%2C642&#038;ssl=1\" alt=\"\" class=\"wp-image-91566\" srcset=\"https:\/\/i0.wp.com\/www.manquepierda.com\/historiarealbetis\/files\/2023\/11\/Alineacion-Sevilla-Betis-Liga-2006.jpg?resize=960%2C642&amp;ssl=1 960w, https:\/\/i0.wp.com\/www.manquepierda.com\/historiarealbetis\/files\/2023\/11\/Alineacion-Sevilla-Betis-Liga-2006.jpg?resize=680%2C455&amp;ssl=1 680w, https:\/\/i0.wp.com\/www.manquepierda.com\/historiarealbetis\/files\/2023\/11\/Alineacion-Sevilla-Betis-Liga-2006.jpg?resize=220%2C147&amp;ssl=1 220w, https:\/\/i0.wp.com\/www.manquepierda.com\/historiarealbetis\/files\/2023\/11\/Alineacion-Sevilla-Betis-Liga-2006.jpg?resize=768%2C514&amp;ssl=1 768w, https:\/\/i0.wp.com\/www.manquepierda.com\/historiarealbetis\/files\/2023\/11\/Alineacion-Sevilla-Betis-Liga-2006.jpg?w=1024&amp;ssl=1 1024w\" sizes=\"auto, (max-width: 960px) 100vw, 960px\" \/><\/figure>\n<\/div>\n\n<p><\/p>\n<p>17 de septiembre de 2006 en el S\u00e1nchez Pizju\u00e1n Sevilla 3 Betis 2; jornada 3 del Campeonato de Liga de Primera Divisi\u00f3n.<\/p>\n<p>En la imagen arriba Juanito, Doblas, Nano, Melli y Romero; abajo Xisco, Edu, Vogel, Maldonado, Sobis y Rivera.<\/p>\n<p>Dos goles de Kanout\u00e9 y otro de Renato para los locales, mientras que&nbsp; Sobis hizo los dos tantos b\u00e9ticos, en un partido mediatizado por el clar\u00edsimo penalti que Palop hizo a Maldonado con empate a 2 y que Mejuto Gonz\u00e1lez no quiso pitar.&nbsp;<\/p>\n<p>Juande Ramos entrenaba al Sevilla y Javier Irureta al Betis.&nbsp;<\/p>","protected":false},"excerpt":{"rendered":"<p>17 de septiembre de 2006 en el S\u00e1nchez Pizju\u00e1n Sevilla 3 Betis 2; jornada 3 del Campeonato de Liga de Primera Divisi\u00f3n. En la imagen arriba Juanito, Doblas, Nano, Melli y Romero; abajo Xisco, Edu, Vogel, Maldonado, Sobis y Rivera. Dos goles de Kanout\u00e9 y otro de Renato para los locales, mientras que&nbsp; Sobis hizo&#8230;<\/p>\n","protected":false},"author":5,"featured_media":91566,"comment_status":"open","ping_status":"open","sticky":false,"template":"","format":"standard","meta":{"_kad_post_transparent":"","_kad_post_title":"","_kad_post_layout":"","_kad_post_sidebar_id":"","_kad_post_content_style":"","_kad_post_vertical_padding":"","_kad_post_feature":"","_kad_post_feature_position":"","_kad_post_header":false,"_kad_post_footer":false,"_kad_post_classname":"","_jetpack_memberships_contains_paid_content":false,"footnotes":"","jetpack_publicize_message":"","jetpack_publicize_feature_enabled":true,"jetpack_social_post_already_shared":true,"jetpack_social_options":{"image_generator_settings":{"template":"highway","default_image_id":0,"font":"","enabled":false},"version":2}},"categories":[4823,1],"tags":[6858,8675,3584,1075,3285,3585,1187,14771,1481,1367,17931,11701,916,1038,1371],"class_list":["post-91565","post","type-post","status-publish","format-standard","has-post-thumbnail","hentry","category-2000-2009","category-portada","tag-6858","tag-2006-07","tag-alberto-rivera","tag-eduardo-schmidt-edu","tag-enrique-romero","tag-francisco-javier-munoz-xisco","tag-francisco-jose-maldonado","tag-johan-vogel","tag-juan-alberto-andreu-melli","tag-juan-gutierrez-juanito","tag-liga-primera-2006-07","tag-rafael-sobis","tag-sevilla-fc","tag-toni-doblas","tag-victoriano-rivas-nano"],"jetpack_publicize_connections":[],"jetpack_featured_media_url":"https:\/\/i0.wp.com\/www.manquepierda.com\/historiarealbetis\/files\/2023\/11\/Alineacion-Sevilla-Betis-Liga-2006.jpg?fit=1024%2C685&ssl=1","jetpack_sharing_enabled":true,"jetpack_shortlink":"https:\/\/wp.me\/p1ij08-nOR","jetpack-related-posts":[],"_links":{"self":[{"href":"https:\/\/www.manquepierda.com\/historiarealbetis\/wp-json\/wp\/v2\/posts\/91565","targetHints":{"allow":["GET"]}}],"collection":[{"href":"https:\/\/www.manquepierda.com\/historiarealbetis\/wp-json\/wp\/v2\/posts"}],"about":[{"href":"https:\/\/www.manquepierda.com\/historiarealbetis\/wp-json\/wp\/v2\/types\/post"}],"author":[{"embeddable":true,"href":"https:\/\/www.manquepierda.com\/historiarealbetis\/wp-json\/wp\/v2\/users\/5"}],"replies":[{"embeddable":true,"href":"https:\/\/www.manquepierda.com\/historiarealbetis\/wp-json\/wp\/v2\/comments?post=91565"}],"version-history":[{"count":2,"href":"https:\/\/www.manquepierda.com\/historiarealbetis\/wp-json\/wp\/v2\/posts\/91565\/revisions"}],"predecessor-version":[{"id":91569,"href":"https:\/\/www.manquepierda.com\/historiarealbetis\/wp-json\/wp\/v2\/posts\/91565\/revisions\/91569"}],"wp:featuredmedia":[{"embeddable":true,"href":"https:\/\/www.manquepierda.com\/historiarealbetis\/wp-json\/wp\/v2\/media\/91566"}],"wp:attachment":[{"href":"https:\/\/www.manquepierda.com\/historiarealbetis\/wp-json\/wp\/v2\/media?parent=91565"}],"wp:term":[{"taxonomy":"category","embeddable":true,"href":"https:\/\/www.manquepierda.com\/historiarealbetis\/wp-json\/wp\/v2\/categories?post=91565"},{"taxonomy":"post_tag","embeddable":true,"href":"https:\/\/www.manquepierda.com\/historiarealbetis\/wp-json\/wp\/v2\/tags?post=91565"}],"curies":[{"name":"wp","href":"https:\/\/api.w.org\/{rel}","templated":true}]}}