{"id":91610,"date":"2023-11-13T10:16:00","date_gmt":"2023-11-13T09:16:00","guid":{"rendered":"https:\/\/www.manquepierda.com\/historiarealbetis\/?p=91610"},"modified":"2023-11-05T16:55:43","modified_gmt":"2023-11-05T15:55:43","slug":"entrevista-francisco-gonzalez-paquirri-1949","status":"publish","type":"post","link":"https:\/\/www.manquepierda.com\/historiarealbetis\/entrevista-francisco-gonzalez-paquirri-1949\/","title":{"rendered":"Entrevista Francisco Gonz\u00e1lez \u00abPaquirri\u00bb 1949."},"content":{"rendered":"<div class=\"wp-block-image\">\n<figure class=\"aligncenter size-large\"><img data-recalc-dims=\"1\" loading=\"lazy\" decoding=\"async\" width=\"422\" height=\"700\" src=\"https:\/\/i0.wp.com\/www.manquepierda.com\/historiarealbetis\/files\/2023\/11\/Paquirri.jpg?resize=422%2C700&#038;ssl=1\" alt=\"\" class=\"wp-image-91611\" srcset=\"https:\/\/i0.wp.com\/www.manquepierda.com\/historiarealbetis\/files\/2023\/11\/Paquirri.jpg?resize=422%2C700&amp;ssl=1 422w, https:\/\/i0.wp.com\/www.manquepierda.com\/historiarealbetis\/files\/2023\/11\/Paquirri.jpg?resize=361%2C600&amp;ssl=1 361w, https:\/\/i0.wp.com\/www.manquepierda.com\/historiarealbetis\/files\/2023\/11\/Paquirri.jpg?resize=132%2C220&amp;ssl=1 132w, https:\/\/i0.wp.com\/www.manquepierda.com\/historiarealbetis\/files\/2023\/11\/Paquirri.jpg?resize=768%2C1275&amp;ssl=1 768w, https:\/\/i0.wp.com\/www.manquepierda.com\/historiarealbetis\/files\/2023\/11\/Paquirri.jpg?w=860&amp;ssl=1 860w\" sizes=\"auto, (max-width: 422px) 100vw, 422px\" \/><\/figure>\n<\/div>\n\n<p><\/p>\n<p>Al finalizar la temporada 1948-49 Francisco Gonz\u00e1lez \u00abPaquirri\u00bb termin\u00f3 su vinculaci\u00f3n de 3 temporadas con el C\u00e1diz CF. A sus 34 a\u00f1os a\u00fan le quedaba f\u00fatbol, y la UD Espa\u00f1a de T\u00e1nger fue la opci\u00f3n elegida por el delantero sevillano para seguir en activo.<\/p>\n<p>Todo esto nos lo cuenta el corresponsal del semanario deportivo Trofeo en C\u00e1diz, Jos\u00e9 Rodr\u00edguez Garc\u00eda, en esta entrevista publicada en agosto de 1949. Una entrevista curiosa realizada en la misma playa gaditana, con el jugador en traje de ba\u00f1o y disfrutando de sus vacaciones. En ella Paquirri manifestaba su intenci\u00f3n de no proseguir su carrera futbol\u00edstica como entrenador, y de instalarse en Sevilla o C\u00e1diz cuando dejase el f\u00fatbol y montar un bar, cosa que luego cumpli\u00f3 en la sevillana calle Hombre de Piedra, en las cercan\u00edas de la Alameda de H\u00e9rcules.<\/p>\n<p>Finalmente el fichaje de Paquirri por el Espa\u00f1a de T\u00e1nger no se llev\u00f3 a la pr\u00e1ctica, y a finales de septiembre de 1949, como ya vimos<a href=\"https:\/\/www.manquepierda.com\/historiarealbetis\/hoy-hace-70-anos-fichaje-de-paquirri\/\"><strong> aqu\u00ed<\/strong><\/a>, Paquirri fich\u00f3 por el Betis, donde jugar\u00eda la temporada 1949-50, la pen\u00faltima de su carrera, y en la que en 13 partidos de Liga hizo 14 goles.&nbsp;<\/p>\n<p><\/p>\n<p><span style=\"color: #008000\"><em>Paquirri, gitano por los cuatro costados, naci\u00f3 en el populoso barrio de Triana, viniendo al mundo predestinado a triunfar. De haber sido torero, hubiera emulado las glorias de un Chicuelo o de Cagancho. De sentir afici\u00f3n por el folklore andaluz, su nombre se habr\u00eda equiparado a un Pepe Pinto o a un Manolo Caracol, pero le dio por el f\u00fatbol, y en este deporte ciment\u00f3 su fama, coloc\u00e1ndola al m\u00e1s alto nivel que nadie pudo so\u00f1ar.<\/em><\/span><\/p>\n<p><span style=\"color: #008000\"><em>\u201cDon Paco\u201d, como cari\u00f1osamente solemos llamarle sus amigos, ha sido el m\u00e1s digno emisario por todos los campos espa\u00f1oles de esa escuela de juego sevillana, alegre y vistosa, que supieron crear los Brand, Spencer, Kink\u00e9, etc\u00e9tera.<\/em><\/span><\/p>\n<p><span style=\"color: #008000\"><em>Paquirri hizo del f\u00fatbol un arte, y prodig\u00f3 las excelencias del mismo en cuantos equipos actu\u00f3. El que fuera por espacio de muchas temporadas \u00eddolo de la afici\u00f3n sevillana, mostrando sobre el terreno de Heli\u00f3polis de lo que es capaz cuando quiere, merced a su sabidur\u00eda, llev\u00f3 a los campos de Riazor y Mirandilla, en Coru\u00f1a y C\u00e1diz, la alegr\u00eda de su juego afiligranado y pinturero, saturando sus jugadas con esas genialidades tan propias de la raza \u201cca\u00f1\u00ed\u201d, y de las que en el f\u00fatbol Paquirri ha sido, es y ser\u00e1, el emperador.<\/em><\/span><\/p>\n<p><span style=\"color: #008000\"><em>El \u201cgitano se\u00f1orito\u201d, el \u201cfara\u00f3n del f\u00fatbol\u201d, abandona Andaluc\u00eda. El C\u00e1diz, equipo en el que ha actuado varias temporadas, le ha dejado en libertad, y \u00e9l que, aunque ya no es un chavea, todav\u00eda se siente con facultades para no defraudar a nadie, ha fichado por la UD Espa\u00f1a y, all\u00ed, en el terreno de El March\u00e1n, ser\u00e1 donde deleitar\u00e1 a los aficionados tangerinos en la temporada pr\u00f3xima. <\/em><\/span><\/p>\n<p><span style=\"color: #008000\"><em>Nosotros, sabedores que toda conversaci\u00f3n con Paquirri resulta grata a la afici\u00f3n, quisimos interviuvarle para obtener unas declaraciones suyas con destino a Trofeo. Fue en la playa, donde el gitano, con su traje de ba\u00f1o, convertido en un \u201clobo de mar\u201d, sobre un c\u00f3modo lecho de arena, contesta a nuestras preguntas:<\/em><\/span><\/p>\n<ul>\n<li><em><span style=\"color: #008000\">La mejor para practicar el deporte. Aunque muchos crean lo contrario, s\u00f3lo tengo treinta y cuatro<\/span> <span style=\"color: #008000\">abriles, y con esta edad me encuentro todav\u00eda con sobre de facultades para actuar con cualquier equipo sin miedo a hacer el rid\u00edculo<\/span><\/em><\/li>\n<li><span style=\"color: #008000\"><em>Y as\u00ed creo que est\u00e1s dispuesto a demostrarlo en el Espa\u00f1a de T\u00e1nger, \u00bfno es eso?<\/em><\/span><\/li>\n<li><span style=\"color: #008000\"><em>As\u00ed parece. Cuando qued\u00e9 en libertad, ten\u00eda varias ofertas en el bolsillo, y tras estudiarlas todas, me decid\u00ed por la que me hac\u00eda la UD Espa\u00f1a, equipo por el que, prescindiendo de las miras de tipo econ\u00f3mico, sent\u00eda m\u00e1s preferencias. Siempre me gust\u00f3 vivir en T\u00e1nger, por el ambiente cosmopolita que all\u00ed se respiraba, y ahora que lo he conseguido, creo que all\u00ed jugar\u00e9 m\u00e1s gusto que en ninguna otra parte<\/em><\/span><\/li>\n<li><span style=\"color: #008000\"><em>\u00bfY no sientes dejar Andaluc\u00eda?<\/em><\/span><\/li>\n<li><span style=\"color: #008000\"><em>Eso no se pregunta. Para m\u00ed dejar Andaluc\u00eda es como para un pez sacarlo del agua. Ahora que, a m\u00ed, que siempre tuve un esp\u00edritu aventurero, me gust\u00f3 cambiar de aires, y si donde voy no es terreno andaluz, para eso estoy yo all\u00ed, dispuesto a llevar, donde sea, un poco de la gracia es esta regi\u00f3n simpar y \u00fanica. En T\u00e1nger no ser\u00e1 as\u00ed, porque por algo la llaman la Andaluc\u00eda de Marruecos<\/em><\/span><\/li>\n<li><span style=\"color: #008000\"><em>\u00bfT\u00fa tambi\u00e9n ser\u00e1s entrenador cuando dejes el f\u00fatbol?<\/em><\/span><\/li>\n<li><span style=\"color: #008000\"><em>Ni hablar de eso, compadre. El d\u00eda que las piernas no me respondan para zumbarle al bal\u00f3n, se acab\u00f3 el f\u00fatbol para mi menda, como no sea para otra cosa que espectador. Yo no tengo calidad para servir de maestro. Para eso hay que ser m\u00e1s serio que un entierro de tercera, y yo, por el contrario, soy m\u00e1s alegre que un gato chico con un rat\u00f3n por delante. A m\u00ed que me dejan de complicaciones y, de a mi edad, tener que ir a la escuela\u2026de preparadores<\/em><\/span><\/li>\n<li><span style=\"color: #008000\"><em>\u00bfEntonces, a vivir de los ahorros cuando te retires?<\/em><\/span><\/li>\n<li><span style=\"color: #008000\"><em>No son tantos como para que me permita vivir de las rentas. Yo estoy percatado de que tendr\u00e9 que ganarme el pan con el sudor de mi frente, y como quiera que chanelo un poquit\u00edn de esas cosas, el d\u00eda que me jubile, pondr\u00e9 en Sevilla o en C\u00e1diz un establecimiento al que denominar\u00e9 Bar Paquirri, y que ser\u00e1 lo que me ayudar\u00e1 a vivir el resto de mi vida, que a juzgar por lo que me dijo una gitana paisana m\u00eda, durar\u00e1 cien a\u00f1os. Ahora, lo que hace falta es que sea verdad\u2026y que usted lo vea<\/em><\/span><\/li>\n<\/ul>\n<p><em><span style=\"color: #008000\">La marea va en creciente y como el mar va inundando sus dominios, con la rapidez que el caso requiere nos despedimos de Paquirri, al que dejamos en disposici\u00f3n de adentrarse en las pac\u00edficas aguas del oc\u00e9ano, en tanto nosotros nos dirigimos hacia la capital. &nbsp;&nbsp;&nbsp;&nbsp;&nbsp;&nbsp;&nbsp;<\/span>&nbsp;&nbsp;&nbsp;<\/em><\/p>\n<p><em>&nbsp;<\/em><\/p>\n<p><\/p>","protected":false},"excerpt":{"rendered":"<p>Al finalizar la temporada 1948-49 Francisco Gonz\u00e1lez \u00abPaquirri\u00bb termin\u00f3 su vinculaci\u00f3n de 3 temporadas con el C\u00e1diz CF. A sus 34 a\u00f1os a\u00fan le quedaba f\u00fatbol, y la UD Espa\u00f1a de T\u00e1nger fue la opci\u00f3n elegida por el delantero sevillano para seguir en activo. Todo esto nos lo cuenta el corresponsal del semanario deportivo Trofeo&#8230;<\/p>\n","protected":false},"author":5,"featured_media":91611,"comment_status":"open","ping_status":"open","sticky":false,"template":"","format":"standard","meta":{"_kad_post_transparent":"","_kad_post_title":"","_kad_post_layout":"","_kad_post_sidebar_id":"","_kad_post_content_style":"","_kad_post_vertical_padding":"","_kad_post_feature":"","_kad_post_feature_position":"","_kad_post_header":false,"_kad_post_footer":false,"_kad_post_classname":"","_jetpack_memberships_contains_paid_content":false,"footnotes":"","jetpack_publicize_message":"","jetpack_publicize_feature_enabled":true,"jetpack_social_post_already_shared":true,"jetpack_social_options":{"image_generator_settings":{"template":"highway","default_image_id":0,"font":"","enabled":false},"version":2}},"categories":[900,893,1],"tags":[8375,1575],"class_list":["post-91610","post","type-post","status-publish","format-standard","has-post-thumbnail","hentry","category-1940-1949","category-jugadores-temas","category-portada","tag-8375","tag-francisco-gonzalez-paquirri"],"jetpack_publicize_connections":[],"jetpack_featured_media_url":"https:\/\/i0.wp.com\/www.manquepierda.com\/historiarealbetis\/files\/2023\/11\/Paquirri.jpg?fit=860%2C1428&ssl=1","jetpack_sharing_enabled":true,"jetpack_shortlink":"https:\/\/wp.me\/p1ij08-nPA","jetpack-related-posts":[],"_links":{"self":[{"href":"https:\/\/www.manquepierda.com\/historiarealbetis\/wp-json\/wp\/v2\/posts\/91610","targetHints":{"allow":["GET"]}}],"collection":[{"href":"https:\/\/www.manquepierda.com\/historiarealbetis\/wp-json\/wp\/v2\/posts"}],"about":[{"href":"https:\/\/www.manquepierda.com\/historiarealbetis\/wp-json\/wp\/v2\/types\/post"}],"author":[{"embeddable":true,"href":"https:\/\/www.manquepierda.com\/historiarealbetis\/wp-json\/wp\/v2\/users\/5"}],"replies":[{"embeddable":true,"href":"https:\/\/www.manquepierda.com\/historiarealbetis\/wp-json\/wp\/v2\/comments?post=91610"}],"version-history":[{"count":4,"href":"https:\/\/www.manquepierda.com\/historiarealbetis\/wp-json\/wp\/v2\/posts\/91610\/revisions"}],"predecessor-version":[{"id":91616,"href":"https:\/\/www.manquepierda.com\/historiarealbetis\/wp-json\/wp\/v2\/posts\/91610\/revisions\/91616"}],"wp:featuredmedia":[{"embeddable":true,"href":"https:\/\/www.manquepierda.com\/historiarealbetis\/wp-json\/wp\/v2\/media\/91611"}],"wp:attachment":[{"href":"https:\/\/www.manquepierda.com\/historiarealbetis\/wp-json\/wp\/v2\/media?parent=91610"}],"wp:term":[{"taxonomy":"category","embeddable":true,"href":"https:\/\/www.manquepierda.com\/historiarealbetis\/wp-json\/wp\/v2\/categories?post=91610"},{"taxonomy":"post_tag","embeddable":true,"href":"https:\/\/www.manquepierda.com\/historiarealbetis\/wp-json\/wp\/v2\/tags?post=91610"}],"curies":[{"name":"wp","href":"https:\/\/api.w.org\/{rel}","templated":true}]}}