{"id":91640,"date":"2023-11-17T12:00:00","date_gmt":"2023-11-17T11:00:00","guid":{"rendered":"https:\/\/www.manquepierda.com\/historiarealbetis\/?p=91640"},"modified":"2024-09-01T11:11:00","modified_gmt":"2024-09-01T09:11:00","slug":"hoy-hace-60-anos-valladolid-3-betis-2","status":"publish","type":"post","link":"https:\/\/www.manquepierda.com\/historiarealbetis\/hoy-hace-60-anos-valladolid-3-betis-2\/","title":{"rendered":"Hoy hace 60 a\u00f1os. Valladolid 3 Betis 2."},"content":{"rendered":"<div class=\"wp-block-image\">\n<figure class=\"aligncenter size-large\"><img data-recalc-dims=\"1\" loading=\"lazy\" decoding=\"async\" width=\"960\" height=\"296\" src=\"https:\/\/i0.wp.com\/www.manquepierda.com\/historiarealbetis\/files\/2023\/11\/17-1963-Valladolid-3-Betis-2.jpg?resize=960%2C296&#038;ssl=1\" alt=\"\" class=\"wp-image-91641\" srcset=\"https:\/\/i0.wp.com\/www.manquepierda.com\/historiarealbetis\/files\/2023\/11\/17-1963-Valladolid-3-Betis-2.jpg?resize=960%2C296&amp;ssl=1 960w, https:\/\/i0.wp.com\/www.manquepierda.com\/historiarealbetis\/files\/2023\/11\/17-1963-Valladolid-3-Betis-2.jpg?resize=680%2C210&amp;ssl=1 680w, https:\/\/i0.wp.com\/www.manquepierda.com\/historiarealbetis\/files\/2023\/11\/17-1963-Valladolid-3-Betis-2.jpg?resize=220%2C68&amp;ssl=1 220w, https:\/\/i0.wp.com\/www.manquepierda.com\/historiarealbetis\/files\/2023\/11\/17-1963-Valladolid-3-Betis-2.jpg?resize=768%2C237&amp;ssl=1 768w, https:\/\/i0.wp.com\/www.manquepierda.com\/historiarealbetis\/files\/2023\/11\/17-1963-Valladolid-3-Betis-2.jpg?w=1028&amp;ssl=1 1028w\" sizes=\"auto, (max-width: 960px) 100vw, 960px\" \/><\/figure>\n<\/div>\n\n<p><\/p>\n<p><span style=\"color: #008000\">El 17 de noviembre de 1963 en el estadio Jos\u00e9 Zorrilla el Valladolid derrota 3-2 al Betis en partido de la jornada 9 del Campeonato de Liga de Primera Divisi\u00f3n.<\/span><\/p>\n<p><span style=\"color: #008000\">A los 24 minutos una internada local conducida por Pinto fue culminada por un remate a media altura de Rodilla, que signific\u00f3 el 1-0. En el 26 Ansola de cabeza hizo la igualada tras un centro medido de Senekowitsch. En el 34 un pase de Ram\u00edrez fue controlado con el pecho por Landa, quien a bote pronto estableci\u00f3 el 2 a 1.<\/span><\/p>\n<p><span style=\"color: #008000\">En el 46 una jugada individual de Rodilla con un disparo raso vali\u00f3 el 3 a 1 y en el 69 Luis aprovech\u00f3 un fallo de la defensa vallisoletana para marcar s\u00f3lo ante el portero local.<\/span><\/p>\n<p><span style=\"color: #008000\">El Valladolid, dirigido por Francisco Lesmes, aline\u00f3 a Justo; Ealo, Pini, Pinto; Ram\u00edrez, Sanch\u00eds; Aramendi, Mart\u00ednez, Moroll\u00f3n, Rodilla y Landa.<\/span><\/p>\n<p><span style=\"color: #008000\">El Betis, entrenado por Domingo Balmanya, form\u00f3 con Pep\u00edn; Colo, Kuszman, Grau; Mart\u00ednez, Bosch; Lasa, Luis, Ansola, Senekowitsch y Molina. &nbsp;&nbsp;<\/span><\/p>","protected":false},"excerpt":{"rendered":"<p>El 17 de noviembre de 1963 en el estadio Jos\u00e9 Zorrilla el Valladolid derrota 3-2 al Betis en partido de la jornada 9 del Campeonato de Liga de Primera Divisi\u00f3n. A los 24 minutos una internada local conducida por Pinto fue culminada por un remate a media altura de Rodilla, que signific\u00f3 el 1-0. En&#8230;<\/p>\n","protected":false},"author":5,"featured_media":91641,"comment_status":"open","ping_status":"open","sticky":false,"template":"","format":"standard","meta":{"_kad_post_transparent":"","_kad_post_title":"","_kad_post_layout":"","_kad_post_sidebar_id":"","_kad_post_content_style":"","_kad_post_vertical_padding":"","_kad_post_feature":"","_kad_post_feature_position":"","_kad_post_header":false,"_kad_post_footer":false,"_kad_post_classname":"","_jetpack_memberships_contains_paid_content":false,"footnotes":"","jetpack_publicize_message":"","jetpack_publicize_feature_enabled":true,"jetpack_social_post_already_shared":true,"jetpack_social_options":{"image_generator_settings":{"template":"highway","default_image_id":0,"font":"","enabled":false},"version":2}},"categories":[902,14583,1],"tags":[4281,17829,1359],"class_list":["post-91640","post","type-post","status-publish","format-standard","has-post-thumbnail","hentry","category-1960-1969","category-efemerides","category-portada","tag-4281","tag-liga-primera-1963-64","tag-real-valladolid"],"jetpack_publicize_connections":[],"jetpack_featured_media_url":"https:\/\/i0.wp.com\/www.manquepierda.com\/historiarealbetis\/files\/2023\/11\/17-1963-Valladolid-3-Betis-2.jpg?fit=1028%2C317&ssl=1","jetpack_sharing_enabled":true,"jetpack_shortlink":"https:\/\/wp.me\/p1ij08-nQ4","jetpack-related-posts":[],"_links":{"self":[{"href":"https:\/\/www.manquepierda.com\/historiarealbetis\/wp-json\/wp\/v2\/posts\/91640","targetHints":{"allow":["GET"]}}],"collection":[{"href":"https:\/\/www.manquepierda.com\/historiarealbetis\/wp-json\/wp\/v2\/posts"}],"about":[{"href":"https:\/\/www.manquepierda.com\/historiarealbetis\/wp-json\/wp\/v2\/types\/post"}],"author":[{"embeddable":true,"href":"https:\/\/www.manquepierda.com\/historiarealbetis\/wp-json\/wp\/v2\/users\/5"}],"replies":[{"embeddable":true,"href":"https:\/\/www.manquepierda.com\/historiarealbetis\/wp-json\/wp\/v2\/comments?post=91640"}],"version-history":[{"count":2,"href":"https:\/\/www.manquepierda.com\/historiarealbetis\/wp-json\/wp\/v2\/posts\/91640\/revisions"}],"predecessor-version":[{"id":91643,"href":"https:\/\/www.manquepierda.com\/historiarealbetis\/wp-json\/wp\/v2\/posts\/91640\/revisions\/91643"}],"wp:featuredmedia":[{"embeddable":true,"href":"https:\/\/www.manquepierda.com\/historiarealbetis\/wp-json\/wp\/v2\/media\/91641"}],"wp:attachment":[{"href":"https:\/\/www.manquepierda.com\/historiarealbetis\/wp-json\/wp\/v2\/media?parent=91640"}],"wp:term":[{"taxonomy":"category","embeddable":true,"href":"https:\/\/www.manquepierda.com\/historiarealbetis\/wp-json\/wp\/v2\/categories?post=91640"},{"taxonomy":"post_tag","embeddable":true,"href":"https:\/\/www.manquepierda.com\/historiarealbetis\/wp-json\/wp\/v2\/tags?post=91640"}],"curies":[{"name":"wp","href":"https:\/\/api.w.org\/{rel}","templated":true}]}}