{"id":91656,"date":"2023-11-17T10:29:00","date_gmt":"2023-11-17T09:29:00","guid":{"rendered":"https:\/\/www.manquepierda.com\/historiarealbetis\/?p=91656"},"modified":"2023-11-15T08:45:08","modified_gmt":"2023-11-15T07:45:08","slug":"cuidado-con-los-paisanos-1932","status":"publish","type":"post","link":"https:\/\/www.manquepierda.com\/historiarealbetis\/cuidado-con-los-paisanos-1932\/","title":{"rendered":"\u00a1Cuidado con los paisanos \u00a1 1932"},"content":{"rendered":"<div class=\"wp-block-image\">\n<figure class=\"aligncenter size-full\"><img data-recalc-dims=\"1\" loading=\"lazy\" decoding=\"async\" width=\"283\" height=\"452\" src=\"https:\/\/i0.wp.com\/www.manquepierda.com\/historiarealbetis\/files\/2023\/11\/1932-10-17-AML-en-La-Voz-1.jpg?resize=283%2C452&#038;ssl=1\" alt=\"\" class=\"wp-image-91657\" srcset=\"https:\/\/i0.wp.com\/www.manquepierda.com\/historiarealbetis\/files\/2023\/11\/1932-10-17-AML-en-La-Voz-1.jpg?w=283&amp;ssl=1 283w, https:\/\/i0.wp.com\/www.manquepierda.com\/historiarealbetis\/files\/2023\/11\/1932-10-17-AML-en-La-Voz-1.jpg?resize=138%2C220&amp;ssl=1 138w\" sizes=\"auto, (max-width: 283px) 100vw, 283px\" \/><\/figure>\n<\/div>\n\n<p><\/p>\n<p>Con esta expresiva afirmaci\u00f3n de \u00a1Cuidado con los paisanos\u00a1 titulaba el dibujante Andr\u00e9s Mart\u00ednez de Le\u00f3n la ilustraci\u00f3n que en el diario madrile\u00f1o El Sol se publicaba en octubre de 1932, y con la que se remataba la cr\u00f3nica del partido Athletic de Madrid-Betis jugado en Vallecas correspondiente al Campeonato Mancomunado Centro-Sur, que concluy\u00f3 con empate a 2.<\/p>\n<p>Se adelantaron los rojiblancos en los inicios de la segunda parte con goles de Mar\u00edn en el 50 y Losada en el 55, empatando el Betis con tantos de Timimi en el 65 y Lecue en el 89.<\/p>\n<p>La pol\u00e9mica vino en un remate del delantero b\u00e9tico Capillas que tras dar en el larguero bot\u00f3 en las inmediaciones de la l\u00ednea de gol. Una jugada muy protestada por el equipo verdiblanco y que no fue concedida como gol por el \u00e1rbitro sevillano Luis Medina Toledo. De ah\u00ed la manifestaci\u00f3n de Mart\u00ednez de Le\u00f3n, sobre ese cuidado que hab\u00eda que tener con determinados \u00e1rbitros que, no por ser paisanos, iban a mirar con especial cari\u00f1o a los colores verdiblancos.<\/p>\n<p>El \u00e1rbitro Luis Medina Toledo perteneci\u00f3 al colegio andaluz y estuvo en activo desde 1929 a 1940. Es el abuelo del actual presidente del Comit\u00e9 T\u00e9cnico de Arbitros de la Federaci\u00f3n Espa\u00f1ola de F\u00fatbol.&nbsp; &nbsp;&nbsp;<\/p>\n<p><\/p>\n<p>Mart\u00ednez de Le\u00f3n se lo tomaba con su particular filosof\u00eda de la vida y en otra caricatura publicada en el diario La Voz reflejaba su especial sentir con la siguiente frase<em>: \u00abMedina nos quit\u00f3 el partido; pero a m\u00ed no me quita nadie que me tome esta copa y d\u00e9 un Viva er Beti que se me van a sart\u00e1 t\u00f3 los botones del chaleco\u00bb.&nbsp; &nbsp;<\/em><\/p>\n<p><\/p>\n\n<div class=\"wp-block-image\">\n<figure class=\"aligncenter size-full\"><img data-recalc-dims=\"1\" loading=\"lazy\" decoding=\"async\" width=\"235\" height=\"481\" src=\"https:\/\/i0.wp.com\/www.manquepierda.com\/historiarealbetis\/files\/2023\/11\/1932-10-17-Oselito-en-La-Voz.jpg?resize=235%2C481&#038;ssl=1\" alt=\"\" class=\"wp-image-91658\" srcset=\"https:\/\/i0.wp.com\/www.manquepierda.com\/historiarealbetis\/files\/2023\/11\/1932-10-17-Oselito-en-La-Voz.jpg?w=235&amp;ssl=1 235w, https:\/\/i0.wp.com\/www.manquepierda.com\/historiarealbetis\/files\/2023\/11\/1932-10-17-Oselito-en-La-Voz.jpg?resize=107%2C220&amp;ssl=1 107w\" sizes=\"auto, (max-width: 235px) 100vw, 235px\" \/><\/figure>\n<\/div>","protected":false},"excerpt":{"rendered":"<p>Con esta expresiva afirmaci\u00f3n de \u00a1Cuidado con los paisanos\u00a1 titulaba el dibujante Andr\u00e9s Mart\u00ednez de Le\u00f3n la ilustraci\u00f3n que en el diario madrile\u00f1o El Sol se publicaba en octubre de 1932, y con la que se remataba la cr\u00f3nica del partido Athletic de Madrid-Betis jugado en Vallecas correspondiente al Campeonato Mancomunado Centro-Sur, que concluy\u00f3 con&#8230;<\/p>\n","protected":false},"author":5,"featured_media":91657,"comment_status":"open","ping_status":"open","sticky":false,"template":"","format":"standard","meta":{"_kad_post_transparent":"","_kad_post_title":"","_kad_post_layout":"","_kad_post_sidebar_id":"","_kad_post_content_style":"","_kad_post_vertical_padding":"","_kad_post_feature":"","_kad_post_feature_position":"","_kad_post_header":false,"_kad_post_footer":false,"_kad_post_classname":"","_jetpack_memberships_contains_paid_content":false,"footnotes":"","jetpack_publicize_message":"","jetpack_publicize_feature_enabled":true,"jetpack_social_post_already_shared":true,"jetpack_social_options":{"image_generator_settings":{"template":"highway","default_image_id":0,"font":"","enabled":false},"version":2}},"categories":[899,1],"tags":[44,2575,17646],"class_list":["post-91656","post","type-post","status-publish","format-standard","has-post-thumbnail","hentry","category-1930-1939","category-portada","tag-44","tag-1932-33","tag-luis-medina-toledo"],"jetpack_publicize_connections":[],"jetpack_featured_media_url":"https:\/\/i0.wp.com\/www.manquepierda.com\/historiarealbetis\/files\/2023\/11\/1932-10-17-AML-en-La-Voz-1.jpg?fit=283%2C452&ssl=1","jetpack_sharing_enabled":true,"jetpack_shortlink":"https:\/\/wp.me\/p1ij08-nQk","jetpack-related-posts":[],"_links":{"self":[{"href":"https:\/\/www.manquepierda.com\/historiarealbetis\/wp-json\/wp\/v2\/posts\/91656","targetHints":{"allow":["GET"]}}],"collection":[{"href":"https:\/\/www.manquepierda.com\/historiarealbetis\/wp-json\/wp\/v2\/posts"}],"about":[{"href":"https:\/\/www.manquepierda.com\/historiarealbetis\/wp-json\/wp\/v2\/types\/post"}],"author":[{"embeddable":true,"href":"https:\/\/www.manquepierda.com\/historiarealbetis\/wp-json\/wp\/v2\/users\/5"}],"replies":[{"embeddable":true,"href":"https:\/\/www.manquepierda.com\/historiarealbetis\/wp-json\/wp\/v2\/comments?post=91656"}],"version-history":[{"count":2,"href":"https:\/\/www.manquepierda.com\/historiarealbetis\/wp-json\/wp\/v2\/posts\/91656\/revisions"}],"predecessor-version":[{"id":91660,"href":"https:\/\/www.manquepierda.com\/historiarealbetis\/wp-json\/wp\/v2\/posts\/91656\/revisions\/91660"}],"wp:featuredmedia":[{"embeddable":true,"href":"https:\/\/www.manquepierda.com\/historiarealbetis\/wp-json\/wp\/v2\/media\/91657"}],"wp:attachment":[{"href":"https:\/\/www.manquepierda.com\/historiarealbetis\/wp-json\/wp\/v2\/media?parent=91656"}],"wp:term":[{"taxonomy":"category","embeddable":true,"href":"https:\/\/www.manquepierda.com\/historiarealbetis\/wp-json\/wp\/v2\/categories?post=91656"},{"taxonomy":"post_tag","embeddable":true,"href":"https:\/\/www.manquepierda.com\/historiarealbetis\/wp-json\/wp\/v2\/tags?post=91656"}],"curies":[{"name":"wp","href":"https:\/\/api.w.org\/{rel}","templated":true}]}}