{"id":91665,"date":"2023-11-20T12:00:00","date_gmt":"2023-11-20T11:00:00","guid":{"rendered":"https:\/\/www.manquepierda.com\/historiarealbetis\/?p=91665"},"modified":"2023-11-16T07:37:10","modified_gmt":"2023-11-16T06:37:10","slug":"hoy-hace-5-anos-junta-de-accionistas","status":"publish","type":"post","link":"https:\/\/www.manquepierda.com\/historiarealbetis\/hoy-hace-5-anos-junta-de-accionistas\/","title":{"rendered":"Hoy hace 5 a\u00f1os. Junta General de Accionistas."},"content":{"rendered":"<div class=\"wp-block-image\">\n<figure class=\"aligncenter size-full\"><img data-recalc-dims=\"1\" loading=\"lazy\" decoding=\"async\" width=\"667\" height=\"375\" src=\"https:\/\/i0.wp.com\/www.manquepierda.com\/historiarealbetis\/files\/2023\/11\/20-2018-Junta-de-Accionistas.jpg?resize=667%2C375&#038;ssl=1\" alt=\"\" class=\"wp-image-91666\" srcset=\"https:\/\/i0.wp.com\/www.manquepierda.com\/historiarealbetis\/files\/2023\/11\/20-2018-Junta-de-Accionistas.jpg?w=667&amp;ssl=1 667w, https:\/\/i0.wp.com\/www.manquepierda.com\/historiarealbetis\/files\/2023\/11\/20-2018-Junta-de-Accionistas.jpg?resize=220%2C124&amp;ssl=1 220w\" sizes=\"auto, (max-width: 667px) 100vw, 667px\" \/><\/figure>\n<\/div>\n\n<p>\u00a0<\/p>\n<p><span style=\"color: #008000\">El 20 de noviembre de 2018 tiene lugar en el Palacio de Deportes de Sevilla la Junta General de Accionistas del Real Betis Balompi\u00e9.<\/span><\/p>\n<p><span style=\"color: #008000\">En ella se aprobaron los 7 puntos del orden del d\u00eda, con una amplia mayor\u00eda en favor de la gesti\u00f3n del Consejo de Administraci\u00f3n.<\/span><\/p>\n<p><span style=\"color: #008000\">En la asamblea estuvieron representados 2.109 accionistas, de ellos 293 en directo, y 1.812 mediante el voto telem\u00e1tico, que se utiliz\u00f3 por primera vez. En total el capital representado fue del 43%.<\/span><\/p>\n<p><span style=\"color: #008000\">El consejero Jos\u00e9 Mar\u00eda Pagola present\u00f3 las cuentas del ejercicio anual, con un resultado positivo de 1,7 millones de euros y un aumento de los activos de la sociedad en 20 millones.<\/span><\/p>\n<p><span style=\"color: #008000\">El ratio de deuda presentado era del 47%, dentro de las recomendaciones establecidas por la LFP.<\/span><\/p>\n<p><span style=\"color: #008000\">Para la temporada 2018-19 se present\u00f3 un presupuesto de ingresos de 126 millones de euros y de 121 de gastos, con un beneficio esperado de 5 millones.<\/span><\/p>\n<p><span style=\"color: #008000\">Tambi\u00e9n se ratific\u00f3 el nombramiento por cooptaci\u00f3n de 2 nuevos consejeros: Jos\u00e9 Mar\u00eda Gallego y Joaqu\u00edn Caro Ledesma.<\/span><\/p>\n<p><span style=\"color: #008000\">El \u00faltimo punto del orden del d\u00eda era en el que el club ped\u00eda autorizaci\u00f3n para el gravamen, la adquisici\u00f3n o la enajenaci\u00f3n de activos esenciales sobre los derechos federativos de los futbolistas o los derechos televisivos durante dos temporadas, con el fin de facilitar la operatividad a la hora de solicitar cr\u00e9ditos.<\/span><\/p>\n<p><span style=\"color: #008000\">Fue el punto m\u00e1s discutido, y fue tambi\u00e9n ratificado aunque con menor apoyo que en los otros puntos del orden del d\u00eda. \u00a0<\/span><\/p>","protected":false},"excerpt":{"rendered":"<p>\u00a0 El 20 de noviembre de 2018 tiene lugar en el Palacio de Deportes de Sevilla la Junta General de Accionistas del Real Betis Balompi\u00e9. En ella se aprobaron los 7 puntos del orden del d\u00eda, con una amplia mayor\u00eda en favor de la gesti\u00f3n del Consejo de Administraci\u00f3n. En la asamblea estuvieron representados 2.109&#8230;<\/p>\n","protected":false},"author":5,"featured_media":91666,"comment_status":"open","ping_status":"open","sticky":false,"template":"","format":"standard","meta":{"_kad_post_transparent":"","_kad_post_title":"","_kad_post_layout":"","_kad_post_sidebar_id":"","_kad_post_content_style":"","_kad_post_vertical_padding":"","_kad_post_feature":"","_kad_post_feature_position":"","_kad_post_header":false,"_kad_post_footer":false,"_kad_post_classname":"","_jetpack_memberships_contains_paid_content":false,"footnotes":"","jetpack_publicize_message":"","jetpack_publicize_feature_enabled":true,"jetpack_social_post_already_shared":true,"jetpack_social_options":{"image_generator_settings":{"template":"highway","default_image_id":0,"font":"","enabled":false},"version":2}},"categories":[15447,14583,1],"tags":[17422,15263],"class_list":["post-91665","post","type-post","status-publish","format-standard","has-post-thumbnail","hentry","category-2010-2019","category-efemerides","category-portada","tag-17422","tag-junta-general-de-accionistas"],"jetpack_publicize_connections":[],"jetpack_featured_media_url":"https:\/\/i0.wp.com\/www.manquepierda.com\/historiarealbetis\/files\/2023\/11\/20-2018-Junta-de-Accionistas.jpg?fit=667%2C375&ssl=1","jetpack_sharing_enabled":true,"jetpack_shortlink":"https:\/\/wp.me\/p1ij08-nQt","jetpack-related-posts":[],"_links":{"self":[{"href":"https:\/\/www.manquepierda.com\/historiarealbetis\/wp-json\/wp\/v2\/posts\/91665","targetHints":{"allow":["GET"]}}],"collection":[{"href":"https:\/\/www.manquepierda.com\/historiarealbetis\/wp-json\/wp\/v2\/posts"}],"about":[{"href":"https:\/\/www.manquepierda.com\/historiarealbetis\/wp-json\/wp\/v2\/types\/post"}],"author":[{"embeddable":true,"href":"https:\/\/www.manquepierda.com\/historiarealbetis\/wp-json\/wp\/v2\/users\/5"}],"replies":[{"embeddable":true,"href":"https:\/\/www.manquepierda.com\/historiarealbetis\/wp-json\/wp\/v2\/comments?post=91665"}],"version-history":[{"count":3,"href":"https:\/\/www.manquepierda.com\/historiarealbetis\/wp-json\/wp\/v2\/posts\/91665\/revisions"}],"predecessor-version":[{"id":91687,"href":"https:\/\/www.manquepierda.com\/historiarealbetis\/wp-json\/wp\/v2\/posts\/91665\/revisions\/91687"}],"wp:featuredmedia":[{"embeddable":true,"href":"https:\/\/www.manquepierda.com\/historiarealbetis\/wp-json\/wp\/v2\/media\/91666"}],"wp:attachment":[{"href":"https:\/\/www.manquepierda.com\/historiarealbetis\/wp-json\/wp\/v2\/media?parent=91665"}],"wp:term":[{"taxonomy":"category","embeddable":true,"href":"https:\/\/www.manquepierda.com\/historiarealbetis\/wp-json\/wp\/v2\/categories?post=91665"},{"taxonomy":"post_tag","embeddable":true,"href":"https:\/\/www.manquepierda.com\/historiarealbetis\/wp-json\/wp\/v2\/tags?post=91665"}],"curies":[{"name":"wp","href":"https:\/\/api.w.org\/{rel}","templated":true}]}}