{"id":91696,"date":"2023-11-21T09:38:00","date_gmt":"2023-11-21T08:38:00","guid":{"rendered":"https:\/\/www.manquepierda.com\/historiarealbetis\/?p=91696"},"modified":"2024-09-05T21:24:58","modified_gmt":"2024-09-05T19:24:58","slug":"plantilla-betis-b-2003-04","status":"publish","type":"post","link":"https:\/\/www.manquepierda.com\/historiarealbetis\/plantilla-betis-b-2003-04\/","title":{"rendered":"Plantilla Betis B 2003-04."},"content":{"rendered":"<div class=\"wp-block-image\">\n<figure class=\"aligncenter size-full\"><img data-recalc-dims=\"1\" loading=\"lazy\" decoding=\"async\" width=\"732\" height=\"467\" src=\"https:\/\/i0.wp.com\/www.manquepierda.com\/historiarealbetis\/files\/2023\/11\/Plantilla-Betis-B-2003-04.jpg?resize=732%2C467&#038;ssl=1\" alt=\"\" class=\"wp-image-91697\" srcset=\"https:\/\/i0.wp.com\/www.manquepierda.com\/historiarealbetis\/files\/2023\/11\/Plantilla-Betis-B-2003-04.jpg?w=732&amp;ssl=1 732w, https:\/\/i0.wp.com\/www.manquepierda.com\/historiarealbetis\/files\/2023\/11\/Plantilla-Betis-B-2003-04.jpg?resize=680%2C434&amp;ssl=1 680w, https:\/\/i0.wp.com\/www.manquepierda.com\/historiarealbetis\/files\/2023\/11\/Plantilla-Betis-B-2003-04.jpg?resize=220%2C140&amp;ssl=1 220w\" sizes=\"auto, (max-width: 732px) 100vw, 732px\" \/><\/figure>\n<\/div>\n\n<p><\/p>\n<p>Imagen de la plantilla del Real Betis Balompi\u00e9 B de la temporada 2003-04 en la Ciudad Deportiva Manuel Ruiz de Lopera.<\/p>\n<p>Ese a\u00f1o el filial b\u00e9tico militaba en el grupo IV de la Segunda B y se clasific\u00f3 en el puesto 16, por lo que tuvo que jugar las eliminatorias para mantenerse en Segunda B. Tras ser derrotado por la RSD Alcal\u00e1 y el Pe\u00f1a Sport el equipo baj\u00f3 a Tercera Divisi\u00f3n.<\/p>\n<p>Miguel Valenzuela entren\u00f3 al filial en los primeros 19 partidos, para ser sustituido en la jornada 20 por Joaqu\u00edn Parra.<\/p>\n<p>La plantilla estuvo integrada por los siguientes jugadores: Albi Gonz\u00e1lez, Antonio Rom\u00e1n \u00abAnto\u00f1ito\u00bb, Manuel Jes\u00fas Arana, Manuel Jes\u00fas Barrientos \u00abBarri\u00bb, V\u00edctor Bocanegra, Jos\u00e9 Manuel Ca\u00f1amero, \u00c1lvaro Cejudo, Alejandro Torres \u00abChando\u00bb, Francisco S\u00e1nchez \u00abCurro\u00bb, David Navarro, Manuel Del Cacho, Diego Segura, Alfonso Rodr\u00edguez \u00abFito\u00bb; Francisco Javier Flores, Honorio Gallego, Jorge V\u00e1zquez, Jos\u00e9 Gallardo, Manuel Gonz\u00e1lez \u00abLolo\u00bb, Francisco Jos\u00e9 Maldonado, Manolo Rodr\u00edguez, Jos\u00e9 Antonio Marchena, Marco Antonio Ter\u00e1n, Jos\u00e9 Antonio Ramos \u00abMarqu\u00e9s\u00bb, Juan Alberto Andreu \u00abMelli\u00bb, Miguel \u00c1ngel Garc\u00eda \u00abMigue\u00bb, Jos\u00e9 Antonio Morante, \u00d3scar Tena, Juan Carlos Parra, Cristian Pecci, Jos\u00e9 Infantes \u00abPepe\u00bb, David Rela\u00f1o, Francisco Jos\u00e9 Caro \u00abRubio\u00bb, Salvattore Astarita \u00abSalva\u00bb, Sa\u00fal Donoso y Pablo Alberto Vargas.<\/p>","protected":false},"excerpt":{"rendered":"<p>Imagen de la plantilla del Real Betis Balompi\u00e9 B de la temporada 2003-04 en la Ciudad Deportiva Manuel Ruiz de Lopera. Ese a\u00f1o el filial b\u00e9tico militaba en el grupo IV de la Segunda B y se clasific\u00f3 en el puesto 16, por lo que tuvo que jugar las eliminatorias para mantenerse en Segunda B&#8230;.<\/p>\n","protected":false},"author":5,"featured_media":91697,"comment_status":"open","ping_status":"open","sticky":false,"template":"","format":"standard","meta":{"_kad_post_transparent":"","_kad_post_title":"","_kad_post_layout":"","_kad_post_sidebar_id":"","_kad_post_content_style":"","_kad_post_vertical_padding":"","_kad_post_feature":"","_kad_post_feature_position":"","_kad_post_header":false,"_kad_post_footer":false,"_kad_post_classname":"","_jetpack_memberships_contains_paid_content":false,"footnotes":"","jetpack_publicize_message":"","jetpack_publicize_feature_enabled":true,"jetpack_social_post_already_shared":true,"jetpack_social_options":{"image_generator_settings":{"template":"highway","default_image_id":0,"font":"","enabled":false},"version":2}},"categories":[4823,17191,1],"tags":[6014,17954,17394],"class_list":["post-91696","post","type-post","status-publish","format-standard","has-post-thumbnail","hentry","category-2000-2009","category-cantera","category-portada","tag-2003-04","tag-liga-segunda-b-2003-04","tag-real-betis-balompie-b"],"jetpack_publicize_connections":[],"jetpack_featured_media_url":"https:\/\/i0.wp.com\/www.manquepierda.com\/historiarealbetis\/files\/2023\/11\/Plantilla-Betis-B-2003-04.jpg?fit=732%2C467&ssl=1","jetpack_sharing_enabled":true,"jetpack_shortlink":"https:\/\/wp.me\/p1ij08-nQY","jetpack-related-posts":[],"_links":{"self":[{"href":"https:\/\/www.manquepierda.com\/historiarealbetis\/wp-json\/wp\/v2\/posts\/91696","targetHints":{"allow":["GET"]}}],"collection":[{"href":"https:\/\/www.manquepierda.com\/historiarealbetis\/wp-json\/wp\/v2\/posts"}],"about":[{"href":"https:\/\/www.manquepierda.com\/historiarealbetis\/wp-json\/wp\/v2\/types\/post"}],"author":[{"embeddable":true,"href":"https:\/\/www.manquepierda.com\/historiarealbetis\/wp-json\/wp\/v2\/users\/5"}],"replies":[{"embeddable":true,"href":"https:\/\/www.manquepierda.com\/historiarealbetis\/wp-json\/wp\/v2\/comments?post=91696"}],"version-history":[{"count":3,"href":"https:\/\/www.manquepierda.com\/historiarealbetis\/wp-json\/wp\/v2\/posts\/91696\/revisions"}],"predecessor-version":[{"id":91700,"href":"https:\/\/www.manquepierda.com\/historiarealbetis\/wp-json\/wp\/v2\/posts\/91696\/revisions\/91700"}],"wp:featuredmedia":[{"embeddable":true,"href":"https:\/\/www.manquepierda.com\/historiarealbetis\/wp-json\/wp\/v2\/media\/91697"}],"wp:attachment":[{"href":"https:\/\/www.manquepierda.com\/historiarealbetis\/wp-json\/wp\/v2\/media?parent=91696"}],"wp:term":[{"taxonomy":"category","embeddable":true,"href":"https:\/\/www.manquepierda.com\/historiarealbetis\/wp-json\/wp\/v2\/categories?post=91696"},{"taxonomy":"post_tag","embeddable":true,"href":"https:\/\/www.manquepierda.com\/historiarealbetis\/wp-json\/wp\/v2\/tags?post=91696"}],"curies":[{"name":"wp","href":"https:\/\/api.w.org\/{rel}","templated":true}]}}