{"id":91712,"date":"2023-11-24T12:00:00","date_gmt":"2023-11-24T11:00:00","guid":{"rendered":"https:\/\/www.manquepierda.com\/historiarealbetis\/?p=91712"},"modified":"2024-09-01T11:10:39","modified_gmt":"2024-09-01T09:10:39","slug":"hoy-hace-60-anos-betis-2-valencia-0-2","status":"publish","type":"post","link":"https:\/\/www.manquepierda.com\/historiarealbetis\/hoy-hace-60-anos-betis-2-valencia-0-2\/","title":{"rendered":"Hoy hace 60 a\u00f1os. Betis 2 Valencia 0."},"content":{"rendered":"\n<figure class=\"wp-block-image size-large\"><img data-recalc-dims=\"1\" loading=\"lazy\" decoding=\"async\" width=\"960\" height=\"458\" src=\"https:\/\/i0.wp.com\/www.manquepierda.com\/historiarealbetis\/files\/2023\/11\/24-1963-Betis-2-Valencia-0-1.jpg?resize=960%2C458&#038;ssl=1\" alt=\"\" class=\"wp-image-91714\" srcset=\"https:\/\/i0.wp.com\/www.manquepierda.com\/historiarealbetis\/files\/2023\/11\/24-1963-Betis-2-Valencia-0-1.jpg?resize=960%2C458&amp;ssl=1 960w, https:\/\/i0.wp.com\/www.manquepierda.com\/historiarealbetis\/files\/2023\/11\/24-1963-Betis-2-Valencia-0-1.jpg?resize=680%2C325&amp;ssl=1 680w, https:\/\/i0.wp.com\/www.manquepierda.com\/historiarealbetis\/files\/2023\/11\/24-1963-Betis-2-Valencia-0-1.jpg?resize=220%2C105&amp;ssl=1 220w, https:\/\/i0.wp.com\/www.manquepierda.com\/historiarealbetis\/files\/2023\/11\/24-1963-Betis-2-Valencia-0-1.jpg?resize=768%2C367&amp;ssl=1 768w, https:\/\/i0.wp.com\/www.manquepierda.com\/historiarealbetis\/files\/2023\/11\/24-1963-Betis-2-Valencia-0-1.jpg?w=978&amp;ssl=1 978w\" sizes=\"auto, (max-width: 960px) 100vw, 960px\" \/><\/figure>\n\n\n<p><\/p>\n<p><span style=\"color: #008000\">El 24 de noviembre de 1963 en el Villamar\u00edn el Betis vence 2-0 al Valencia en partido de la jornada 10 del Campeonato de Liga de Primera Divisi\u00f3n.<\/span><\/p>\n<p><span style=\"color: #008000\">Luis en el minuto 12 hizo el primer tanto b\u00e9tico, rematando un pase de Portilla. En el 75 un remate de Luis al larguero fue remachado de cabeza por Portilla.<\/span><\/p>\n<p><span style=\"color: #008000\">El Betis, dirigido por Domingo Balmanya, aline\u00f3 a Pep\u00edn; Colo, R\u00edos, Grau; Montaner, Bosch; Portilla, Luis, Ansola, Lasa y Molina.<\/span><\/p>\n<p><span style=\"color: #008000\">El Valencia, entrenado por Bernardino P\u00e9rez \u201cPasieguito\u201d, form\u00f3 con Zamora; Piquer, Quincoces, Verd\u00fa; Sastre, Chicao; Suco, Roberto, Waldo, S\u00e1nchez Lage y Guillot.<\/span><\/p>","protected":false},"excerpt":{"rendered":"<p>El 24 de noviembre de 1963 en el Villamar\u00edn el Betis vence 2-0 al Valencia en partido de la jornada 10 del Campeonato de Liga de Primera Divisi\u00f3n. Luis en el minuto 12 hizo el primer tanto b\u00e9tico, rematando un pase de Portilla. En el 75 un remate de Luis al larguero fue remachado de&#8230;<\/p>\n","protected":false},"author":5,"featured_media":91714,"comment_status":"open","ping_status":"open","sticky":false,"template":"","format":"standard","meta":{"_kad_post_transparent":"","_kad_post_title":"","_kad_post_layout":"","_kad_post_sidebar_id":"","_kad_post_content_style":"","_kad_post_vertical_padding":"","_kad_post_feature":"","_kad_post_feature_position":"","_kad_post_header":false,"_kad_post_footer":false,"_kad_post_classname":"","_jetpack_memberships_contains_paid_content":false,"footnotes":"","jetpack_publicize_message":"","jetpack_publicize_feature_enabled":true,"jetpack_social_post_already_shared":true,"jetpack_social_options":{"image_generator_settings":{"template":"highway","default_image_id":0,"font":"","enabled":false},"version":2}},"categories":[902,14583,1],"tags":[4281,17829,2285],"class_list":["post-91712","post","type-post","status-publish","format-standard","has-post-thumbnail","hentry","category-1960-1969","category-efemerides","category-portada","tag-4281","tag-liga-primera-1963-64","tag-valencia-cf"],"jetpack_publicize_connections":[],"jetpack_featured_media_url":"https:\/\/i0.wp.com\/www.manquepierda.com\/historiarealbetis\/files\/2023\/11\/24-1963-Betis-2-Valencia-0-1.jpg?fit=978%2C467&ssl=1","jetpack_sharing_enabled":true,"jetpack_shortlink":"https:\/\/wp.me\/p1ij08-nRe","jetpack-related-posts":[],"_links":{"self":[{"href":"https:\/\/www.manquepierda.com\/historiarealbetis\/wp-json\/wp\/v2\/posts\/91712","targetHints":{"allow":["GET"]}}],"collection":[{"href":"https:\/\/www.manquepierda.com\/historiarealbetis\/wp-json\/wp\/v2\/posts"}],"about":[{"href":"https:\/\/www.manquepierda.com\/historiarealbetis\/wp-json\/wp\/v2\/types\/post"}],"author":[{"embeddable":true,"href":"https:\/\/www.manquepierda.com\/historiarealbetis\/wp-json\/wp\/v2\/users\/5"}],"replies":[{"embeddable":true,"href":"https:\/\/www.manquepierda.com\/historiarealbetis\/wp-json\/wp\/v2\/comments?post=91712"}],"version-history":[{"count":2,"href":"https:\/\/www.manquepierda.com\/historiarealbetis\/wp-json\/wp\/v2\/posts\/91712\/revisions"}],"predecessor-version":[{"id":91716,"href":"https:\/\/www.manquepierda.com\/historiarealbetis\/wp-json\/wp\/v2\/posts\/91712\/revisions\/91716"}],"wp:featuredmedia":[{"embeddable":true,"href":"https:\/\/www.manquepierda.com\/historiarealbetis\/wp-json\/wp\/v2\/media\/91714"}],"wp:attachment":[{"href":"https:\/\/www.manquepierda.com\/historiarealbetis\/wp-json\/wp\/v2\/media?parent=91712"}],"wp:term":[{"taxonomy":"category","embeddable":true,"href":"https:\/\/www.manquepierda.com\/historiarealbetis\/wp-json\/wp\/v2\/categories?post=91712"},{"taxonomy":"post_tag","embeddable":true,"href":"https:\/\/www.manquepierda.com\/historiarealbetis\/wp-json\/wp\/v2\/tags?post=91712"}],"curies":[{"name":"wp","href":"https:\/\/api.w.org\/{rel}","templated":true}]}}