{"id":91810,"date":"2023-12-07T12:00:00","date_gmt":"2023-12-07T11:00:00","guid":{"rendered":"https:\/\/www.manquepierda.com\/historiarealbetis\/?p=91810"},"modified":"2024-08-09T16:03:18","modified_gmt":"2024-08-09T14:03:18","slug":"hoy-hace-15-anos-betis-1-espanyol-1-2","status":"publish","type":"post","link":"https:\/\/www.manquepierda.com\/historiarealbetis\/hoy-hace-15-anos-betis-1-espanyol-1-2\/","title":{"rendered":"Hoy hace 15 a\u00f1os. Betis 1 Espanyol 1."},"content":{"rendered":"<div class=\"wp-block-image\">\n<figure class=\"aligncenter size-large\"><img data-recalc-dims=\"1\" loading=\"lazy\" decoding=\"async\" width=\"603\" height=\"700\" src=\"https:\/\/i0.wp.com\/www.manquepierda.com\/historiarealbetis\/files\/2023\/11\/7-2008-Betis-1-Espanyol-1.jpg?resize=603%2C700&#038;ssl=1\" alt=\"\" class=\"wp-image-91811\" srcset=\"https:\/\/i0.wp.com\/www.manquepierda.com\/historiarealbetis\/files\/2023\/11\/7-2008-Betis-1-Espanyol-1.jpg?resize=603%2C700&amp;ssl=1 603w, https:\/\/i0.wp.com\/www.manquepierda.com\/historiarealbetis\/files\/2023\/11\/7-2008-Betis-1-Espanyol-1.jpg?resize=517%2C600&amp;ssl=1 517w, https:\/\/i0.wp.com\/www.manquepierda.com\/historiarealbetis\/files\/2023\/11\/7-2008-Betis-1-Espanyol-1.jpg?resize=190%2C220&amp;ssl=1 190w, https:\/\/i0.wp.com\/www.manquepierda.com\/historiarealbetis\/files\/2023\/11\/7-2008-Betis-1-Espanyol-1.jpg?w=700&amp;ssl=1 700w\" sizes=\"auto, (max-width: 603px) 100vw, 603px\" \/><\/figure>\n<\/div>\n\n<p><\/p>\n<p><span style=\"color: #008000\">El 7 de diciembre de 2008 en el Ruiz de Lopera Betis y Espanyol empatan a 1 en partido de la jornada 14 del Campeonato de Liga de Primera Divisi\u00f3n.<\/span><\/p>\n<p><span style=\"color: #008000\">Se adelant\u00f3 el Betis en el minuto 57, con un disparo raso de Eman\u00e1 desde la frontal del \u00e1rea. El Espanyol empat\u00f3 en el 71 con un remate de Coro a pase de Nen\u00e9.<\/span><\/p>\n<p><span style=\"color: #008000\">El Betis, entrenado por Paco Chaparro, aline\u00f3 a Casto; Nelson, Juanito, Arzu, Monz\u00f3n; Mehmet Aurelio, Capi, Eman\u00e1; Juanma, Dami\u00e1 (9, Diego Segura) (80, Pavone) y Sergio Garc\u00eda.<\/span><\/p>\n<p><span style=\"color: #008000\">El Espanyol, dirigido por Jos\u00e9 Manuel Esnal \u201cMan\u00e9\u201d, form\u00f3 con Kameni; S\u00e1nchez, Jarque, Pareja, Berenguer; \u00c1ngel, Lola (66, Rom\u00e1n), Rufete (66, Coro), De la Pe\u00f1a (46, Valdo); y Callej\u00f3n.<\/span><\/p>","protected":false},"excerpt":{"rendered":"<p>El 7 de diciembre de 2008 en el Ruiz de Lopera Betis y Espanyol empatan a 1 en partido de la jornada 14 del Campeonato de Liga de Primera Divisi\u00f3n. Se adelant\u00f3 el Betis en el minuto 57, con un disparo raso de Eman\u00e1 desde la frontal del \u00e1rea. El Espanyol empat\u00f3 en el 71&#8230;<\/p>\n","protected":false},"author":5,"featured_media":91811,"comment_status":"open","ping_status":"open","sticky":false,"template":"","format":"standard","meta":{"_kad_post_transparent":"","_kad_post_title":"","_kad_post_layout":"","_kad_post_sidebar_id":"","_kad_post_content_style":"","_kad_post_vertical_padding":"","_kad_post_feature":"","_kad_post_feature_position":"","_kad_post_header":false,"_kad_post_footer":false,"_kad_post_classname":"","_jetpack_memberships_contains_paid_content":false,"footnotes":"","jetpack_publicize_message":"","jetpack_publicize_feature_enabled":true,"jetpack_social_post_already_shared":true,"jetpack_social_options":{"image_generator_settings":{"template":"highway","default_image_id":0,"font":"","enabled":false},"version":2}},"categories":[4823,14583,1],"tags":[6619,17821,711],"class_list":["post-91810","post","type-post","status-publish","format-standard","has-post-thumbnail","hentry","category-2000-2009","category-efemerides","category-portada","tag-6619","tag-liga-primera-2008-09","tag-rcd-espanyol"],"jetpack_publicize_connections":[],"jetpack_featured_media_url":"https:\/\/i0.wp.com\/www.manquepierda.com\/historiarealbetis\/files\/2023\/11\/7-2008-Betis-1-Espanyol-1.jpg?fit=700%2C812&ssl=1","jetpack_sharing_enabled":true,"jetpack_shortlink":"https:\/\/wp.me\/p1ij08-nSO","jetpack-related-posts":[],"_links":{"self":[{"href":"https:\/\/www.manquepierda.com\/historiarealbetis\/wp-json\/wp\/v2\/posts\/91810","targetHints":{"allow":["GET"]}}],"collection":[{"href":"https:\/\/www.manquepierda.com\/historiarealbetis\/wp-json\/wp\/v2\/posts"}],"about":[{"href":"https:\/\/www.manquepierda.com\/historiarealbetis\/wp-json\/wp\/v2\/types\/post"}],"author":[{"embeddable":true,"href":"https:\/\/www.manquepierda.com\/historiarealbetis\/wp-json\/wp\/v2\/users\/5"}],"replies":[{"embeddable":true,"href":"https:\/\/www.manquepierda.com\/historiarealbetis\/wp-json\/wp\/v2\/comments?post=91810"}],"version-history":[{"count":2,"href":"https:\/\/www.manquepierda.com\/historiarealbetis\/wp-json\/wp\/v2\/posts\/91810\/revisions"}],"predecessor-version":[{"id":91813,"href":"https:\/\/www.manquepierda.com\/historiarealbetis\/wp-json\/wp\/v2\/posts\/91810\/revisions\/91813"}],"wp:featuredmedia":[{"embeddable":true,"href":"https:\/\/www.manquepierda.com\/historiarealbetis\/wp-json\/wp\/v2\/media\/91811"}],"wp:attachment":[{"href":"https:\/\/www.manquepierda.com\/historiarealbetis\/wp-json\/wp\/v2\/media?parent=91810"}],"wp:term":[{"taxonomy":"category","embeddable":true,"href":"https:\/\/www.manquepierda.com\/historiarealbetis\/wp-json\/wp\/v2\/categories?post=91810"},{"taxonomy":"post_tag","embeddable":true,"href":"https:\/\/www.manquepierda.com\/historiarealbetis\/wp-json\/wp\/v2\/tags?post=91810"}],"curies":[{"name":"wp","href":"https:\/\/api.w.org\/{rel}","templated":true}]}}