{"id":91838,"date":"2023-12-11T12:00:00","date_gmt":"2023-12-11T11:00:00","guid":{"rendered":"https:\/\/www.manquepierda.com\/historiarealbetis\/?p=91838"},"modified":"2024-08-09T14:02:19","modified_gmt":"2024-08-09T12:02:19","slug":"hoy-hace-35-anos-malaga-2-betis-2","status":"publish","type":"post","link":"https:\/\/www.manquepierda.com\/historiarealbetis\/hoy-hace-35-anos-malaga-2-betis-2\/","title":{"rendered":"Hoy hace 35 a\u00f1os. M\u00e1laga 2 Betis 2."},"content":{"rendered":"<div class=\"wp-block-image\">\n<figure class=\"aligncenter size-full\"><img data-recalc-dims=\"1\" loading=\"lazy\" decoding=\"async\" width=\"383\" height=\"365\" src=\"https:\/\/i0.wp.com\/www.manquepierda.com\/historiarealbetis\/files\/2023\/11\/11-1988-Malaga-2-Betis-2.jpg?resize=383%2C365&#038;ssl=1\" alt=\"\" class=\"wp-image-91839\" srcset=\"https:\/\/i0.wp.com\/www.manquepierda.com\/historiarealbetis\/files\/2023\/11\/11-1988-Malaga-2-Betis-2.jpg?w=383&amp;ssl=1 383w, https:\/\/i0.wp.com\/www.manquepierda.com\/historiarealbetis\/files\/2023\/11\/11-1988-Malaga-2-Betis-2.jpg?resize=220%2C210&amp;ssl=1 220w\" sizes=\"auto, (max-width: 383px) 100vw, 383px\" \/><\/figure>\n<\/div>\n\n<p><\/p>\n<p><span style=\"color: #008000\">El 11 de diciembre de 1988 en La Rosaleda M\u00e1laga y Betis empatan a 2 en partido de la jornada 15 del Campeonato de Liga de Primera Divisi\u00f3n.<\/span><\/p>\n<p><span style=\"color: #008000\">El equipo local se puso por delante con 2 goles de ventaja, marcados en el 35 por Paquito, aprovechando un rechace de Pumpido a un tiro de Hassan, y en el 53 por Esteban. En el 61 una falta lateral botada por Rub\u00e9n Bilbao la cabece\u00f3 Hierro y en el 68 un rechace de Jaro a disparo de L\u00f3pez Ufarte lo remat\u00f3 Puma Rodr\u00edguez haciendo el 2-2 definitivo.<\/span><\/p>\n<p><span style=\"color: #008000\">El M\u00e1laga, entrenado por Luis Costa, aline\u00f3 a Jaro; Chano, \u00c1lvarez, A\u00f1\u00f3n, Clemente; Jaime (73, Azuaga), Esteban (79, \u00c1ngelo), Lauridssen; Juanito, Paquito y Hassan.<\/span><\/p>\n<p><span style=\"color: #008000\">El Betis, dirigido por Pedro Buenaventura, form\u00f3 con Pumpido; Job, Hierro, Julio, Rub\u00e9n Bilbao; Chano, Gail, Recha, L\u00f3pez Ufarte; Y\u00e1\u00f1ez (81, Rinc\u00f3n) y Puma Rodr\u00edguez (88, Jos\u00e9 Luis). &nbsp;&nbsp;<\/span><\/p>","protected":false},"excerpt":{"rendered":"<p>El 11 de diciembre de 1988 en La Rosaleda M\u00e1laga y Betis empatan a 2 en partido de la jornada 15 del Campeonato de Liga de Primera Divisi\u00f3n. El equipo local se puso por delante con 2 goles de ventaja, marcados en el 35 por Paquito, aprovechando un rechace de Pumpido a un tiro de&#8230;<\/p>\n","protected":false},"author":5,"featured_media":91839,"comment_status":"open","ping_status":"open","sticky":false,"template":"","format":"standard","meta":{"_kad_post_transparent":"","_kad_post_title":"","_kad_post_layout":"","_kad_post_sidebar_id":"","_kad_post_content_style":"","_kad_post_vertical_padding":"","_kad_post_feature":"","_kad_post_feature_position":"","_kad_post_header":false,"_kad_post_footer":false,"_kad_post_classname":"","_jetpack_memberships_contains_paid_content":false,"footnotes":"","jetpack_publicize_message":"","jetpack_publicize_feature_enabled":true,"jetpack_social_post_already_shared":true,"jetpack_social_options":{"image_generator_settings":{"template":"highway","default_image_id":0,"font":"","enabled":false},"version":2}},"categories":[904,14583,1],"tags":[6399,1497,17806],"class_list":["post-91838","post","type-post","status-publish","format-standard","has-post-thumbnail","hentry","category-1980-1989","category-efemerides","category-portada","tag-6399","tag-cd-malaga","tag-liga-primera-1988-89"],"jetpack_publicize_connections":[],"jetpack_featured_media_url":"https:\/\/i0.wp.com\/www.manquepierda.com\/historiarealbetis\/files\/2023\/11\/11-1988-Malaga-2-Betis-2.jpg?fit=383%2C365&ssl=1","jetpack_sharing_enabled":true,"jetpack_shortlink":"https:\/\/wp.me\/p1ij08-nTg","jetpack-related-posts":[],"_links":{"self":[{"href":"https:\/\/www.manquepierda.com\/historiarealbetis\/wp-json\/wp\/v2\/posts\/91838","targetHints":{"allow":["GET"]}}],"collection":[{"href":"https:\/\/www.manquepierda.com\/historiarealbetis\/wp-json\/wp\/v2\/posts"}],"about":[{"href":"https:\/\/www.manquepierda.com\/historiarealbetis\/wp-json\/wp\/v2\/types\/post"}],"author":[{"embeddable":true,"href":"https:\/\/www.manquepierda.com\/historiarealbetis\/wp-json\/wp\/v2\/users\/5"}],"replies":[{"embeddable":true,"href":"https:\/\/www.manquepierda.com\/historiarealbetis\/wp-json\/wp\/v2\/comments?post=91838"}],"version-history":[{"count":2,"href":"https:\/\/www.manquepierda.com\/historiarealbetis\/wp-json\/wp\/v2\/posts\/91838\/revisions"}],"predecessor-version":[{"id":91841,"href":"https:\/\/www.manquepierda.com\/historiarealbetis\/wp-json\/wp\/v2\/posts\/91838\/revisions\/91841"}],"wp:featuredmedia":[{"embeddable":true,"href":"https:\/\/www.manquepierda.com\/historiarealbetis\/wp-json\/wp\/v2\/media\/91839"}],"wp:attachment":[{"href":"https:\/\/www.manquepierda.com\/historiarealbetis\/wp-json\/wp\/v2\/media?parent=91838"}],"wp:term":[{"taxonomy":"category","embeddable":true,"href":"https:\/\/www.manquepierda.com\/historiarealbetis\/wp-json\/wp\/v2\/categories?post=91838"},{"taxonomy":"post_tag","embeddable":true,"href":"https:\/\/www.manquepierda.com\/historiarealbetis\/wp-json\/wp\/v2\/tags?post=91838"}],"curies":[{"name":"wp","href":"https:\/\/api.w.org\/{rel}","templated":true}]}}