{"id":91880,"date":"2023-12-03T10:12:00","date_gmt":"2023-12-03T09:12:00","guid":{"rendered":"https:\/\/www.manquepierda.com\/historiarealbetis\/?p=91880"},"modified":"2024-08-19T09:36:37","modified_gmt":"2024-08-19T07:36:37","slug":"viajar-y-contar-almeria-1981","status":"publish","type":"post","link":"https:\/\/www.manquepierda.com\/historiarealbetis\/viajar-y-contar-almeria-1981\/","title":{"rendered":"Viajar y contar. Almer\u00eda 1981."},"content":{"rendered":"<div class=\"wp-block-image\">\n<figure class=\"aligncenter size-full is-resized\"><img data-recalc-dims=\"1\" loading=\"lazy\" decoding=\"async\" src=\"https:\/\/i0.wp.com\/www.manquepierda.com\/historiarealbetis\/files\/2023\/11\/Estadio-Franco-Navarro-1976.jpg?resize=639%2C407&#038;ssl=1\" alt=\"\" class=\"wp-image-91881\" width=\"639\" height=\"407\" srcset=\"https:\/\/i0.wp.com\/www.manquepierda.com\/historiarealbetis\/files\/2023\/11\/Estadio-Franco-Navarro-1976.jpg?w=852&amp;ssl=1 852w, https:\/\/i0.wp.com\/www.manquepierda.com\/historiarealbetis\/files\/2023\/11\/Estadio-Franco-Navarro-1976.jpg?resize=680%2C433&amp;ssl=1 680w, https:\/\/i0.wp.com\/www.manquepierda.com\/historiarealbetis\/files\/2023\/11\/Estadio-Franco-Navarro-1976.jpg?resize=220%2C140&amp;ssl=1 220w, https:\/\/i0.wp.com\/www.manquepierda.com\/historiarealbetis\/files\/2023\/11\/Estadio-Franco-Navarro-1976.jpg?resize=768%2C489&amp;ssl=1 768w\" sizes=\"auto, (max-width: 639px) 100vw, 639px\" \/><\/figure>\n<\/div>\n\n<p>\u00a0<\/p>\n<p>El 29 de marzo de 1981 el Betis jug\u00f3 en Almer\u00eda, estadio Franco Navarro, contra la AD Almer\u00eda en partido de la jornada 29 del Campeonato de Liga de Primera Divisi\u00f3n. El equipo adiestrado por Luis Carriega se impuso con claridad por 0-2 con dos tantos de Enrique Mor\u00e1n frente a un conjunto almeriense que, en la \u00faltima posici\u00f3n de la tabla y con 13 negativos, ve\u00eda c\u00f3mo sus escasas esperanzas de salvaci\u00f3n se\u00a0 iban agotando.<\/p>\n<p>En las p\u00e1gina de la Hoja del Lunes el periodista Santiago S\u00e1nchez Traver, en la secci\u00f3n Viajar y contar, tra\u00eda al d\u00eda siguiente las an\u00e9cdotas y comentarios de este desplazamiento, centradas en la venta de Mor\u00e1n al Barcelona, el debut de Antonio Casado con el primer equipo o los rumores sobre el entrenador de la siguiente campa\u00f1a.<\/p>\n<ul>\n<li><span style=\"color: #008000\"><em> Un a\u00f1o m\u00e1s el Betis ha viajado a Almer\u00eda en vuelo ch\u00e1rter organizado por Viajes Alcal\u00e1. El Fokker que nos llev\u00f3 al extremo oriental de Andaluc\u00eda en algo menos de una hora se movi\u00f3 un poco, pero cumpli\u00f3 bien su cometido. Y en Almer\u00eda plant\u00f3 sus cuarteles el equipo verdiblanco, en un oasis de c\u00e9sped entre el desierto almeriense. A pesar del magn\u00edfico hotel algunos jugadores se quejaron de la distancia y del retiro del mismo.<\/em><\/span><\/li>\n<li><span style=\"color: #008000\"><em> Por cierto, el \u00fanico incidente de la expedici\u00f3n fue que se qued\u00f3 olvidado en el aeropuerto almeriense Vicente Montiel. Precisamente el masajista b\u00e9tico es el encargado de contar a los expedicionarios en los viajes, y esta vez nadie se acord\u00f3 de que faltaba el \u201ccontador\u201d. El hombre cogi\u00f3 un taxi y alcanz\u00f3 al autob\u00fas del equipo cerca de El Ejido. Hubo bromas y nadie supo decir qui\u00e9n fue el responsable de la p\u00e9rdida de ese gran t\u00e9cnico del masaje y de la recuperaci\u00f3n. Todos a una, la verdad, porque nadie le ech\u00f3 en falta.<\/em><\/span><\/li>\n<li><span style=\"color: #008000\"><em> La gran novedad\u2014en estos finales de Liga casi todos los fines de semana tenemos debut\u2014fue la presencia de Casado. Aunque nosotros ya sab\u00edamos que jugar\u00eda de salida, \u00e9l dec\u00eda que todav\u00eda no sab\u00eda porque no le hab\u00eda dicho nada el m\u00edster. Estaba supercontento y me dec\u00eda que hac\u00eda unos d\u00edas cumpli\u00f3 veinte a\u00f1os y es buen momento para dar este paso. El onubense fue \u201cpescado\u201d por Buenaventura cuando, con quince a\u00f1os, jugaba en su tierra.<\/em><\/span><\/li>\n<li><span style=\"color: #008000\"><em> En la expedici\u00f3n hombres que repiten como ese buen balonmanista, Paco Fern\u00e1ndez Barrera, el hombre de Octomen. Que aunque sus colores son otros vino acompa\u00f1ando a amigos y socios. O como ese buen b\u00e9tico de la pe\u00f1a cultural gastron\u00f3mica b\u00e9tica \u201cLa madre que los pari\u00f3\u201d que es Luis Ferreter. A falta de ambiente veraniego hubo una m\u00e1s que amena tertulia futbol\u00edstica hasta bien entrada la noche, que tuvo una hora menos, por cierto.<\/em><\/span><\/li>\n<li><span style=\"color: #008000\"><em> Juan Mauduit quiso esta vez estar con los suyos y con \u00e9l ven\u00edan Pepe Le\u00f3n, Juan Calle y Miguel Espina. El presidente me comentaba el caso Mor\u00e1n, \u201cha habido conversaciones como hay con otros clubs, porque a estas alturas hay que moverse, pero la decisi\u00f3n por nuestra parte la debe tomar el entrenador y respaldarla la directiva\u201d. O sea, que de momento la cosa est\u00e1 atada y bien atada, pactada y bien pactada. Y Mor\u00e1n ser\u00e1 barcelonista el treinta de junio si las partes est\u00e1n de acuerdo.<\/em><\/span><\/li>\n<li><span style=\"color: #008000\"><em> Sesenta kilos puede percibir el Betis y dos jugadores de una larga, largu\u00edsima lista, que le han presentado. Apunten: Carrasco, Land\u00e1buru, Canito, Rubio, Herbera a quien estuvo a verlo Rogelio en M\u00e1laga y no convenci\u00f3. Pero dos promesas que andan cedidos por los azulgranas no aceptaron N\u00fa\u00f1ez y los suyos que fueran en la lista. La soluci\u00f3n para cu\u00e1ndo, se preguntar\u00e1n todos. Pues es bien f\u00e1cil, para cuando el Betis tenga entrenador para la pr\u00f3xima temporada.<\/em><\/span><\/li>\n<li><span style=\"color: #008000\"><em> En este tema, Mauduit es partidario de renovar a Carriega por dos a\u00f1os esta misma semana. El gallego no parece actualmente muy dispuesto a decidirse y tiene sus dudas como el a\u00f1o pasado. Lo de Luis Aragon\u00e9s estar\u00eda bien claro si no se decide, y el \u201cMono\u201d, como le llamaban cari\u00f1osamente sus compa\u00f1eros, cuenta con el apoyo de Pepe Le\u00f3n y el visto bueno de los dem\u00e1s directivos. Pero no olviden el nombre de otro hombre de la casa: Eusebio R\u00edos.<\/em><\/span><\/li>\n<li><span style=\"color: #008000\"><em> Independientemente del que est\u00e9 Juan Mauduit quiere en estos dos \u00faltimos a\u00f1os de mandato renovar el equipo y para la pr\u00f3xima temporada dar lo que se dice un \u201cpelotazo\u201d, dos bombas de Mauduit. Concretamente me confi\u00f3 que el Betis tendr\u00eda un extremo izquierda y un cerebro de lujo que es lo que quiere para el nuevo Betis. Y que Gordillo nunca se ir\u00e1 del Betis en su mandato. Es algo que ya tiene muy firme y decidido, aparte de potenciar m\u00e1s esa cantera que da frutos como Casado. O como esos, ahora internacionales en su edad, Romo, Quico, Areta, Patino\u2026 Los dos primeros pronto pueden estar en el primer equipo.<\/em><\/span><\/li>\n<li><span style=\"color: #008000\"><em> El que quiz\u00e1 no est\u00e9 ser\u00e1 Peruena. Dentro de unos d\u00eda llegar\u00e1 a Espa\u00f1a Washington Cataldi, presidente de Pe\u00f1arol, para llevarse a Nando Morena y quiere pasar por Sevilla para tratar de hacer lo mismo con Peruena. El Betis puede que haga la operaci\u00f3n, ya que el moreno termina contrato y queda libre en junio. Y a \u00e9l le gustar\u00eda volver a su tierra y jugar en Pe\u00f1arol, algo importante para los jugadores uruguayos.<\/em><\/span><\/li>\n<li><span style=\"color: #008000\"><em> Tambi\u00e9n se habl\u00f3 en Almer\u00eda de la presencia de Paulo C\u00e9sar en Sevilla, que quiere terminar la temporada con el equipo blanco. Ya veremos si se concreta. Por Almer\u00eda hablamos tambi\u00e9n con Enrique Al\u00e9s, que anda haciendo lo que puede con vistas al futuro en estas tierras. Y pudimos ver al incansable Gregorio Conejo y charlar con el compa\u00f1ero Manuel Lara, que lleg\u00f3 el viernes en viaje familiar-tur\u00edstico-futbol\u00edstico, tras haber dejado en Sevilla su r\u00fabrica \u00e1gil y atrevida \u201cen corto y por derecho\u201d.<\/em><\/span><\/li>\n<li><em><span style=\"color: #008000\"> Por el hotel de los b\u00e9ticos apareci\u00f3 el t\u00e9cnico barcelonista C\u00e9sar para ver el partido, seg\u00fan dijo, aunque convers\u00f3 ampliamente con Mauduit. Despu\u00e9s estuvo en la grada observando naturalmente a Mor\u00e1n, y al almeriense Camacho, que no estuvo bien. Pero s\u00ed pudo ver a los canteranos b\u00e9ticos Gordillo y Parra que esta vez s\u00ed brillaron. Pero de esos el Betis no se desprende seg\u00fan Mauduit. Habl\u00e9 con \u00e9l y me dijo que el partido del domingo de Resurrecci\u00f3n puede que juegue el Betis por la ma\u00f1ana si lo autoriza la Federaci\u00f3n. El martes en la juna se aprobar\u00e1. Y hoy lunes, por la noche, parece que se decidir\u00e1 que no se va a concretar la gira b\u00e9tica por Am\u00e9rica. En casita se juega mejor, seg\u00fan parece.<\/span> \u00a0\u00a0\u00a0\u00a0\u00a0\u00a0\u00a0\u00a0\u00a0\u00a0\u00a0\u00a0\u00a0<\/em><\/li>\n<\/ul>\n<p><em>\u00a0<\/em><\/p>","protected":false},"excerpt":{"rendered":"<p>\u00a0 El 29 de marzo de 1981 el Betis jug\u00f3 en Almer\u00eda, estadio Franco Navarro, contra la AD Almer\u00eda en partido de la jornada 29 del Campeonato de Liga de Primera Divisi\u00f3n. El equipo adiestrado por Luis Carriega se impuso con claridad por 0-2 con dos tantos de Enrique Mor\u00e1n frente a un conjunto almeriense&#8230;<\/p>\n","protected":false},"author":5,"featured_media":91881,"comment_status":"open","ping_status":"open","sticky":false,"template":"","format":"standard","meta":{"_kad_post_transparent":"","_kad_post_title":"","_kad_post_layout":"","_kad_post_sidebar_id":"","_kad_post_content_style":"","_kad_post_vertical_padding":"","_kad_post_feature":"","_kad_post_feature_position":"","_kad_post_header":false,"_kad_post_footer":false,"_kad_post_classname":"","_jetpack_memberships_contains_paid_content":false,"footnotes":"","jetpack_publicize_message":"","jetpack_publicize_feature_enabled":true,"jetpack_social_post_already_shared":true,"jetpack_social_options":{"image_generator_settings":{"template":"highway","default_image_id":0,"font":"","enabled":false},"version":2}},"categories":[1,1176],"tags":[1525,15559,10106,17860,17012],"class_list":["post-91880","post","type-post","status-publish","format-standard","has-post-thumbnail","hentry","category-portada","category-relatos-de-futbol","tag-1525","tag-ad-almeria","tag-franco-navarro","tag-liga-primera-1980-81","tag-santiago-sanchez-traver"],"jetpack_publicize_connections":[],"jetpack_featured_media_url":"https:\/\/i0.wp.com\/www.manquepierda.com\/historiarealbetis\/files\/2023\/11\/Estadio-Franco-Navarro-1976.jpg?fit=852%2C543&ssl=1","jetpack_sharing_enabled":true,"jetpack_shortlink":"https:\/\/wp.me\/p1ij08-nTW","jetpack-related-posts":[],"_links":{"self":[{"href":"https:\/\/www.manquepierda.com\/historiarealbetis\/wp-json\/wp\/v2\/posts\/91880","targetHints":{"allow":["GET"]}}],"collection":[{"href":"https:\/\/www.manquepierda.com\/historiarealbetis\/wp-json\/wp\/v2\/posts"}],"about":[{"href":"https:\/\/www.manquepierda.com\/historiarealbetis\/wp-json\/wp\/v2\/types\/post"}],"author":[{"embeddable":true,"href":"https:\/\/www.manquepierda.com\/historiarealbetis\/wp-json\/wp\/v2\/users\/5"}],"replies":[{"embeddable":true,"href":"https:\/\/www.manquepierda.com\/historiarealbetis\/wp-json\/wp\/v2\/comments?post=91880"}],"version-history":[{"count":2,"href":"https:\/\/www.manquepierda.com\/historiarealbetis\/wp-json\/wp\/v2\/posts\/91880\/revisions"}],"predecessor-version":[{"id":91884,"href":"https:\/\/www.manquepierda.com\/historiarealbetis\/wp-json\/wp\/v2\/posts\/91880\/revisions\/91884"}],"wp:featuredmedia":[{"embeddable":true,"href":"https:\/\/www.manquepierda.com\/historiarealbetis\/wp-json\/wp\/v2\/media\/91881"}],"wp:attachment":[{"href":"https:\/\/www.manquepierda.com\/historiarealbetis\/wp-json\/wp\/v2\/media?parent=91880"}],"wp:term":[{"taxonomy":"category","embeddable":true,"href":"https:\/\/www.manquepierda.com\/historiarealbetis\/wp-json\/wp\/v2\/categories?post=91880"},{"taxonomy":"post_tag","embeddable":true,"href":"https:\/\/www.manquepierda.com\/historiarealbetis\/wp-json\/wp\/v2\/tags?post=91880"}],"curies":[{"name":"wp","href":"https:\/\/api.w.org\/{rel}","templated":true}]}}