{"id":91893,"date":"2023-12-14T12:00:00","date_gmt":"2023-12-14T11:00:00","guid":{"rendered":"https:\/\/www.manquepierda.com\/historiarealbetis\/?p=91893"},"modified":"2023-11-26T18:59:27","modified_gmt":"2023-11-26T17:59:27","slug":"hoy-hace-30-anos-betis-2-polideportivo-ejido-1-en-copa","status":"publish","type":"post","link":"https:\/\/www.manquepierda.com\/historiarealbetis\/hoy-hace-30-anos-betis-2-polideportivo-ejido-1-en-copa\/","title":{"rendered":"Hoy hace 30 a\u00f1os. Betis 2 Polideportivo Ejido 1 en Copa."},"content":{"rendered":"<div class=\"wp-block-image\">\n<figure class=\"aligncenter size-large is-resized\"><img data-recalc-dims=\"1\" loading=\"lazy\" decoding=\"async\" src=\"https:\/\/i0.wp.com\/www.manquepierda.com\/historiarealbetis\/files\/2023\/11\/14-Betis-2-Polideportivo-Ejido-1.jpg?resize=446%2C525&#038;ssl=1\" alt=\"\" class=\"wp-image-91894\" width=\"446\" height=\"525\" srcset=\"https:\/\/i0.wp.com\/www.manquepierda.com\/historiarealbetis\/files\/2023\/11\/14-Betis-2-Polideportivo-Ejido-1-scaled.jpg?resize=594%2C700&amp;ssl=1 594w, https:\/\/i0.wp.com\/www.manquepierda.com\/historiarealbetis\/files\/2023\/11\/14-Betis-2-Polideportivo-Ejido-1-scaled.jpg?resize=509%2C600&amp;ssl=1 509w, https:\/\/i0.wp.com\/www.manquepierda.com\/historiarealbetis\/files\/2023\/11\/14-Betis-2-Polideportivo-Ejido-1-scaled.jpg?resize=187%2C220&amp;ssl=1 187w, https:\/\/i0.wp.com\/www.manquepierda.com\/historiarealbetis\/files\/2023\/11\/14-Betis-2-Polideportivo-Ejido-1-scaled.jpg?resize=768%2C905&amp;ssl=1 768w\" sizes=\"auto, (max-width: 446px) 100vw, 446px\" \/><\/figure>\n<\/div>\n\n<p><\/p>\n<p><span style=\"color: #008000\">El 14 de diciembre de 1993 en el Villamar\u00edn el Betis vence 2-1 al Polideportivo Ejido en el partido de vuelta de la quinta ronda de la Copa.<\/span><\/p>\n<p><span style=\"color: #008000\">Dado que en la ida el conjunto verdiblanco ya hab\u00eda vencido por 1-3 se clasificaba para la ronda de octavos de final.<\/span><\/p>\n<p><span style=\"color: #008000\">Biri en el minuto 52 adelant\u00f3 al equipo almeriense a la salida de un c\u00f3rner. En el 68 un derribo a Comas dentro del \u00e1rea fue transformado por Kasumov en el gol del empate; y en el 75 un centro raso de Merino II fue llevado a la red por un remate de Kasumov.<\/span><\/p>\n<p><span style=\"color: #008000\">El Betis, dirigido por Sergi Kresic, aline\u00f3 a Requena; M\u00e1gico D\u00edaz, Juanlu, Merino, Merino II; Monreal, Alexis, R\u00edos, Soler (60, Cu\u00e9llar); Comas (75, Benito) y Kasumov.<\/span><\/p>\n<p><span style=\"color: #008000\">El Polideportivo Ejido, entrenado por Eduardo G\u00f3mez \u201cLalo\u201d, jug\u00f3 con Morales; Sabater, Guijarro, Abel, Robert; Aparicio (63, \u00c1ngel), Casas, Elorduy (74, Moreno), Cisco; Biri y Corti.<\/span><\/p>","protected":false},"excerpt":{"rendered":"<p>El 14 de diciembre de 1993 en el Villamar\u00edn el Betis vence 2-1 al Polideportivo Ejido en el partido de vuelta de la quinta ronda de la Copa. Dado que en la ida el conjunto verdiblanco ya hab\u00eda vencido por 1-3 se clasificaba para la ronda de octavos de final. Biri en el minuto 52&#8230;<\/p>\n","protected":false},"author":5,"featured_media":91894,"comment_status":"open","ping_status":"open","sticky":false,"template":"","format":"standard","meta":{"_kad_post_transparent":"","_kad_post_title":"","_kad_post_layout":"","_kad_post_sidebar_id":"","_kad_post_content_style":"","_kad_post_vertical_padding":"","_kad_post_feature":"","_kad_post_feature_position":"","_kad_post_header":false,"_kad_post_footer":false,"_kad_post_classname":"","_jetpack_memberships_contains_paid_content":false,"footnotes":"","jetpack_publicize_message":"","jetpack_publicize_feature_enabled":true,"jetpack_social_post_already_shared":true,"jetpack_social_options":{"image_generator_settings":{"template":"highway","default_image_id":0,"font":"","enabled":false},"version":2}},"categories":[905,14583,1],"tags":[5525,667],"class_list":["post-91893","post","type-post","status-publish","format-standard","has-post-thumbnail","hentry","category-1990-1999","category-efemerides","category-portada","tag-5525","tag-polideportivo-ejido"],"jetpack_publicize_connections":[],"jetpack_featured_media_url":"https:\/\/i0.wp.com\/www.manquepierda.com\/historiarealbetis\/files\/2023\/11\/14-Betis-2-Polideportivo-Ejido-1-scaled.jpg?fit=2173%2C2560&ssl=1","jetpack_sharing_enabled":true,"jetpack_shortlink":"https:\/\/wp.me\/p1ij08-nU9","jetpack-related-posts":[],"_links":{"self":[{"href":"https:\/\/www.manquepierda.com\/historiarealbetis\/wp-json\/wp\/v2\/posts\/91893","targetHints":{"allow":["GET"]}}],"collection":[{"href":"https:\/\/www.manquepierda.com\/historiarealbetis\/wp-json\/wp\/v2\/posts"}],"about":[{"href":"https:\/\/www.manquepierda.com\/historiarealbetis\/wp-json\/wp\/v2\/types\/post"}],"author":[{"embeddable":true,"href":"https:\/\/www.manquepierda.com\/historiarealbetis\/wp-json\/wp\/v2\/users\/5"}],"replies":[{"embeddable":true,"href":"https:\/\/www.manquepierda.com\/historiarealbetis\/wp-json\/wp\/v2\/comments?post=91893"}],"version-history":[{"count":2,"href":"https:\/\/www.manquepierda.com\/historiarealbetis\/wp-json\/wp\/v2\/posts\/91893\/revisions"}],"predecessor-version":[{"id":91896,"href":"https:\/\/www.manquepierda.com\/historiarealbetis\/wp-json\/wp\/v2\/posts\/91893\/revisions\/91896"}],"wp:featuredmedia":[{"embeddable":true,"href":"https:\/\/www.manquepierda.com\/historiarealbetis\/wp-json\/wp\/v2\/media\/91894"}],"wp:attachment":[{"href":"https:\/\/www.manquepierda.com\/historiarealbetis\/wp-json\/wp\/v2\/media?parent=91893"}],"wp:term":[{"taxonomy":"category","embeddable":true,"href":"https:\/\/www.manquepierda.com\/historiarealbetis\/wp-json\/wp\/v2\/categories?post=91893"},{"taxonomy":"post_tag","embeddable":true,"href":"https:\/\/www.manquepierda.com\/historiarealbetis\/wp-json\/wp\/v2\/tags?post=91893"}],"curies":[{"name":"wp","href":"https:\/\/api.w.org\/{rel}","templated":true}]}}