{"id":91912,"date":"2023-12-04T09:54:00","date_gmt":"2023-12-04T08:54:00","guid":{"rendered":"https:\/\/www.manquepierda.com\/historiarealbetis\/?p=91912"},"modified":"2023-11-29T13:13:18","modified_gmt":"2023-11-29T12:13:18","slug":"entrevista-sebastian-alabanda-1976-2","status":"publish","type":"post","link":"https:\/\/www.manquepierda.com\/historiarealbetis\/entrevista-sebastian-alabanda-1976-2\/","title":{"rendered":"Entrevista Sebasti\u00e1n Alabanda 1976."},"content":{"rendered":"<div class=\"wp-block-image\">\n<figure class=\"aligncenter size-large\"><img data-recalc-dims=\"1\" loading=\"lazy\" decoding=\"async\" width=\"490\" height=\"700\" src=\"https:\/\/i0.wp.com\/www.manquepierda.com\/historiarealbetis\/files\/2023\/11\/Alabanda-1.jpg?resize=490%2C700&#038;ssl=1\" alt=\"\" class=\"wp-image-91913\" srcset=\"https:\/\/i0.wp.com\/www.manquepierda.com\/historiarealbetis\/files\/2023\/11\/Alabanda-1.jpg?resize=490%2C700&amp;ssl=1 490w, https:\/\/i0.wp.com\/www.manquepierda.com\/historiarealbetis\/files\/2023\/11\/Alabanda-1.jpg?resize=420%2C600&amp;ssl=1 420w, https:\/\/i0.wp.com\/www.manquepierda.com\/historiarealbetis\/files\/2023\/11\/Alabanda-1.jpg?resize=154%2C220&amp;ssl=1 154w, https:\/\/i0.wp.com\/www.manquepierda.com\/historiarealbetis\/files\/2023\/11\/Alabanda-1.jpg?resize=768%2C1097&amp;ssl=1 768w, https:\/\/i0.wp.com\/www.manquepierda.com\/historiarealbetis\/files\/2023\/11\/Alabanda-1.jpg?w=838&amp;ssl=1 838w\" sizes=\"auto, (max-width: 490px) 100vw, 490px\" \/><\/figure>\n<\/div>\n\n<p>\u00a0<\/p>\n<p>De agosto de 1976, en plena pretemporada, es la entrevista que traemos hoy a Manquepierda. Su protagonista Sebasti\u00e1n Alabanda, quien encaraba su cuarta temporada en la primera plantilla verdiblanca. La entrevista se public\u00f3 en el diario deportivo Marca y el entrevistador era el periodista Mart\u00edn Benito, corresponsal de Marca en Sevilla en esos a\u00f1os.<\/p>\n<p>Alabanda, a sus 25 a\u00f1os, se encontraba en un momento \u00e1lgido de su carrera. En abril de ese mismo a\u00f1o hab\u00eda debutado en la selecci\u00f3n absoluta contra Alemania en partido de los cuartos de final de la Eurocopa jugado en Madrid, y era titular indiscutible en la l\u00ednea media verdiblanca.<\/p>\n<p>La entrevista gir\u00f3 en torno a la mala pretemporada b\u00e9tica en cuanto a resultados, pues hasta ese momento se hab\u00edan sucedido derrotas contundentes ante el Belenenses en el partido de presentaci\u00f3n en el Villamar\u00edn, Dinamo de Mosc\u00fa en el Ciudad de Barcelona o Partiz\u00e1n en el Colombino. La otra gran incertidumbre era la novedad en la alineaci\u00f3n de Alabanda en la defensa, junto al portugu\u00e9s Alinho, con la intenci\u00f3n de buscarle acomodo a Gerrie Murhen en la l\u00ednea media b\u00e9tica.<\/p>\n<p><span style=\"color: #008000\"><em>A\u00f1o tras a\u00f1o se ha superado hasta constituirse en uno de los hombres claves del equipo. La internacionalidad absoluta ha sido la recompensa al esfuerzo, al trabajo continuado. Sebasti\u00e1n Alabanda lleg\u00f3 de Paradas para enrolarse en los juveniles del Betis. Un hombre de la cantera, que tras breves ausencias por cesi\u00f3n a otros equipos, el Rayo Vallecano entre otros, ha sabido ganarse el puesto. Muy pronto Szusza confi\u00f3 en \u00e9l, le alent\u00f3 y le ense\u00f1o no poco.<\/em><\/span><\/p>\n<p><span style=\"color: #008000\"><em>Junto con L\u00f3pez y Carde\u00f1osa, ha constituido la base del equipo. Finaliz\u00f3 la temporada en un buen momento, y en la pretemporada se ha mostrado como el jugador m\u00e1s en forma. Sencillez absoluta, pese a sus \u00e9xitos.<\/em><\/span><\/p>\n<p><span style=\"color: #008000\"><em>&#8211; Malos resultados iniciales\u2026<\/em><\/span><\/p>\n<p><span style=\"color: #008000\"><em>&#8211; Posiblemente estemos un tanto descontrolados, pero hay que tener en cuenta que nos hemos enfrentado a equipos muy fuertes cuando llevamos muy pocos d\u00edas de preparaci\u00f3n. Tambi\u00e9n han llegado nuevos jugadores que tienen que adaptarse. Si hubi\u00e9ramos tenido enfrente a equipos m\u00e1s d\u00e9biles, seguro que los resultados hubiesen sido mejores. No hay que hacer mucho caso a la pretemporada, que s\u00f3lo debe servir para la puesta a punto con vistas a la competici\u00f3n. Creo que lograremos estar f\u00edsicamente bien para cuando comience la Liga<\/em><\/span><\/p>\n<p><span style=\"color: #008000\"><em>&#8211; \u00bfC\u00f3mo ve la plantilla?<\/em><\/span><\/p>\n<p><span style=\"color: #008000\"><em>&#8211; Bien. Han llegado nuevos refuerzos y todos estamos ilusionados en mejorar r\u00e1pidamente<\/em><\/span><\/p>\n<p><span style=\"color: #008000\"><em>&#8211; \u00bfUn pron\u00f3stico para la temporada?<\/em><\/span><\/p>\n<p><span style=\"color: #008000\"><em>&#8211; Nuestro deseo es mejorar la campa\u00f1a que realizamos el a\u00f1o pasado. Fue buena, pero siempre hay que intentar superarse. El Betis cuenta con los mismos jugadores y han llegado dos nuevos que pueden ser importantes<\/em><\/span><\/p>\n<p><span style=\"color: #008000\"><em>En los ensayos de pretemporada, Alabanda ha ocupado el puesto de l\u00edbero en la defensa, junto a Alinho, dando paso a Muhren en la l\u00ednea de centrocampistas. El \u00e9xito no ha coronado del todo la prueba, tal vez por falta de entendimiento entre el portugu\u00e9s y el espa\u00f1ol. En la temporada anterior, Alabanda ya ha cubierto la demarcaci\u00f3n con buenos resultados y Szusza tiene intenci\u00f3n de utilizarle con misi\u00f3n de salir hacia adelante en los momentos oportunos. Su capacidad f\u00edsica le permite la vuelta r\u00e1pida hacia atr\u00e1s.<\/em><\/span><\/p>\n<p><span style=\"color: #008000\"><em>&#8211; \u00bfSe siente a gusto como l\u00edbero?<\/em><\/span><\/p>\n<p><span style=\"color: #008000\"><em>&#8211; Esto es cosa del entrenador, porque piensa que puedo rendir mejor para el equipo<\/em><\/span><\/p>\n<p><span style=\"color: #008000\"><em>&#8211; \u00bfD\u00f3nde puede rendir m\u00e1s?<\/em><\/span><\/p>\n<p><span style=\"color: #008000\"><em>&#8211; Me gusta tanto el f\u00fatbol que me da lo mismo que me coloquen en un sitio que en otro. Yo intentar\u00e9 cumplir con la misi\u00f3n que me den, sea de l\u00edbero, marcaje o en el centro del campo<\/em><\/span><\/p>\n<p><span style=\"color: #008000\"><em>&#8211; \u00bfHubo falta de entendimiento con Alinho?<\/em><\/span><\/p>\n<p><em><span style=\"color: #008000\">&#8211; En el primer partido frente al Os Belenenses las cosas no fueron bien, pero nos sirvi\u00f3 de experiencia. En el encuentro frente al Manchester, en el Colombino, fueron mejor. Puede ser cuesti\u00f3n de tiempo<\/span><\/em><\/p>\n<p><span style=\"color: #008000\"><em>&#8211; \u00bfAspiraciones personales para la temporada?<\/em><\/span><\/p>\n<p><span style=\"color: #008000\"><em>&#8211; Que todo me salga como las cuatro anteriores, en las que jugu\u00e9 de forma habitual. Para el equipo espero una buena campa\u00f1a<\/em><\/span><\/p>\n<p><span style=\"color: #008000\"><em>&#8211; \u00bfEspera que Kubala siga confiando en Alabanda?<\/em><\/span><\/p>\n<p><em><span style=\"color: #008000\">&#8211; Pondr\u00e9 de mi parte todo lo necesario. Ser internacional es la meta de todo jugador y cuando se llega hay que esforzarse por repetir<\/span><\/em><\/p>\n<p><span style=\"color: #008000\"><em>&#8211; \u00bfFigura en el Betis?<\/em><\/span><\/p>\n<p><em><span style=\"color: #008000\">&#8211; Soy una pieza m\u00e1s que pretende ser \u00fatil<\/span><\/em><\/p>\n<p><span style=\"color: #008000\"><em>Pero importante<\/em><\/span><\/p>\n<p><em>\u00a0<\/em><\/p>\n<p>\u00a0<\/p>","protected":false},"excerpt":{"rendered":"<p>\u00a0 De agosto de 1976, en plena pretemporada, es la entrevista que traemos hoy a Manquepierda. Su protagonista Sebasti\u00e1n Alabanda, quien encaraba su cuarta temporada en la primera plantilla verdiblanca. La entrevista se public\u00f3 en el diario deportivo Marca y el entrevistador era el periodista Mart\u00edn Benito, corresponsal de Marca en Sevilla en esos a\u00f1os&#8230;.<\/p>\n","protected":false},"author":5,"featured_media":91913,"comment_status":"open","ping_status":"open","sticky":false,"template":"","format":"standard","meta":{"_kad_post_transparent":"","_kad_post_title":"","_kad_post_layout":"","_kad_post_sidebar_id":"","_kad_post_content_style":"","_kad_post_vertical_padding":"","_kad_post_feature":"","_kad_post_feature_position":"","_kad_post_header":false,"_kad_post_footer":false,"_kad_post_classname":"","_jetpack_memberships_contains_paid_content":false,"footnotes":"","jetpack_publicize_message":"","jetpack_publicize_feature_enabled":true,"jetpack_social_post_already_shared":true,"jetpack_social_options":{"image_generator_settings":{"template":"highway","default_image_id":0,"font":"","enabled":false},"version":2}},"categories":[903,893,1],"tags":[1556,2238,13406,1164],"class_list":["post-91912","post","type-post","status-publish","format-standard","has-post-thumbnail","hentry","category-1970-1979","category-jugadores-temas","category-portada","tag-1556","tag-1976-77","tag-martin-benito","tag-sebastian-alabanda"],"jetpack_publicize_connections":[],"jetpack_featured_media_url":"https:\/\/i0.wp.com\/www.manquepierda.com\/historiarealbetis\/files\/2023\/11\/Alabanda-1.jpg?fit=838%2C1197&ssl=1","jetpack_sharing_enabled":true,"jetpack_shortlink":"https:\/\/wp.me\/p1ij08-nUs","jetpack-related-posts":[],"_links":{"self":[{"href":"https:\/\/www.manquepierda.com\/historiarealbetis\/wp-json\/wp\/v2\/posts\/91912","targetHints":{"allow":["GET"]}}],"collection":[{"href":"https:\/\/www.manquepierda.com\/historiarealbetis\/wp-json\/wp\/v2\/posts"}],"about":[{"href":"https:\/\/www.manquepierda.com\/historiarealbetis\/wp-json\/wp\/v2\/types\/post"}],"author":[{"embeddable":true,"href":"https:\/\/www.manquepierda.com\/historiarealbetis\/wp-json\/wp\/v2\/users\/5"}],"replies":[{"embeddable":true,"href":"https:\/\/www.manquepierda.com\/historiarealbetis\/wp-json\/wp\/v2\/comments?post=91912"}],"version-history":[{"count":3,"href":"https:\/\/www.manquepierda.com\/historiarealbetis\/wp-json\/wp\/v2\/posts\/91912\/revisions"}],"predecessor-version":[{"id":91956,"href":"https:\/\/www.manquepierda.com\/historiarealbetis\/wp-json\/wp\/v2\/posts\/91912\/revisions\/91956"}],"wp:featuredmedia":[{"embeddable":true,"href":"https:\/\/www.manquepierda.com\/historiarealbetis\/wp-json\/wp\/v2\/media\/91913"}],"wp:attachment":[{"href":"https:\/\/www.manquepierda.com\/historiarealbetis\/wp-json\/wp\/v2\/media?parent=91912"}],"wp:term":[{"taxonomy":"category","embeddable":true,"href":"https:\/\/www.manquepierda.com\/historiarealbetis\/wp-json\/wp\/v2\/categories?post=91912"},{"taxonomy":"post_tag","embeddable":true,"href":"https:\/\/www.manquepierda.com\/historiarealbetis\/wp-json\/wp\/v2\/tags?post=91912"}],"curies":[{"name":"wp","href":"https:\/\/api.w.org\/{rel}","templated":true}]}}