{"id":91933,"date":"2023-12-08T10:25:00","date_gmt":"2023-12-08T09:25:00","guid":{"rendered":"https:\/\/www.manquepierda.com\/historiarealbetis\/?p=91933"},"modified":"2024-09-19T00:05:42","modified_gmt":"2024-09-18T22:05:42","slug":"betis-real-madrid-liga-1983","status":"publish","type":"post","link":"https:\/\/www.manquepierda.com\/historiarealbetis\/betis-real-madrid-liga-1983\/","title":{"rendered":"Betis-Real Madrid Liga 1983"},"content":{"rendered":"<div class=\"wp-block-image\">\n<figure class=\"aligncenter size-large\"><img data-recalc-dims=\"1\" loading=\"lazy\" decoding=\"async\" width=\"960\" height=\"612\" src=\"https:\/\/i0.wp.com\/www.manquepierda.com\/historiarealbetis\/files\/2023\/11\/Betis-Real-Madrid-Liga-1983-Parra-y-Juanito-Diario-16-7-3-1983-1.jpg?resize=960%2C612&#038;ssl=1\" alt=\"\" class=\"wp-image-91935\" srcset=\"https:\/\/i0.wp.com\/www.manquepierda.com\/historiarealbetis\/files\/2023\/11\/Betis-Real-Madrid-Liga-1983-Parra-y-Juanito-Diario-16-7-3-1983-1-scaled.jpg?resize=960%2C612&amp;ssl=1 960w, https:\/\/i0.wp.com\/www.manquepierda.com\/historiarealbetis\/files\/2023\/11\/Betis-Real-Madrid-Liga-1983-Parra-y-Juanito-Diario-16-7-3-1983-1-scaled.jpg?resize=680%2C433&amp;ssl=1 680w, https:\/\/i0.wp.com\/www.manquepierda.com\/historiarealbetis\/files\/2023\/11\/Betis-Real-Madrid-Liga-1983-Parra-y-Juanito-Diario-16-7-3-1983-1-scaled.jpg?resize=220%2C140&amp;ssl=1 220w, https:\/\/i0.wp.com\/www.manquepierda.com\/historiarealbetis\/files\/2023\/11\/Betis-Real-Madrid-Liga-1983-Parra-y-Juanito-Diario-16-7-3-1983-1-scaled.jpg?resize=768%2C489&amp;ssl=1 768w\" sizes=\"auto, (max-width: 960px) 100vw, 960px\" \/><\/figure>\n<\/div>\n\n<p><\/p>\n<p>6 de marzo de 1983 en el Villamar\u00edn Betis 1 Real Madrid 1; jornada 27 del Campeonato de Liga de Primera Divisi\u00f3n.<\/p>\n<p>En la imagen Joaqu\u00edn Parra conduce un bal\u00f3n perseguido por el madridista Juanito; al fondo Casado y Canito y en segundo plano Esnaola en la porter\u00eda b\u00e9tica.<\/p>\n<p>\u00c1ngel adelant\u00f3 a los visitantes en el minuto 61, empatando Barnes en el 66 para el Betis.<\/p>\n<p>Marcel Domingo entrenaba al Betis y Alfredo Di St\u00e9fano al Real Madrid.&nbsp;<\/p>","protected":false},"excerpt":{"rendered":"<p>6 de marzo de 1983 en el Villamar\u00edn Betis 1 Real Madrid 1; jornada 27 del Campeonato de Liga de Primera Divisi\u00f3n. En la imagen Joaqu\u00edn Parra conduce un bal\u00f3n perseguido por el madridista Juanito; al fondo Casado y Canito y en segundo plano Esnaola en la porter\u00eda b\u00e9tica. \u00c1ngel adelant\u00f3 a los visitantes en&#8230;<\/p>\n","protected":false},"author":5,"featured_media":91935,"comment_status":"open","ping_status":"open","sticky":false,"template":"","format":"standard","meta":{"_kad_post_transparent":"","_kad_post_title":"","_kad_post_layout":"","_kad_post_sidebar_id":"","_kad_post_content_style":"","_kad_post_vertical_padding":"","_kad_post_feature":"","_kad_post_feature_position":"","_kad_post_header":false,"_kad_post_footer":false,"_kad_post_classname":"","_jetpack_memberships_contains_paid_content":false,"footnotes":"","jetpack_publicize_message":"","jetpack_publicize_feature_enabled":true,"jetpack_social_post_already_shared":true,"jetpack_social_options":{"image_generator_settings":{"template":"highway","default_image_id":0,"font":"","enabled":false},"version":2}},"categories":[904,1],"tags":[2186,4327,1409,1588,13356,1302,17649,17848,13362],"class_list":["post-91933","post","type-post","status-publish","format-standard","has-post-thumbnail","hentry","category-1980-1989","category-portada","tag-1982-83","tag-4327","tag-antonio-casado","tag-joaquin-parra","tag-jose-cano-canito","tag-jose-ramon-esnaola","tag-juan-gomez-juanito","tag-liga-primera-1982-83","tag-real-madrid-cf"],"jetpack_publicize_connections":[],"jetpack_featured_media_url":"https:\/\/i0.wp.com\/www.manquepierda.com\/historiarealbetis\/files\/2023\/11\/Betis-Real-Madrid-Liga-1983-Parra-y-Juanito-Diario-16-7-3-1983-1-scaled.jpg?fit=2560%2C1631&ssl=1","jetpack_sharing_enabled":true,"jetpack_shortlink":"https:\/\/wp.me\/p1ij08-nUN","jetpack-related-posts":[],"_links":{"self":[{"href":"https:\/\/www.manquepierda.com\/historiarealbetis\/wp-json\/wp\/v2\/posts\/91933","targetHints":{"allow":["GET"]}}],"collection":[{"href":"https:\/\/www.manquepierda.com\/historiarealbetis\/wp-json\/wp\/v2\/posts"}],"about":[{"href":"https:\/\/www.manquepierda.com\/historiarealbetis\/wp-json\/wp\/v2\/types\/post"}],"author":[{"embeddable":true,"href":"https:\/\/www.manquepierda.com\/historiarealbetis\/wp-json\/wp\/v2\/users\/5"}],"replies":[{"embeddable":true,"href":"https:\/\/www.manquepierda.com\/historiarealbetis\/wp-json\/wp\/v2\/comments?post=91933"}],"version-history":[{"count":2,"href":"https:\/\/www.manquepierda.com\/historiarealbetis\/wp-json\/wp\/v2\/posts\/91933\/revisions"}],"predecessor-version":[{"id":91938,"href":"https:\/\/www.manquepierda.com\/historiarealbetis\/wp-json\/wp\/v2\/posts\/91933\/revisions\/91938"}],"wp:featuredmedia":[{"embeddable":true,"href":"https:\/\/www.manquepierda.com\/historiarealbetis\/wp-json\/wp\/v2\/media\/91935"}],"wp:attachment":[{"href":"https:\/\/www.manquepierda.com\/historiarealbetis\/wp-json\/wp\/v2\/media?parent=91933"}],"wp:term":[{"taxonomy":"category","embeddable":true,"href":"https:\/\/www.manquepierda.com\/historiarealbetis\/wp-json\/wp\/v2\/categories?post=91933"},{"taxonomy":"post_tag","embeddable":true,"href":"https:\/\/www.manquepierda.com\/historiarealbetis\/wp-json\/wp\/v2\/tags?post=91933"}],"curies":[{"name":"wp","href":"https:\/\/api.w.org\/{rel}","templated":true}]}}