{"id":91943,"date":"2023-12-17T12:00:00","date_gmt":"2023-12-17T11:00:00","guid":{"rendered":"https:\/\/www.manquepierda.com\/historiarealbetis\/?p=91943"},"modified":"2024-08-28T11:53:08","modified_gmt":"2024-08-28T09:53:08","slug":"hoy-hace-20-anos-cordoba-1-betis-3-en-copa","status":"publish","type":"post","link":"https:\/\/www.manquepierda.com\/historiarealbetis\/hoy-hace-20-anos-cordoba-1-betis-3-en-copa\/","title":{"rendered":"Hoy hace 20 a\u00f1os. C\u00f3rdoba 1 Betis 3 en Copa."},"content":{"rendered":"<div class=\"wp-block-image\">\n<figure class=\"aligncenter size-large is-resized\"><img data-recalc-dims=\"1\" loading=\"lazy\" decoding=\"async\" src=\"https:\/\/i0.wp.com\/www.manquepierda.com\/historiarealbetis\/files\/2023\/11\/17-2003-Cordoba-1-Betis-3.jpg?resize=552%2C525&#038;ssl=1\" alt=\"\" class=\"wp-image-91944\" width=\"552\" height=\"525\" srcset=\"https:\/\/i0.wp.com\/www.manquepierda.com\/historiarealbetis\/files\/2023\/11\/17-2003-Cordoba-1-Betis-3.jpg?resize=736%2C700&amp;ssl=1 736w, https:\/\/i0.wp.com\/www.manquepierda.com\/historiarealbetis\/files\/2023\/11\/17-2003-Cordoba-1-Betis-3.jpg?resize=631%2C600&amp;ssl=1 631w, https:\/\/i0.wp.com\/www.manquepierda.com\/historiarealbetis\/files\/2023\/11\/17-2003-Cordoba-1-Betis-3.jpg?resize=220%2C209&amp;ssl=1 220w, https:\/\/i0.wp.com\/www.manquepierda.com\/historiarealbetis\/files\/2023\/11\/17-2003-Cordoba-1-Betis-3.jpg?resize=768%2C730&amp;ssl=1 768w, https:\/\/i0.wp.com\/www.manquepierda.com\/historiarealbetis\/files\/2023\/11\/17-2003-Cordoba-1-Betis-3.jpg?w=912&amp;ssl=1 912w\" sizes=\"auto, (max-width: 552px) 100vw, 552px\" \/><\/figure>\n<\/div>\n\n<p><\/p>\n<p><span style=\"color: #008000\">El 17 de diciembre de 2003 en el Nuevo Arc\u00e1ngel el Betis vence 1-3 al C\u00f3rdoba en partido \u00fanico de los dieciseisavos de final de la Copa.<\/span><\/p>\n<p><span style=\"color: #008000\">George en el minuto 30 puso por delante el C\u00f3rdoba tras recortar a Varela. En el 35 empat\u00f3 Dani tras un pase al hueco de Ito, y en el 54 de nuevo Dani marc\u00f3 tras un taconazo de Ito. En el 93 Fernando, de tac\u00f3n, cerr\u00f3 el marcador a pase de Ismael.<\/span><\/p>\n<p><span style=\"color: #008000\">El C\u00f3rdoba, dirigido por Miguel \u00c1ngel Portugal, aline\u00f3 a Valero; \u00c1ngel, Berruet, Juanmi, L\u00f3pez Ramos; Sierra (74, Est\u00e9vez), Francisco, Gracia (68, Platero), George (57, Villa); Oliveira y Gonz\u00e1lez.<\/span><\/p>\n<p><span style=\"color: #008000\">El Betis, entrenado por V\u00edctor Fern\u00e1ndez, jug\u00f3 con Prats; Juanito, Rivas, Lembo, Mingo (22, Varela); Joaqu\u00edn, Ito, Benjam\u00edn, Ismael, Capi (72, Arzu); Dani (61, Fernando). &nbsp;<\/span><\/p>","protected":false},"excerpt":{"rendered":"<p>El 17 de diciembre de 2003 en el Nuevo Arc\u00e1ngel el Betis vence 1-3 al C\u00f3rdoba en partido \u00fanico de los dieciseisavos de final de la Copa. George en el minuto 30 puso por delante el C\u00f3rdoba tras recortar a Varela. En el 35 empat\u00f3 Dani tras un pase al hueco de Ito, y en&#8230;<\/p>\n","protected":false},"author":5,"featured_media":91944,"comment_status":"open","ping_status":"open","sticky":false,"template":"","format":"standard","meta":{"_kad_post_transparent":"","_kad_post_title":"","_kad_post_layout":"","_kad_post_sidebar_id":"","_kad_post_content_style":"","_kad_post_vertical_padding":"","_kad_post_feature":"","_kad_post_feature_position":"","_kad_post_header":false,"_kad_post_footer":false,"_kad_post_classname":"","_jetpack_memberships_contains_paid_content":false,"footnotes":"","jetpack_publicize_message":"","jetpack_publicize_feature_enabled":true,"jetpack_social_post_already_shared":true,"jetpack_social_options":{"image_generator_settings":{"template":"highway","default_image_id":0,"font":"","enabled":false},"version":2}},"categories":[4823,14583,1],"tags":[6552,18183,2110],"class_list":["post-91943","post","type-post","status-publish","format-standard","has-post-thumbnail","hentry","category-2000-2009","category-efemerides","category-portada","tag-6552","tag-copa-2003-04","tag-cordoba-cf"],"jetpack_publicize_connections":[],"jetpack_featured_media_url":"https:\/\/i0.wp.com\/www.manquepierda.com\/historiarealbetis\/files\/2023\/11\/17-2003-Cordoba-1-Betis-3.jpg?fit=912%2C867&ssl=1","jetpack_sharing_enabled":true,"jetpack_shortlink":"https:\/\/wp.me\/p1ij08-nUX","jetpack-related-posts":[],"_links":{"self":[{"href":"https:\/\/www.manquepierda.com\/historiarealbetis\/wp-json\/wp\/v2\/posts\/91943","targetHints":{"allow":["GET"]}}],"collection":[{"href":"https:\/\/www.manquepierda.com\/historiarealbetis\/wp-json\/wp\/v2\/posts"}],"about":[{"href":"https:\/\/www.manquepierda.com\/historiarealbetis\/wp-json\/wp\/v2\/types\/post"}],"author":[{"embeddable":true,"href":"https:\/\/www.manquepierda.com\/historiarealbetis\/wp-json\/wp\/v2\/users\/5"}],"replies":[{"embeddable":true,"href":"https:\/\/www.manquepierda.com\/historiarealbetis\/wp-json\/wp\/v2\/comments?post=91943"}],"version-history":[{"count":2,"href":"https:\/\/www.manquepierda.com\/historiarealbetis\/wp-json\/wp\/v2\/posts\/91943\/revisions"}],"predecessor-version":[{"id":91946,"href":"https:\/\/www.manquepierda.com\/historiarealbetis\/wp-json\/wp\/v2\/posts\/91943\/revisions\/91946"}],"wp:featuredmedia":[{"embeddable":true,"href":"https:\/\/www.manquepierda.com\/historiarealbetis\/wp-json\/wp\/v2\/media\/91944"}],"wp:attachment":[{"href":"https:\/\/www.manquepierda.com\/historiarealbetis\/wp-json\/wp\/v2\/media?parent=91943"}],"wp:term":[{"taxonomy":"category","embeddable":true,"href":"https:\/\/www.manquepierda.com\/historiarealbetis\/wp-json\/wp\/v2\/categories?post=91943"},{"taxonomy":"post_tag","embeddable":true,"href":"https:\/\/www.manquepierda.com\/historiarealbetis\/wp-json\/wp\/v2\/tags?post=91943"}],"curies":[{"name":"wp","href":"https:\/\/api.w.org\/{rel}","templated":true}]}}