{"id":91980,"date":"2023-12-10T09:42:00","date_gmt":"2023-12-10T08:42:00","guid":{"rendered":"https:\/\/www.manquepierda.com\/historiarealbetis\/?p=91980"},"modified":"2024-09-25T19:29:17","modified_gmt":"2024-09-25T17:29:17","slug":"denilson-quitate-la-presion-y-sal-a-disfrutar","status":"publish","type":"post","link":"https:\/\/www.manquepierda.com\/historiarealbetis\/denilson-quitate-la-presion-y-sal-a-disfrutar\/","title":{"rendered":"Denilson, qu\u00edtate la presi\u00f3n y sal a disfrutar, de Manuel Ruiz de Lopera."},"content":{"rendered":"<div class=\"wp-block-image\">\n<figure class=\"aligncenter size-full\"><img data-recalc-dims=\"1\" loading=\"lazy\" decoding=\"async\" width=\"377\" height=\"504\" src=\"https:\/\/i0.wp.com\/www.manquepierda.com\/historiarealbetis\/files\/2023\/12\/Denilson-1998.jpg?resize=377%2C504&#038;ssl=1\" alt=\"\" class=\"wp-image-91981\" srcset=\"https:\/\/i0.wp.com\/www.manquepierda.com\/historiarealbetis\/files\/2023\/12\/Denilson-1998.jpg?w=377&amp;ssl=1 377w, https:\/\/i0.wp.com\/www.manquepierda.com\/historiarealbetis\/files\/2023\/12\/Denilson-1998.jpg?resize=165%2C220&amp;ssl=1 165w\" sizes=\"auto, (max-width: 377px) 100vw, 377px\" \/><\/figure>\n<\/div>\n\n<p><\/p>\n<p>En agosto de 1997 el Betis fich\u00f3 a Denilson, un futbolista brasile\u00f1o de 20 a\u00f1os por el que pag\u00f3 5.300 millones de pesetas al Sao Paulo. En ese momento fue el r\u00e9cord mundial en cuanto a traspasos.&nbsp;<\/p>\n<p>No se incorpor\u00f3 a la disciplina b\u00e9tica hasta la temporada 1998-99, despu\u00e9s de jugar el Campeonato Mundial de F\u00fatbol de Francia en 1998. Desde su llegada a Sevilla, con una enorme expectaci\u00f3n, la pol\u00e9mica estuvo servida y la marcha de Luis Aragon\u00e9s en ese verano tuvo bastante que ver con la llegada del astro brasile\u00f1o y las modificaciones que ello iba a producir en la plantilla verdiblanca, como la marcha del croata Robert Jarni, que produjo el enfrentamiento decisivo entre el t\u00e9cnico madrile\u00f1o y el m\u00e1ximo accionista.<\/p>\n<p>Una vez aparentemente resueltos todos estos problemas, con la llegada sucesiva de 3 t\u00e9cnicos m\u00e1s entre agosto y octubre (Antonio Oliveira, Vicente Cantatore y Javier Clemente), Denilson se integr\u00f3 en la plantilla verdiblanca, debutando en el partido inicial de Liga frente al Deportivo Alav\u00e9s en San Mam\u00e9s.<\/p>\n<p>Las jornadas pasaban y Denilson no respond\u00eda a ese papel de super estrella con que se le esperaba. Era un buen jugador, con mucha floritura pero poca efectividad de cara al juego de conjunto del equipo. Y los problemas con un t\u00e9cnico de car\u00e1cter como Javier Clemente no tardar\u00edan en saltar.<\/p>\n<p>El texto que hoy traemos a Manquepierda se public\u00f3 en el diario deportivo Marca el 12 de diciembre de 1998, el d\u00eda que el Betis recib\u00eda al Atl\u00e9tico de Madrid en el Villamar\u00edn. Su autor nada m\u00e1s y nada menos que Manuel Ruiz de Lopera, quien firm\u00f3 este art\u00edculo como expresi\u00f3n de apoyo al futbolista brasile\u00f1o, que no pasaba por su mejor momento. No marcar\u00eda su primer gol, como ya vimos <a href=\"https:\/\/www.manquepierda.com\/historiarealbetis\/primer-gol-denilson-1999\/\"><strong>aqu\u00ed,<\/strong><\/a> hasta febrero de 1999.<\/p>\n<p>Como curiosidad Lopera mencionaba en el art\u00edculo todo un cl\u00e1sico en sus intervenciones, como era el de las grandes ofertas provenientes de clubs extranjeros deseosos de enrolar a la figura brasile\u00f1a, un tema recurrente y que nunca se lleg\u00f3 a concretar.&nbsp;<\/p>\n<p><span style=\"color: #008000\"><em>Estimado Denilson:<\/em><\/span><\/p>\n<p><span style=\"color: #008000\"><em>No s\u00e9 si vas jugar o no esta noche, porque ya sabes que yo nunca me meto en el trabajo del entrenador. Lo que ahora quiero decirte es que nuestro objetivo es que te sientas como en casa, entre otras cosas porque sabemos que \u00e9sa es la manera de que rindas sobre el c\u00e9sped como s\u00f3lo t\u00fa sabes.<\/em><\/span><\/p>\n<p><span style=\"color: #008000\"><em>Nadie te va a pedir cuentas ma\u00f1ana mismo porque queremos contar contigo para este Betis y para un futuro lleno de alegr\u00edas para los b\u00e9ticos. As\u00ed que qu\u00edtate esa presi\u00f3n de la cabeza y sal a disfrutar en el Villamar\u00edn o donde sea, siempre dentro de la misi\u00f3n que te encomiende nuestro t\u00e9cnico, algo que ya est\u00e1s haciendo, seg\u00fan me han dicho y que yo veo. Ese trabajo y esa humildad que est\u00e1s demostrando van a dar sus frutos, ya lo ver\u00e1s.<\/em><\/span><\/p>\n<p><span style=\"color: #008000\"><em>Para que lo sepas, tengo sobre la mesa la petici\u00f3n de varios clubes que quieren contar contigo. Y no son clubes del mont\u00f3n. Son la Juventus, el Mil\u00e1n, el PSV, el Ajax y el Inter, que me han dicho que si aqu\u00ed no te queremos, all\u00ed tienes un sitio. Pero t\u00fa eres del Betis y aqu\u00ed tienes que triunfar. <\/em><\/span><\/p>\n<p><span style=\"color: #008000\"><em>Te has encontrado, adem\u00e1s, con un Betis que ha pasado un verano muy movido, con la \u201cfuga\u201d de dos entrenadores, pero t\u00fa sabes igual que yo que con Clemente vamos hacia arriba.<\/em><\/span><\/p>\n<p><em><span style=\"color: #008000\">T\u00fa sabes mejor que yo que tus compa\u00f1eros son de categor\u00eda y que todos juntos vais a hacer grandes cosas. Dentro de poco llegar\u00e1 tu gran d\u00eda y espero que sepas dedicarle tu primer gol a esta maravillosa afici\u00f3n que te arropa, a tus compa\u00f1eros, que quieren lo mejor para ti y para el equipo, a tus t\u00e9cnicos, que buscan la manera de sacarte todo lo que llevas dentro y, ya puestos, a este presidente que va a seguir confiando en ti y que s\u00f3lo quiere verte vestido de verdiblanco.<\/span><\/em><\/p>\n<p><em><span style=\"color: #008000\">Un abrazo.<\/span> &nbsp;&nbsp;&nbsp;<\/em><\/p>","protected":false},"excerpt":{"rendered":"<p>En agosto de 1997 el Betis fich\u00f3 a Denilson, un futbolista brasile\u00f1o de 20 a\u00f1os por el que pag\u00f3 5.300 millones de pesetas al Sao Paulo. En ese momento fue el r\u00e9cord mundial en cuanto a traspasos.&nbsp; No se incorpor\u00f3 a la disciplina b\u00e9tica hasta la temporada 1998-99, despu\u00e9s de jugar el Campeonato Mundial de&#8230;<\/p>\n","protected":false},"author":5,"featured_media":91981,"comment_status":"open","ping_status":"open","sticky":false,"template":"","format":"standard","meta":{"_kad_post_transparent":"","_kad_post_title":"","_kad_post_layout":"","_kad_post_sidebar_id":"","_kad_post_content_style":"","_kad_post_vertical_padding":"","_kad_post_feature":"","_kad_post_feature_position":"","_kad_post_header":false,"_kad_post_footer":false,"_kad_post_classname":"","_jetpack_memberships_contains_paid_content":false,"footnotes":"","jetpack_publicize_message":"","jetpack_publicize_feature_enabled":true,"jetpack_social_post_already_shared":true,"jetpack_social_options":{"image_generator_settings":{"template":"highway","default_image_id":0,"font":"","enabled":false},"version":2}},"categories":[1,1176],"tags":[2413,2418,8707],"class_list":["post-91980","post","type-post","status-publish","format-standard","has-post-thumbnail","hentry","category-portada","category-relatos-de-futbol","tag-2413","tag-denilson-de-oliveira","tag-manuel-ruiz-de-lopera"],"jetpack_publicize_connections":[],"jetpack_featured_media_url":"https:\/\/i0.wp.com\/www.manquepierda.com\/historiarealbetis\/files\/2023\/12\/Denilson-1998.jpg?fit=377%2C504&ssl=1","jetpack_sharing_enabled":true,"jetpack_shortlink":"https:\/\/wp.me\/p1ij08-nVy","jetpack-related-posts":[],"_links":{"self":[{"href":"https:\/\/www.manquepierda.com\/historiarealbetis\/wp-json\/wp\/v2\/posts\/91980","targetHints":{"allow":["GET"]}}],"collection":[{"href":"https:\/\/www.manquepierda.com\/historiarealbetis\/wp-json\/wp\/v2\/posts"}],"about":[{"href":"https:\/\/www.manquepierda.com\/historiarealbetis\/wp-json\/wp\/v2\/types\/post"}],"author":[{"embeddable":true,"href":"https:\/\/www.manquepierda.com\/historiarealbetis\/wp-json\/wp\/v2\/users\/5"}],"replies":[{"embeddable":true,"href":"https:\/\/www.manquepierda.com\/historiarealbetis\/wp-json\/wp\/v2\/comments?post=91980"}],"version-history":[{"count":9,"href":"https:\/\/www.manquepierda.com\/historiarealbetis\/wp-json\/wp\/v2\/posts\/91980\/revisions"}],"predecessor-version":[{"id":91991,"href":"https:\/\/www.manquepierda.com\/historiarealbetis\/wp-json\/wp\/v2\/posts\/91980\/revisions\/91991"}],"wp:featuredmedia":[{"embeddable":true,"href":"https:\/\/www.manquepierda.com\/historiarealbetis\/wp-json\/wp\/v2\/media\/91981"}],"wp:attachment":[{"href":"https:\/\/www.manquepierda.com\/historiarealbetis\/wp-json\/wp\/v2\/media?parent=91980"}],"wp:term":[{"taxonomy":"category","embeddable":true,"href":"https:\/\/www.manquepierda.com\/historiarealbetis\/wp-json\/wp\/v2\/categories?post=91980"},{"taxonomy":"post_tag","embeddable":true,"href":"https:\/\/www.manquepierda.com\/historiarealbetis\/wp-json\/wp\/v2\/tags?post=91980"}],"curies":[{"name":"wp","href":"https:\/\/api.w.org\/{rel}","templated":true}]}}