{"id":92225,"date":"2024-01-03T12:00:00","date_gmt":"2024-01-03T11:00:00","guid":{"rendered":"https:\/\/www.manquepierda.com\/historiarealbetis\/?p=92225"},"modified":"2024-08-12T11:36:57","modified_gmt":"2024-08-12T09:36:57","slug":"hoy-hace-25-anos-betis-4-villarreal-1","status":"publish","type":"post","link":"https:\/\/www.manquepierda.com\/historiarealbetis\/hoy-hace-25-anos-betis-4-villarreal-1\/","title":{"rendered":"Hoy hace 25 a\u00f1os. Betis 4 Villarreal 1."},"content":{"rendered":"<div class=\"wp-block-image\">\n<figure class=\"aligncenter size-large\"><img data-recalc-dims=\"1\" loading=\"lazy\" decoding=\"async\" width=\"960\" height=\"608\" src=\"https:\/\/i0.wp.com\/www.manquepierda.com\/historiarealbetis\/files\/2023\/12\/3-1999-Betis-4-Villarreal-1-.jpg?resize=960%2C608&#038;ssl=1\" alt=\"\" class=\"wp-image-92226\" srcset=\"https:\/\/i0.wp.com\/www.manquepierda.com\/historiarealbetis\/files\/2023\/12\/3-1999-Betis-4-Villarreal-1-.jpg?resize=960%2C608&amp;ssl=1 960w, https:\/\/i0.wp.com\/www.manquepierda.com\/historiarealbetis\/files\/2023\/12\/3-1999-Betis-4-Villarreal-1-.jpg?resize=680%2C431&amp;ssl=1 680w, https:\/\/i0.wp.com\/www.manquepierda.com\/historiarealbetis\/files\/2023\/12\/3-1999-Betis-4-Villarreal-1-.jpg?resize=220%2C139&amp;ssl=1 220w, https:\/\/i0.wp.com\/www.manquepierda.com\/historiarealbetis\/files\/2023\/12\/3-1999-Betis-4-Villarreal-1-.jpg?resize=768%2C486&amp;ssl=1 768w, https:\/\/i0.wp.com\/www.manquepierda.com\/historiarealbetis\/files\/2023\/12\/3-1999-Betis-4-Villarreal-1-.jpg?w=990&amp;ssl=1 990w\" sizes=\"auto, (max-width: 960px) 100vw, 960px\" \/><\/figure>\n<\/div>\n\n<p><\/p>\n<p><span style=\"color: #008000\">El 3 de enero de 1999 en el Villamar\u00edn el Betis derrota 4-1 al Villarreal en partido de la jornada 16 del Campeonato de Liga de Primera Divisi\u00f3n.<\/span><\/p>\n<p><span style=\"color: #008000\">En el minuto 32 Finidi abri\u00f3 el marcador, transformando un penalti cometido sobre Oli. En el 46 de nuevo de penalti Finidi hizo el 2-0, tras un derribo a Alfonso. Alfaro en el 62 hizo el 2-1 tambi\u00e9n de penalti. Alfonso marc\u00f3 el 3-1 rematando de cabeza un centro de Denilson en el 74 y en el 84 Jaques de vaselina bati\u00f3 a Palop.<\/span><\/p>\n<p><span style=\"color: #008000\">El Betis, dirigido por Javier Clemente, jug\u00f3 con Prats; Merino, Otero, Ol\u00edas, Luis Fern\u00e1ndez; Finidi, Ito (59, Ure\u00f1a), Benjam\u00edn, Denilson (78, Fernando); Alfonso y Oli (70, Jaques).<\/span><\/p>\n<p><span style=\"color: #008000\">El Villarreal, entrenado por Jos\u00e9 Antonio Irulegui, aline\u00f3 a Palop; Gerardo, Roberto, Tasevski, Pascual (67, Garc\u00eda Sanju\u00e1n), Arregui (56, Javi Prats); Albelda, Alberto (62, Alfaro), D\u00edaz; Craioveanu y Mois\u00e9s.<\/span> &nbsp;<\/p>","protected":false},"excerpt":{"rendered":"<p>El 3 de enero de 1999 en el Villamar\u00edn el Betis derrota 4-1 al Villarreal en partido de la jornada 16 del Campeonato de Liga de Primera Divisi\u00f3n. En el minuto 32 Finidi abri\u00f3 el marcador, transformando un penalti cometido sobre Oli. En el 46 de nuevo de penalti Finidi hizo el 2-0, tras un&#8230;<\/p>\n","protected":false},"author":5,"featured_media":92226,"comment_status":"open","ping_status":"open","sticky":false,"template":"","format":"standard","meta":{"_kad_post_transparent":"","_kad_post_title":"","_kad_post_layout":"","_kad_post_sidebar_id":"","_kad_post_content_style":"","_kad_post_vertical_padding":"","_kad_post_feature":"","_kad_post_feature_position":"","_kad_post_header":false,"_kad_post_footer":false,"_kad_post_classname":"","_jetpack_memberships_contains_paid_content":false,"footnotes":"","jetpack_publicize_message":"","jetpack_publicize_feature_enabled":true,"jetpack_social_post_already_shared":true,"jetpack_social_options":{"image_generator_settings":{"template":"highway","default_image_id":0,"font":"","enabled":false},"version":2}},"categories":[905,14583,1],"tags":[4449,17812,4007],"class_list":["post-92225","post","type-post","status-publish","format-standard","has-post-thumbnail","hentry","category-1990-1999","category-efemerides","category-portada","tag-4449","tag-liga-primera-1998-99","tag-villarreal-cf"],"jetpack_publicize_connections":[],"jetpack_featured_media_url":"https:\/\/i0.wp.com\/www.manquepierda.com\/historiarealbetis\/files\/2023\/12\/3-1999-Betis-4-Villarreal-1-.jpg?fit=990%2C627&ssl=1","jetpack_sharing_enabled":true,"jetpack_shortlink":"https:\/\/wp.me\/p1ij08-nZv","jetpack-related-posts":[],"_links":{"self":[{"href":"https:\/\/www.manquepierda.com\/historiarealbetis\/wp-json\/wp\/v2\/posts\/92225","targetHints":{"allow":["GET"]}}],"collection":[{"href":"https:\/\/www.manquepierda.com\/historiarealbetis\/wp-json\/wp\/v2\/posts"}],"about":[{"href":"https:\/\/www.manquepierda.com\/historiarealbetis\/wp-json\/wp\/v2\/types\/post"}],"author":[{"embeddable":true,"href":"https:\/\/www.manquepierda.com\/historiarealbetis\/wp-json\/wp\/v2\/users\/5"}],"replies":[{"embeddable":true,"href":"https:\/\/www.manquepierda.com\/historiarealbetis\/wp-json\/wp\/v2\/comments?post=92225"}],"version-history":[{"count":2,"href":"https:\/\/www.manquepierda.com\/historiarealbetis\/wp-json\/wp\/v2\/posts\/92225\/revisions"}],"predecessor-version":[{"id":92228,"href":"https:\/\/www.manquepierda.com\/historiarealbetis\/wp-json\/wp\/v2\/posts\/92225\/revisions\/92228"}],"wp:featuredmedia":[{"embeddable":true,"href":"https:\/\/www.manquepierda.com\/historiarealbetis\/wp-json\/wp\/v2\/media\/92226"}],"wp:attachment":[{"href":"https:\/\/www.manquepierda.com\/historiarealbetis\/wp-json\/wp\/v2\/media?parent=92225"}],"wp:term":[{"taxonomy":"category","embeddable":true,"href":"https:\/\/www.manquepierda.com\/historiarealbetis\/wp-json\/wp\/v2\/categories?post=92225"},{"taxonomy":"post_tag","embeddable":true,"href":"https:\/\/www.manquepierda.com\/historiarealbetis\/wp-json\/wp\/v2\/tags?post=92225"}],"curies":[{"name":"wp","href":"https:\/\/api.w.org\/{rel}","templated":true}]}}