{"id":9224,"date":"2011-03-06T08:19:28","date_gmt":"2011-03-06T08:19:28","guid":{"rendered":"http:\/\/www.manquepierda.com\/historiarealbetis\/?p=9224"},"modified":"2024-09-04T18:52:56","modified_gmt":"2024-09-04T16:52:56","slug":"nos-visita-la-ud-las-palmas","status":"publish","type":"post","link":"https:\/\/www.manquepierda.com\/historiarealbetis\/nos-visita-la-ud-las-palmas\/","title":{"rendered":"Nos visita la UD Las Palmas"},"content":{"rendered":"<figure id=\"attachment_9225\" aria-describedby=\"caption-attachment-9225\" style=\"width: 250px\" class=\"wp-caption aligncenter\"><a href=\"https:\/\/i0.wp.com\/www.manquepierda.com\/historiarealbetis\/files\/2011\/03\/UD-Las-Palmas.jpg?ssl=1\"><img data-recalc-dims=\"1\" loading=\"lazy\" decoding=\"async\" class=\"size-full wp-image-9225\" src=\"https:\/\/i0.wp.com\/www.manquepierda.com\/historiarealbetis\/files\/2011\/03\/UD-Las-Palmas.jpg?resize=250%2C153&#038;ssl=1\" alt=\"\" width=\"250\" height=\"153\" \/><\/a><figcaption id=\"caption-attachment-9225\" class=\"wp-caption-text\">La UD Las Palmas de los a\u00f1os 60<\/figcaption><\/figure>\n<p>Hoy a las 17 horas recibiremos en el Villamar\u00edn a la UD Las Palmas, un club hist\u00f3rico a pesar de\u00a0 que su fundaci\u00f3n es tard\u00eda: 1949, cuando un grupo de 5 equipos canarios (Marino, Victoria, Gran Canaria, Atl\u00e9tico y Arenas) se unieron para crear un equipo que representase a toda la isla. Ha disputado 31 temporadas en Primera, 24 en Segunda y 6 en Segunda B, y ha sido subcampe\u00f3n de Liga en una ocasi\u00f3n y de Copa en otra. Su mejor \u00e9poca fue sin duda la de los a\u00f1os 60 y 70.<\/p>\n<p>La primera visita de Las Palmas a campo b\u00e9tico se produjo el 27 de Diciembre de 1956, con oasi\u00f3n de un amistoso en que se impusieron los b\u00e9ticos por 1 a 0 con gol de Lasa. Las Palmas ha jugado en terreno b\u00e9tico en 26 ocasiones, repartidas as\u00ed: 19 partidos en Liga de Primera ( 14 victorias b\u00e9ticas, 3 empates y 2 victorias canarias), 3 partidos en LIga de Segunda ( 3 victorias b\u00e9ticas), 2 partidos de Copa ( 1 victoria b\u00e9tica y 1 empate) y 2 amistosos (2 victorias b\u00e9ticas).<\/p>\n<p>&nbsp;<\/p>\n<figure id=\"attachment_9226\" aria-describedby=\"caption-attachment-9226\" style=\"width: 254px\" class=\"wp-caption aligncenter\"><a href=\"https:\/\/i0.wp.com\/www.manquepierda.com\/historiarealbetis\/files\/2011\/03\/Betis-Las-Palmas-1959-NMP-Marca-22-9-1959.jpg?ssl=1\"><img data-recalc-dims=\"1\" loading=\"lazy\" decoding=\"async\" class=\"size-full wp-image-9226\" src=\"https:\/\/i0.wp.com\/www.manquepierda.com\/historiarealbetis\/files\/2011\/03\/Betis-Las-Palmas-1959-NMP-Marca-22-9-1959.jpg?resize=254%2C410&#038;ssl=1\" alt=\"\" width=\"254\" height=\"410\" srcset=\"https:\/\/i0.wp.com\/www.manquepierda.com\/historiarealbetis\/files\/2011\/03\/Betis-Las-Palmas-1959-NMP-Marca-22-9-1959.jpg?w=254&amp;ssl=1 254w, https:\/\/i0.wp.com\/www.manquepierda.com\/historiarealbetis\/files\/2011\/03\/Betis-Las-Palmas-1959-NMP-Marca-22-9-1959.jpg?resize=185%2C300&amp;ssl=1 185w\" sizes=\"auto, (max-width: 254px) 100vw, 254px\" \/><\/a><figcaption id=\"caption-attachment-9226\" class=\"wp-caption-text\">Fuente: Marca 22 de Septiembre de 1959<\/figcaption><\/figure>\n<p>Lasa consigue el primer tanto batiendo a Pep\u00edn en el Betis 2 Las Palmas 1 del 20 de Septiembre de 1959<\/p>\n<p>Entre los jugadores que han participados en los dos clubs podemos destacar a Alexis Trujillo, Nenad Bjelica, Antonio Castellanos, Juan Cedr\u00e9s, Jaime Quesada, Robert Jarni, Wojciech Kowalczyk, Jer\u00f3nimo Figueroa \u00abMomo\u00bb, Tom\u00e1s Ol\u00edas, Jos\u00e9 Casas \u00abPep\u00edn\u00bb, Rub\u00e9n Castro e Isidro Villota.<\/p>\n<p>Entre los entrenadores Marcel Domingo, Jos\u00e9 Alzate y\u00a0 Fernando V\u00e1zquez.<\/p>\n","protected":false},"excerpt":{"rendered":"<p>Hoy a las 17 horas recibiremos en el Villamar\u00edn a la UD Las Palmas, un club hist\u00f3rico a pesar de\u00a0 que su fundaci\u00f3n es tard\u00eda: 1949, cuando un grupo de 5 equipos canarios (Marino, Victoria, Gran Canaria, Atl\u00e9tico y Arenas) se unieron para crear un equipo que representase a toda la isla. Ha disputado 31&#8230;<\/p>\n","protected":false},"author":5,"featured_media":9225,"comment_status":"open","ping_status":"open","sticky":false,"template":"","format":"standard","meta":{"_kad_post_transparent":"","_kad_post_title":"","_kad_post_layout":"","_kad_post_sidebar_id":"","_kad_post_content_style":"","_kad_post_vertical_padding":"","_kad_post_feature":"","_kad_post_feature_position":"","_kad_post_header":false,"_kad_post_footer":false,"_kad_post_classname":"","_jetpack_memberships_contains_paid_content":false,"footnotes":"","jetpack_publicize_message":"","jetpack_publicize_feature_enabled":true,"jetpack_social_post_already_shared":false,"jetpack_social_options":{"image_generator_settings":{"template":"highway","default_image_id":0,"font":"","enabled":false},"version":2}},"categories":[895,1],"tags":[1328,1330,1088,1337,1332,1139,1336,1331,1329,3118,1333,748,1335,1327,1334],"class_list":["post-9224","post","type-post","status-publish","format-standard","has-post-thumbnail","hentry","category-los-rivales","category-portada","tag-alexis-trujillo","tag-antonio-castellanos","tag-fernando-vazquez","tag-isidro-villota","tag-jaime-quesada","tag-jeronimo-figueroa-momo","tag-jose-casas-pepin","tag-juan-cedres","tag-nenad-bjelica","tag-pepe-alzate","tag-robert-jarni","tag-ruben-castro","tag-tomas-olias","tag-ud-las-palmas","tag-wojciech-kowalczyk"],"jetpack_publicize_connections":[],"jetpack_featured_media_url":"https:\/\/i0.wp.com\/www.manquepierda.com\/historiarealbetis\/files\/2011\/03\/UD-Las-Palmas.jpg?fit=250%2C153&ssl=1","jetpack_sharing_enabled":true,"jetpack_shortlink":"https:\/\/wp.me\/p1ij08-2oM","jetpack-related-posts":[],"_links":{"self":[{"href":"https:\/\/www.manquepierda.com\/historiarealbetis\/wp-json\/wp\/v2\/posts\/9224","targetHints":{"allow":["GET"]}}],"collection":[{"href":"https:\/\/www.manquepierda.com\/historiarealbetis\/wp-json\/wp\/v2\/posts"}],"about":[{"href":"https:\/\/www.manquepierda.com\/historiarealbetis\/wp-json\/wp\/v2\/types\/post"}],"author":[{"embeddable":true,"href":"https:\/\/www.manquepierda.com\/historiarealbetis\/wp-json\/wp\/v2\/users\/5"}],"replies":[{"embeddable":true,"href":"https:\/\/www.manquepierda.com\/historiarealbetis\/wp-json\/wp\/v2\/comments?post=9224"}],"version-history":[{"count":1,"href":"https:\/\/www.manquepierda.com\/historiarealbetis\/wp-json\/wp\/v2\/posts\/9224\/revisions"}],"predecessor-version":[{"id":98582,"href":"https:\/\/www.manquepierda.com\/historiarealbetis\/wp-json\/wp\/v2\/posts\/9224\/revisions\/98582"}],"wp:featuredmedia":[{"embeddable":true,"href":"https:\/\/www.manquepierda.com\/historiarealbetis\/wp-json\/wp\/v2\/media\/9225"}],"wp:attachment":[{"href":"https:\/\/www.manquepierda.com\/historiarealbetis\/wp-json\/wp\/v2\/media?parent=9224"}],"wp:term":[{"taxonomy":"category","embeddable":true,"href":"https:\/\/www.manquepierda.com\/historiarealbetis\/wp-json\/wp\/v2\/categories?post=9224"},{"taxonomy":"post_tag","embeddable":true,"href":"https:\/\/www.manquepierda.com\/historiarealbetis\/wp-json\/wp\/v2\/tags?post=9224"}],"curies":[{"name":"wp","href":"https:\/\/api.w.org\/{rel}","templated":true}]}}