{"id":92259,"date":"2024-01-08T10:29:00","date_gmt":"2024-01-08T09:29:00","guid":{"rendered":"https:\/\/www.manquepierda.com\/historiarealbetis\/?p=92259"},"modified":"2023-12-27T06:56:41","modified_gmt":"2023-12-27T05:56:41","slug":"entrevista-faruk-hadzibegic-1993","status":"publish","type":"post","link":"https:\/\/www.manquepierda.com\/historiarealbetis\/entrevista-faruk-hadzibegic-1993\/","title":{"rendered":"Entrevista Faruk Hadzibegic 1993."},"content":{"rendered":"<div class=\"wp-block-image\">\n<figure class=\"aligncenter size-full\"><img data-recalc-dims=\"1\" loading=\"lazy\" decoding=\"async\" width=\"428\" height=\"336\" src=\"https:\/\/i0.wp.com\/www.manquepierda.com\/historiarealbetis\/files\/2023\/12\/Entrevista-Faruk-Hadzibegic-1993-NMP-Diario-16-28-04-1993.jpg?resize=428%2C336&#038;ssl=1\" alt=\"\" class=\"wp-image-92260\" srcset=\"https:\/\/i0.wp.com\/www.manquepierda.com\/historiarealbetis\/files\/2023\/12\/Entrevista-Faruk-Hadzibegic-1993-NMP-Diario-16-28-04-1993.jpg?w=428&amp;ssl=1 428w, https:\/\/i0.wp.com\/www.manquepierda.com\/historiarealbetis\/files\/2023\/12\/Entrevista-Faruk-Hadzibegic-1993-NMP-Diario-16-28-04-1993.jpg?resize=220%2C173&amp;ssl=1 220w\" sizes=\"auto, (max-width: 428px) 100vw, 428px\" \/><\/figure>\n<\/div>\n\n<p>\u00a0<\/p>\n<p>Faruk Hadzibegic jug\u00f3 en el Betis entre 1985 y 1987; dos temporadas en las que dej\u00f3 un estupendo sabor de boca entre la afici\u00f3n verdiblanca. Sin embargo su salida fue bastante traum\u00e1tica, enfrentado a la directiva que presid\u00eda Gerardo Mart\u00ednez Retamero y una renovaci\u00f3n que parec\u00eda bastante encauzada termin\u00f3 a la deriva y con el futbolista camino de Francia, donde firm\u00f3 por el Sochaux, un modesto conjunto franc\u00e9s que por esos a\u00f1os vivi\u00f3 su \u00e9poca m\u00e1s esplendorosa.<\/p>\n<p>Esta entrevista, publicada en Diario 16 Andaluc\u00eda en abril de 1993 fue realizada por el periodista Manolo Rodr\u00edguez, y en ella Hadzibegic narra su experiencia personal en la guerra de Bosnia, que en esos a\u00f1os estaba en su m\u00e1ximo apogeo, con el cerco de Sarajevo, la ciudad natal de Hadzibegic.<\/p>\n<p>Tambi\u00e9n recuerda su \u00e9poca en el Betis, y ya con el paso del tiempo ve\u00eda con una mayor distancia las culpas de unos y otros en el proceso por el que en 1987 no renov\u00f3 con el Betis. Tambi\u00e9n se emplazaba a volver al club, cosa que sucedi\u00f3 en el a\u00f1o 2000 cuando ejerci\u00f3 de entrenador de la primera plantilla en las jornadas finales de la temporada 1999-2000, y en la campa\u00f1a siguiente en la que ejerci\u00f3 de secretario t\u00e9cnico del club.\u00a0<\/p>\n<p style=\"text-align: justify\"><em><span style=\"color: #008000\"><span style=\"font-family: 'Verdana',sans-serif\">Faruk Hadzibegic es un jugador de \u00e9lite que ahora piensa muy poco en el f\u00fatbol. Sencillamente, porque su origen bosnio lo tiene atrapado en el horror de la guerra. Este elegante l\u00edbero, de paso por Sevilla, ha evocado el drama que le consume y los bellos recuerdos de su etapa en el Betis. Un tiempo donde aprendi\u00f3 a ser mejor y que, seg\u00fan dicen, lo marc\u00f3 para siempre. Como esa guerra que ha borrado casi de los mapas a su Sarajevo natal.<\/span><\/span><\/em><\/p>\n<p><em><span style=\"color: #008000\"><span style=\"font-family: 'Verdana',sans-serif\">&#8211; \u00bfEs posible vivir <\/span><span style=\"font-family: 'Verdana',sans-serif\">en paz conociendo los horrores que asolan a su patria?<\/span><\/span><\/em><\/p>\n<p style=\"text-align: justify\"><span style=\"color: #008000\"><em><span style=\"font-family: 'Verdana',sans-serif\">&#8211; Es muy dif\u00edcil<\/span><span style=\"font-family: 'Verdana',sans-serif\"> man<\/span><span style=\"font-family: 'Verdana',sans-serif\">tener<\/span><span style=\"font-family: 'Verdana',sans-serif\"> la serenidad viendo las im\u00e1genes de barbarie<\/span><span style=\"font-family: 'Verdana',sans-serif\">, y temiendo cada d\u00eda por los familiares que todav\u00eda permanecen en Sarajevo. Y, sobre todo, comprobando que la comunidad internacional nos ha dado la espalda<\/span><\/em><\/span><\/p>\n<p><em><span style=\"color: #008000\"><span style=\"font-family: 'Verdana',sans-serif\">&#8211; \u00bfQu\u00e9 familiares tiene todav\u00eda en Bosnia?<\/span><\/span><\/em><\/p>\n<p><em><span style=\"color: #008000\"><span style=\"font-family: 'Verdana',sans-serif\">&#8211; All\u00ed quedan algunos parientes de mi madre y de mi mujer<\/span><\/span><\/em><\/p>\n<p><em><span style=\"color: #008000\"><span style=\"font-family: 'Verdana',sans-serif\">&#8211; \u00bfLos m\u00e1s directos est\u00e1n con usted?<\/span><\/span><\/em><\/p>\n<p style=\"text-align: justify\"><em><span style=\"color: #008000\"><span style=\"font-family: 'Verdana',sans-serif\">&#8211; Tengo a treinta y una personas a mi cargo, las cuales est\u00e1n repartidas entre mi casa de Francia y las de algunos amigos de Sevilla y de Viena. Incluso ahora est\u00e1n viviendo conmigo en Sochaux dos compa\u00f1eros con los que jugu\u00e9 en el Sarajevo, Ferhatovic y Jarjos, que han permanecido durante once meses en el frente<\/span><\/span><\/em><\/p>\n<p><em><span style=\"color: #008000\"><span style=\"font-family: 'Verdana',sans-serif\">&#8211; \u00bfC\u00f3mo sac\u00f3 a su familia de Sarajevo?<\/span><\/span><\/em><\/p>\n<p style=\"text-align: justify\"><span style=\"color: #008000\"><span style=\"font-family: 'Verdana',sans-serif\">&#8211; Protagonizando una aut\u00e9ntica odisea. Organic\u00e9 un viaje hasta Par\u00eds que dur\u00f3 siete d\u00edas, cuando la distancia se hace habitualmente en dos horas y media. Desde Sarajevo hasta Belgrado se desplazaron en vuelo regular, hasta Viena fueron en dos peque\u00f1os aviones para cuatro pasajeros, en el que se metieron hasta diez personas, y el \u00faltimo trayecto hasta Par\u00eds lo realizaron en un minib\u00fas<\/span><\/span><\/p>\n<p><em><span style=\"color: #008000\"><span style=\"font-family: 'Verdana',sans-serif\">&#8211; \u00bfLo ayudaron sus amigos serbios a trasladar a su familia?<\/span><\/span><\/em><\/p>\n<p><em><span style=\"color: #008000\"><span style=\"font-family: 'Verdana',sans-serif\">&#8211; S\u00ed, no puedo silenciar que algunos amigos serbios me prestaron su ayuda<\/span><\/span><\/em><\/p>\n<p><em><span style=\"color: #008000\"><span style=\"font-family: 'Verdana',sans-serif\">&#8211; \u00bfPor qu\u00e9 esta locura de la guerra?<\/span><\/span><\/em><\/p>\n<p style=\"text-align: justify\"><em><span style=\"color: #008000\"><span style=\"font-family: 'Verdana',sans-serif\">&#8211; Porque los antiguos comunistas, que ahora se llaman serbios, no renuncian a su poder. Siguen con sus mismas ambiciones y abusan de la fuerza que les da controlar la polic\u00eda y el ej\u00e9rcito. Pero no todos los serbios son asesinos, ya que el grupo fan\u00e1tico que los dirige es muy reducido<\/span><\/span><\/em><\/p>\n<p><em><span style=\"color: #008000\"><span style=\"font-family: 'Verdana',sans-serif\">&#8211; Usted profesa la religi\u00f3n musulmana, \u00bfverdad?<\/span><\/span><\/em><\/p>\n<p style=\"text-align: justify\"><em><span style=\"color: #008000\"><span style=\"font-family: 'Verdana',sans-serif\">&#8211; Antes que musulm\u00e1n soy bosnio, y digo esto porque en Sarajevo jam\u00e1s hubo conflicto de religiones. Durante mucho tiempo convivimos pac\u00edficamente los cat\u00f3licos, los musulmanes y los jud\u00edos sin que los serbios utilizaran la religi\u00f3n como elemento de conflicto. De hecho, Sarajevo fue siempre un modelo de tolerancia, donde en la misma calle es posible encontrar una mezquita, un templo cat\u00f3lico y una sinagoga<\/span><\/span><\/em><\/p>\n<p><em><span style=\"color: #008000\"><span style=\"font-family: 'Verdana',sans-serif\">&#8211; \u00bfQu\u00e9 siente ahora por los serbios?<\/span><\/span><\/em><\/p>\n<p><em><span style=\"font-family: 'Verdana',sans-serif\"><span style=\"color: #008000\">&#8211; Un profundo desprecio. No quiero ni verlos porque no tienen ning\u00fan derecho a matar como est\u00e1n matando<\/span><\/span><\/em><\/p>\n<p><em><span style=\"color: #008000\"><span style=\"font-family: 'Verdana',sans-serif\">&#8211; Sin embargo, su entrenador en el Sochaux, Takac, es serbio\u2026<\/span><\/span><\/em><\/p>\n<p><em><span style=\"color: #008000\"><span style=\"font-family: 'Verdana',sans-serif\">&#8211; S\u00ed, \u00e9l es serbio<\/span><\/span><\/em><\/p>\n<p><em><span style=\"color: #008000\"><span style=\"font-family: 'Verdana',sans-serif\">&#8211; \u00bfY hablan del asunto?<\/span><\/span><\/em><\/p>\n<p><span style=\"color: #008000\"><em><span style=\"font-family: 'Verdana',sans-serif\">&#8211; Muy poco. <\/span><span style=\"font-family: 'Verdana',sans-serif\">No es un te<\/span><span style=\"font-family: 'Verdana',sans-serif\">ma grato de hablar. As\u00ed, adem\u00e1s, evitamos discrepancias<\/span><\/em><\/span><\/p>\n<p><em><span style=\"color: #008000\"><span style=\"font-family: 'Verdana',sans-serif\">&#8211; Por el contrario, su compa\u00f1ero Bazdarevic s\u00ed es bosnio como usted\u2026<\/span><\/span><\/em><\/p>\n<p><em><span style=\"color: #008000\"><span style=\"font-family: 'Verdana',sans-serif\">&#8211; En efecto y con \u00e9l s\u00ed que comento todo el sufrimiento de nuestro pueblo<\/span><\/span><\/em><\/p>\n<p><em><span style=\"color: #008000\"><span style=\"font-family: 'Verdana',sans-serif\">&#8211; \u00bfPor qu\u00e9 piensa que la comunidad internacional no le ha puesto freno a los desmanes serbios?<\/span><\/span><\/em><\/p>\n<p style=\"text-align: justify\"><em><span style=\"color: #008000\"><span style=\"font-family: 'Verdana',sans-serif\">&#8211; La comunidad internacional se est\u00e1 equivocando desde el primer d\u00eda, y nunca ha llegado a comprender el drama de Bosnia. En Kuwait intervinieron porque hab\u00eda petr\u00f3leo, pero en Sarajevo, en Srebenica y en Gorazde s\u00f3lo hay muerte y miseria. La gran verdad, sin duda, la ha dicho el Papa al se\u00f1alar que nadie podr\u00e1 decir nunca que no sab\u00eda lo que estaba pasando en Bosnia<\/span><\/span><\/em><\/p>\n<p><em><span style=\"color: #008000\"><span style=\"font-family: 'Verdana',sans-serif\">&#8211; Aunque cueste trabajo, hablemos de f\u00fatbol. \u00bfCu\u00e1ntos a\u00f1os lleva ya en Francia?<\/span><\/span><\/em><\/p>\n<p><em><span style=\"color: #008000\"><span style=\"font-family: 'Verdana',sans-serif\">&#8211; Seis temporadas llevo en el Sochaux y creo que muy pronto voy a renovar por una m\u00e1s<\/span><\/span><\/em><\/p>\n<p><em><span style=\"color: #008000\"><span style=\"font-family: 'Verdana',sans-serif\">&#8211; \u00bfC\u00f3mo ha sido este tiempo en el Sochaux?<\/span><\/span><\/em><\/p>\n<p style=\"text-align: justify\"><span style=\"color: #008000\"><em><span style=\"font-family: 'Verdana',sans-serif\">&#8211; En Francia me siento muy bien. <\/span><span style=\"font-family: 'Verdana',sans-serif\">Un a\u00f1o fui<\/span><span style=\"font-family: 'Verdana',sans-serif\">mos finalistas de Copa, otro jugamos la UEFA, y durante las \u00faltimas temporadas hemos consolidado al equipo en la Primera Divisi\u00f3n. Pero echo de menos el sol de Espa\u00f1a, aunque mi hija peque\u00f1a, que naci\u00f3 en Francia, se queja siempre del mucho calor que hace en Sevilla<\/span><\/em><\/span><\/p>\n<p><em><span style=\"color: #008000\"><span style=\"font-family: 'Verdana',sans-serif\">&#8211; \u00bfY usted, a\u00f1ora el Betis?<\/span><\/span><\/em><\/p>\n<p><em><span style=\"color: #008000\"><span style=\"font-family: 'Verdana',sans-serif\">&#8211; Del Betis s\u00f3lo tengo recuerdos maravillosos. Mis dos a\u00f1os en Sevilla fueron muy importantes y no he negado nunca que cambiaron mi vida<\/span><\/span><\/em><\/p>\n<p><em><span style=\"color: #008000\"><span style=\"font-family: 'Verdana',sans-serif\">&#8211; \u00bfPor qu\u00e9?<\/span><\/span><\/em><\/p>\n<p style=\"text-align: justify\"><em><span style=\"color: #008000\"><span style=\"font-family: 'Verdana',sans-serif\">&#8211; Porque en Yugoslavia hab\u00eda conocido la cara m\u00e1s fea de la vida y creo que los resultados se est\u00e1n conociendo ahora. En Sevilla, sin embargo, descubr\u00ed el mundo occidental, el mundo libre, y aprend\u00ed a apreciar otras cosas desconocidas hasta entonces para m\u00ed<\/span><\/span><\/em><\/p>\n<p><em><span style=\"color: #008000\"><span style=\"font-family: 'Verdana',sans-serif\">&#8211; \u00bfQu\u00e9 cosas?<\/span><\/span><\/em><\/p>\n<p><em><span style=\"color: #008000\"><span style=\"font-family: 'Verdana',sans-serif\">&#8211; Sobre todo, aprend\u00ed a amar a la gente<\/span><\/span><\/em><\/p>\n<p><em><span style=\"font-family: 'Verdana',sans-serif\"><span style=\"color: #008000\">&#8211; \u00bfMantiene un contacto habitual con sus ex compa\u00f1eros del Betis?<\/span><\/span><\/em><\/p>\n<p style=\"text-align: justify\"><em><span style=\"color: #008000\"><span style=\"font-family: 'Verdana',sans-serif\">&#8211; S\u00ed, hablo frecuentemente con muchos de ellos, que me cuentan c\u00f3mo va el equipo y me refieren las cosas que est\u00e1n pasando en sus vidas. Porque de aquella \u00e9poca ya no queda nadie en el Betis<\/span><\/span><\/em><\/p>\n<p><em><span style=\"color: #008000\"><span style=\"font-family: 'Verdana',sans-serif\">&#8211; Usted ha dicho muchas veces que volver\u00e1 alg\u00fan d\u00eda\u2026<\/span><\/span><\/em><\/p>\n<p style=\"text-align: justify\"><em><span style=\"font-family: 'Verdana',sans-serif\"><span style=\"color: #008000\">&#8211; Y lo sigo diciendo. No s\u00e9 cu\u00e1ndo, pero alg\u00fan d\u00eda volver\u00e9 al Betis, porque de lo que estoy seguro es de que deseo vivir con la gente que quiero y que me quiere<\/span><\/span><\/em><\/p>\n<p><em><span style=\"color: #008000\"><span style=\"font-family: 'Verdana',sans-serif\">&#8211; \u00bfPor qu\u00e9 se fue?<\/span><\/span><\/em><\/p>\n<p style=\"text-align: justify\"><em><span style=\"color: #008000\"><span style=\"font-family: 'Verdana',sans-serif\">&#8211; Porque se encon\u00f3 mi relaci\u00f3n con la directiva de entonces y se dijeron cosas desagradables por parte y parte que, al final, impidieron el arreglo. Pero no le guardo rencor a nadie, ya que el tiempo me ha hecho comprender que cada uno defendimos nuestros intereses y eso no se puede criticar nunca<\/span><\/span><\/em><\/p>\n<p><em><span style=\"font-family: 'Verdana',sans-serif\"><span style=\"color: #008000\">&#8211; \u00bfConoce el estado de postraci\u00f3n en que se encuentra el equipo?<\/span><\/span><\/em><\/p>\n<p style=\"text-align: justify\"><em><span style=\"color: #008000\"><span style=\"font-family: 'Verdana',sans-serif\">&#8211; Mis amigos b\u00e9ticos me han contado que la temporada ha sido muy irregular, y que pr\u00e1cticamente se han perdido todas las posibilidades de ascenso. Pero no s\u00e9 mucho m\u00e1s, aunque lo ideal ser\u00eda que se preparara seriamente el futuro y se hiciera un buen proyecto de equipo para los a\u00f1os venideros<\/span><\/span><\/em><\/p>\n<p style=\"text-align: justify\"><em><span style=\"color: #008000\"><span style=\"font-family: 'Verdana',sans-serif\">&#8211; \u00bfUsted tiene decidido ser entrenador?<\/span><\/span><\/em><\/p>\n<p style=\"text-align: justify\"><em><span style=\"color: #008000\"><span style=\"font-family: 'Verdana',sans-serif\">&#8211; S\u00ed, mi vida es el f\u00fatbol y a \u00e9l quiero dedicarme en el futuro. Pero todav\u00eda creo que me queda un a\u00f1o o quiz\u00e1 dos como jugador<\/span><\/span><\/em><\/p>\n<p style=\"text-align: justify\"><em><span style=\"color: #008000\"><span style=\"font-family: 'Verdana',sans-serif\">&#8211; Tambi\u00e9n como jugador de la selecci\u00f3n de Bosnia\u2026<\/span><\/span><\/em><\/p>\n<p style=\"text-align: justify\"><em><span style=\"color: #008000\"><span style=\"font-family: 'Verdana',sans-serif\">&#8211; S\u00ed, ya que con esta iniciativa estamos recaudando fondos para quienes sufren los horrores de la guerra. Ya hemos disputado algunos encuentros, el d\u00eda 9 de junio jugamos contra Croacia en Zagreb y al acabar la Liga espa\u00f1ola querr\u00edamos jugar un partido aqu\u00ed en Andaluc\u00eda<\/span><\/span><\/em><\/p>","protected":false},"excerpt":{"rendered":"<p>\u00a0 Faruk Hadzibegic jug\u00f3 en el Betis entre 1985 y 1987; dos temporadas en las que dej\u00f3 un estupendo sabor de boca entre la afici\u00f3n verdiblanca. Sin embargo su salida fue bastante traum\u00e1tica, enfrentado a la directiva que presid\u00eda Gerardo Mart\u00ednez Retamero y una renovaci\u00f3n que parec\u00eda bastante encauzada termin\u00f3 a la deriva y con&#8230;<\/p>\n","protected":false},"author":5,"featured_media":92260,"comment_status":"open","ping_status":"open","sticky":false,"template":"","format":"standard","meta":{"_kad_post_transparent":"","_kad_post_title":"","_kad_post_layout":"","_kad_post_sidebar_id":"","_kad_post_content_style":"","_kad_post_vertical_padding":"","_kad_post_feature":"","_kad_post_feature_position":"","_kad_post_header":false,"_kad_post_footer":false,"_kad_post_classname":"","_jetpack_memberships_contains_paid_content":false,"footnotes":"","jetpack_publicize_message":"","jetpack_publicize_feature_enabled":true,"jetpack_social_post_already_shared":true,"jetpack_social_options":{"image_generator_settings":{"template":"highway","default_image_id":0,"font":"","enabled":false},"version":2}},"categories":[905,893,1],"tags":[5525,3777,3570],"class_list":["post-92259","post","type-post","status-publish","format-standard","has-post-thumbnail","hentry","category-1990-1999","category-jugadores-temas","category-portada","tag-5525","tag-faruk-hadzibegic","tag-manolo-rodriguez"],"jetpack_publicize_connections":[],"jetpack_featured_media_url":"https:\/\/i0.wp.com\/www.manquepierda.com\/historiarealbetis\/files\/2023\/12\/Entrevista-Faruk-Hadzibegic-1993-NMP-Diario-16-28-04-1993.jpg?fit=428%2C336&ssl=1","jetpack_sharing_enabled":true,"jetpack_shortlink":"https:\/\/wp.me\/p1ij08-o03","jetpack-related-posts":[],"_links":{"self":[{"href":"https:\/\/www.manquepierda.com\/historiarealbetis\/wp-json\/wp\/v2\/posts\/92259","targetHints":{"allow":["GET"]}}],"collection":[{"href":"https:\/\/www.manquepierda.com\/historiarealbetis\/wp-json\/wp\/v2\/posts"}],"about":[{"href":"https:\/\/www.manquepierda.com\/historiarealbetis\/wp-json\/wp\/v2\/types\/post"}],"author":[{"embeddable":true,"href":"https:\/\/www.manquepierda.com\/historiarealbetis\/wp-json\/wp\/v2\/users\/5"}],"replies":[{"embeddable":true,"href":"https:\/\/www.manquepierda.com\/historiarealbetis\/wp-json\/wp\/v2\/comments?post=92259"}],"version-history":[{"count":5,"href":"https:\/\/www.manquepierda.com\/historiarealbetis\/wp-json\/wp\/v2\/posts\/92259\/revisions"}],"predecessor-version":[{"id":92268,"href":"https:\/\/www.manquepierda.com\/historiarealbetis\/wp-json\/wp\/v2\/posts\/92259\/revisions\/92268"}],"wp:featuredmedia":[{"embeddable":true,"href":"https:\/\/www.manquepierda.com\/historiarealbetis\/wp-json\/wp\/v2\/media\/92260"}],"wp:attachment":[{"href":"https:\/\/www.manquepierda.com\/historiarealbetis\/wp-json\/wp\/v2\/media?parent=92259"}],"wp:term":[{"taxonomy":"category","embeddable":true,"href":"https:\/\/www.manquepierda.com\/historiarealbetis\/wp-json\/wp\/v2\/categories?post=92259"},{"taxonomy":"post_tag","embeddable":true,"href":"https:\/\/www.manquepierda.com\/historiarealbetis\/wp-json\/wp\/v2\/tags?post=92259"}],"curies":[{"name":"wp","href":"https:\/\/api.w.org\/{rel}","templated":true}]}}