{"id":92354,"date":"2024-01-13T10:44:00","date_gmt":"2024-01-13T09:44:00","guid":{"rendered":"https:\/\/www.manquepierda.com\/historiarealbetis\/?p=92354"},"modified":"2024-09-20T20:54:55","modified_gmt":"2024-09-20T18:54:55","slug":"nos-visita-el-granada-cf-8","status":"publish","type":"post","link":"https:\/\/www.manquepierda.com\/historiarealbetis\/nos-visita-el-granada-cf-8\/","title":{"rendered":"Nos visita el Granada CF"},"content":{"rendered":"<div class=\"wp-block-image\">\n<figure class=\"aligncenter size-full\"><img data-recalc-dims=\"1\" loading=\"lazy\" decoding=\"async\" width=\"415\" height=\"281\" src=\"https:\/\/i0.wp.com\/www.manquepierda.com\/historiarealbetis\/files\/2024\/01\/Bandera-Granada.jpg?resize=415%2C281&#038;ssl=1\" alt=\"\" class=\"wp-image-92355\" srcset=\"https:\/\/i0.wp.com\/www.manquepierda.com\/historiarealbetis\/files\/2024\/01\/Bandera-Granada.jpg?w=415&amp;ssl=1 415w, https:\/\/i0.wp.com\/www.manquepierda.com\/historiarealbetis\/files\/2024\/01\/Bandera-Granada.jpg?resize=220%2C149&amp;ssl=1 220w\" sizes=\"auto, (max-width: 415px) 100vw, 415px\" \/><\/figure>\n<\/div>\n\n<p>Hoy a las 21 horas recibiremos en el Benito Villamar\u00edn la visita del Granada Club de F\u00fatbol, fundado en 1931 y que ha disputado 27 temporadas en Primera Divisi\u00f3n, 32 en Segunda, 21 en Segunda B y 5 en Tercera. Su mejor \u00e9poca la vivi\u00f3 en el periodo 1957-1976, llegando incluso a jugar una final de Copa en 1959 contra el FC Barcelona.<\/p>\n<p>La primera visita del equipo granadino en partido oficial tuvo lugar el 16 de febrero de 1941 en partido de la jornada 20 del Campeonato de Liga de Segunda Divisi\u00f3n, cuando el Betis se impuso 3-0 con 3 tantos de Paquirri.<\/p>\n<p>Han sido 25 las ocasiones en que el Granada ha jugado en terreno b\u00e9tico, repartidas as\u00ed: 16 encuentros en Liga de Primera Divisi\u00f3n (8 victorias b\u00e9ticas, 5 empates y 3 victorias granadinas), 1 partido de Promoci\u00f3n a Primera (victoria b\u00e9tica), 8 partidos de Liga en Segunda (7 victorias locales y 1 visitante) y 1 partido de Copa (victoria del Betis).<\/p>\n<p>De estos 26 partidos se han jugado 10 en Heli\u00f3polis, 15 en el Benito Villamar\u00edn y 1 en el Ruiz de Lopera.<\/p>\n<p>Entre los jugadores que han militado en los dos equipos encontramos a Salvador Agra, Alex Mart\u00ednez, \u00a0Jos\u00e9 Botella, Aurelio Campa, Jes\u00fas Capit\u00e1n \u201cCapi\u201d, Ram\u00f3n Casafont, Antonio Conde, Crist\u00f3bal Mej\u00edas,\u00a0 Francisco Dom\u00ednguez, Francisco Garc\u00eda \u201cFrancis\u201d, Gerardo Castillo, Jos\u00e9 Gonz\u00e1lez, Iriney Santos, Ismael L\u00f3pez,\u00a0 Jos\u00e9 Su\u00e1rez Jap\u00f3n, Jos\u00e9 Luis Vara, Juan Carlos P\u00e9rez, Juan de Dios Prados \u201cJuande\u201d,\u00a0 Miguel Lopes, Javier L\u00f3pez, Antonio Luque, Angel Iglesias \u201cMachicha\u201d, Manuel Fern\u00e1ndez \u201cManol\u00edn\u201d, Felipe Mart\u00edn, \u00a0Alfredo Megido, Pepe\u00a0 Mel, Melchor L\u00f3pez, Manuel Torres \u201cMelito\u201d, Ildefonso Mendoza, Jorge Molina, Vicente Morera, \u00a0Manuel Ordaz, Juan Ignacio Otero, Jos\u00e9 Luis Pelayo, Carlos Peruena,\u00a0 Pedro Tom\u00e1s \u201cPiriz\u201d, Antonio Delgado \u201cPitero\u201d,\u00a0 Jos\u00e9 Quiroga, Ram\u00f3n Rodr\u00edguez, Rub\u00e9n P\u00e9rez, \u00a0Rui Silva, Manuel S\u00e1nchez, \u00a0Julio Soler, Fernando Tabales, Jos\u00e9 Carlos Fern\u00e1ndez \u201cTello\u201d, Pedro Gonz\u00e1lez \u201cTimimi\u201d, Pedro Torrano, Alvaro Vadillo y Pedro Valdomino \u201cValdo\u201d. Incluso m\u00edticos jugadores b\u00e9ticos como Andr\u00e9s Aranda y Jes\u00fas Bern\u00e1ldez llegaron a jugar algunos encuentros con el club granadino en los a\u00f1os 30.<\/p>\n<p>Entre los entrenadores comunes Marcel Domingo, Felipe Mesones, Juan Corbacho y Francisco Chaparro.<\/p>","protected":false},"excerpt":{"rendered":"<p>Hoy a las 21 horas recibiremos en el Benito Villamar\u00edn la visita del Granada Club de F\u00fatbol, fundado en 1931 y que ha disputado 27 temporadas en Primera Divisi\u00f3n, 32 en Segunda, 21 en Segunda B y 5 en Tercera. Su mejor \u00e9poca la vivi\u00f3 en el periodo 1957-1976, llegando incluso a jugar una final&#8230;<\/p>\n","protected":false},"author":5,"featured_media":92355,"comment_status":"open","ping_status":"open","sticky":false,"template":"","format":"standard","meta":{"_kad_post_transparent":"","_kad_post_title":"","_kad_post_layout":"","_kad_post_sidebar_id":"","_kad_post_content_style":"","_kad_post_vertical_padding":"","_kad_post_feature":"","_kad_post_feature_position":"","_kad_post_header":false,"_kad_post_footer":false,"_kad_post_classname":"","_jetpack_memberships_contains_paid_content":false,"footnotes":"","jetpack_publicize_message":"","jetpack_publicize_feature_enabled":true,"jetpack_social_post_already_shared":true,"jetpack_social_options":{"image_generator_settings":{"template":"highway","default_image_id":0,"font":"","enabled":false},"version":2}},"categories":[895,1],"tags":[16754,1465,94,4094,1460,3131,9523,3747,1469,1007,15784,1152,2624,1153,1411,3128,1462,3134,8197,1053,1132,1178,3127,474,1458,3132,1604,4044,6409,1463,6657,1151,6408,1468,1403,18339,1421,6410,3129,17754,1466,583,3133,3130,2115,1472,1040,655,1459,1470,751,18341,18263,1447],"class_list":["post-92354","post","type-post","status-publish","format-standard","has-post-thumbnail","hentry","category-los-rivales","category-portada","tag-alex-martinez","tag-alfredo-megido","tag-alvaro-vadillo","tag-angel-iglesias-machicha","tag-antonio-conde","tag-antonio-delgado-pitero","tag-antonio-luque","tag-aurelio-campa","tag-carlos-peruena","tag-cristobal-mejias","tag-felipe-martin","tag-felipe-mesones","tag-fernando-tabales","tag-francisco-chaparro","tag-francisco-dominguez","tag-francisco-garcia-francis","tag-gerardo-castillo","tag-granada-cf","tag-ildefonso-mendoza","tag-iriney-santos","tag-ismael-lopez","tag-javier-lopez","tag-jesus-capitan-capi","tag-jorge-molina","tag-jose-botella","tag-jose-carlos-fernandez-tello","tag-jose-luis-pelayo","tag-jose-luis-vara","tag-jose-quiroga","tag-jose-suarez-japon","tag-juan-carlos-perez","tag-juan-corbacho","tag-juan-de-dios-prados-juande","tag-juan-ignacio-otero","tag-julio-soler","tag-manuel-fernandez-manolin-2","tag-manuel-ordaz","tag-manuel-sanchez","tag-manuel-torres-melito","tag-marcel-domingo","tag-melchor-lopez","tag-miguel-lopes","tag-pedro-gonzalez-timimi","tag-pedro-tomas-piriz","tag-pedro-torrano","tag-pedro-valdomino-valdo","tag-pepe-gonzalez","tag-pepe-mel","tag-ramon-casafont","tag-ramon-rodriguez","tag-ruben-perez","tag-rui-silva","tag-salvador-agra","tag-vicente-morera"],"jetpack_publicize_connections":[],"jetpack_featured_media_url":"https:\/\/i0.wp.com\/www.manquepierda.com\/historiarealbetis\/files\/2024\/01\/Bandera-Granada.jpg?fit=415%2C281&ssl=1","jetpack_sharing_enabled":true,"jetpack_shortlink":"https:\/\/wp.me\/p1ij08-o1A","jetpack-related-posts":[],"_links":{"self":[{"href":"https:\/\/www.manquepierda.com\/historiarealbetis\/wp-json\/wp\/v2\/posts\/92354","targetHints":{"allow":["GET"]}}],"collection":[{"href":"https:\/\/www.manquepierda.com\/historiarealbetis\/wp-json\/wp\/v2\/posts"}],"about":[{"href":"https:\/\/www.manquepierda.com\/historiarealbetis\/wp-json\/wp\/v2\/types\/post"}],"author":[{"embeddable":true,"href":"https:\/\/www.manquepierda.com\/historiarealbetis\/wp-json\/wp\/v2\/users\/5"}],"replies":[{"embeddable":true,"href":"https:\/\/www.manquepierda.com\/historiarealbetis\/wp-json\/wp\/v2\/comments?post=92354"}],"version-history":[{"count":4,"href":"https:\/\/www.manquepierda.com\/historiarealbetis\/wp-json\/wp\/v2\/posts\/92354\/revisions"}],"predecessor-version":[{"id":99457,"href":"https:\/\/www.manquepierda.com\/historiarealbetis\/wp-json\/wp\/v2\/posts\/92354\/revisions\/99457"}],"wp:featuredmedia":[{"embeddable":true,"href":"https:\/\/www.manquepierda.com\/historiarealbetis\/wp-json\/wp\/v2\/media\/92355"}],"wp:attachment":[{"href":"https:\/\/www.manquepierda.com\/historiarealbetis\/wp-json\/wp\/v2\/media?parent=92354"}],"wp:term":[{"taxonomy":"category","embeddable":true,"href":"https:\/\/www.manquepierda.com\/historiarealbetis\/wp-json\/wp\/v2\/categories?post=92354"},{"taxonomy":"post_tag","embeddable":true,"href":"https:\/\/www.manquepierda.com\/historiarealbetis\/wp-json\/wp\/v2\/tags?post=92354"}],"curies":[{"name":"wp","href":"https:\/\/api.w.org\/{rel}","templated":true}]}}