{"id":92410,"date":"2024-01-16T10:17:00","date_gmt":"2024-01-16T09:17:00","guid":{"rendered":"https:\/\/www.manquepierda.com\/historiarealbetis\/?p=92410"},"modified":"2024-01-13T12:28:33","modified_gmt":"2024-01-13T11:28:33","slug":"sangre-verde-por-las-venas-1977","status":"publish","type":"post","link":"https:\/\/www.manquepierda.com\/historiarealbetis\/sangre-verde-por-las-venas-1977\/","title":{"rendered":"Sangre verde por las venas. 1977."},"content":{"rendered":"<div class=\"wp-block-image\">\n<figure class=\"aligncenter size-large\"><img data-recalc-dims=\"1\" loading=\"lazy\" decoding=\"async\" width=\"568\" height=\"700\" src=\"https:\/\/i0.wp.com\/www.manquepierda.com\/historiarealbetis\/files\/2024\/01\/Sangre-verde-por-las-venas-1977-NMP-Suroeste-23-06-1977.jpg?resize=568%2C700&#038;ssl=1\" alt=\"\" class=\"wp-image-92411\" srcset=\"https:\/\/i0.wp.com\/www.manquepierda.com\/historiarealbetis\/files\/2024\/01\/Sangre-verde-por-las-venas-1977-NMP-Suroeste-23-06-1977.jpg?resize=568%2C700&amp;ssl=1 568w, https:\/\/i0.wp.com\/www.manquepierda.com\/historiarealbetis\/files\/2024\/01\/Sangre-verde-por-las-venas-1977-NMP-Suroeste-23-06-1977.jpg?resize=487%2C600&amp;ssl=1 487w, https:\/\/i0.wp.com\/www.manquepierda.com\/historiarealbetis\/files\/2024\/01\/Sangre-verde-por-las-venas-1977-NMP-Suroeste-23-06-1977.jpg?resize=179%2C220&amp;ssl=1 179w, https:\/\/i0.wp.com\/www.manquepierda.com\/historiarealbetis\/files\/2024\/01\/Sangre-verde-por-las-venas-1977-NMP-Suroeste-23-06-1977.jpg?resize=768%2C946&amp;ssl=1 768w, https:\/\/i0.wp.com\/www.manquepierda.com\/historiarealbetis\/files\/2024\/01\/Sangre-verde-por-las-venas-1977-NMP-Suroeste-23-06-1977.jpg?w=2011&amp;ssl=1 2011w\" sizes=\"auto, (max-width: 568px) 100vw, 568px\" \/><\/figure>\n<\/div>\n\n<p><\/p>\n<p>Con este expresivo comentario se publicaba el pie de foto de esta imagen inserta en el diario Suroeste el 23 de junio de 1977, dos d\u00edas antes de la final de Copa que se iba a disputar en el estadio Vicente Calder\u00f3n contra el Athletic.<\/p>\n<p>Los protagonistas de la imagen son dos personas importantes en la historia verdiblanca. De un lado Luis Del Sol, que contaba por entonces con 42 a\u00f1os, y que se hab\u00eda retirado de la pr\u00e1ctica futbol\u00edstica 4 a\u00f1os antes. En ese momento se dedicaba a sus negocios particulares, y no ser\u00e1 hasta comienzos de los 80 cuando comenz\u00f3 a entrenar. Por el otro lado Esteban Areta, que contaba con 45 a\u00f1os y que desde 1966 era segundo del entrenador b\u00e9tico del momento, adem\u00e1s de dirigir al filial desde 1968.<\/p>\n<p>Un dato importante de Esteban Areta es que el t\u00e9cnico con m\u00e1s partidos al frente del filial b\u00e9tico a lo largo de la historia.<\/p>\n<p>Ambos presenciaban el entrenamiento en el Villamar\u00edn de la plantilla b\u00e9tica a escasos d\u00edas de una cita decisiva.&nbsp; &nbsp;<\/p>","protected":false},"excerpt":{"rendered":"<p>Con este expresivo comentario se publicaba el pie de foto de esta imagen inserta en el diario Suroeste el 23 de junio de 1977, dos d\u00edas antes de la final de Copa que se iba a disputar en el estadio Vicente Calder\u00f3n contra el Athletic. Los protagonistas de la imagen son dos personas importantes en&#8230;<\/p>\n","protected":false},"author":5,"featured_media":92411,"comment_status":"open","ping_status":"open","sticky":false,"template":"","format":"standard","meta":{"_kad_post_transparent":"","_kad_post_title":"","_kad_post_layout":"","_kad_post_sidebar_id":"","_kad_post_content_style":"","_kad_post_vertical_padding":"","_kad_post_feature":"","_kad_post_feature_position":"","_kad_post_header":false,"_kad_post_footer":false,"_kad_post_classname":"","_jetpack_memberships_contains_paid_content":false,"footnotes":"","jetpack_publicize_message":"","jetpack_publicize_feature_enabled":true,"jetpack_social_post_already_shared":true,"jetpack_social_options":{"image_generator_settings":{"template":"highway","default_image_id":0,"font":"","enabled":false},"version":2}},"categories":[903,1],"tags":[2238,1024,1317,541],"class_list":["post-92410","post","type-post","status-publish","format-standard","has-post-thumbnail","hentry","category-1970-1979","category-portada","tag-1976-77","tag-1024","tag-esteban-areta","tag-luis-del-sol"],"jetpack_publicize_connections":[],"jetpack_featured_media_url":"https:\/\/i0.wp.com\/www.manquepierda.com\/historiarealbetis\/files\/2024\/01\/Sangre-verde-por-las-venas-1977-NMP-Suroeste-23-06-1977.jpg?fit=2011%2C2477&ssl=1","jetpack_sharing_enabled":true,"jetpack_shortlink":"https:\/\/wp.me\/p1ij08-o2u","jetpack-related-posts":[],"_links":{"self":[{"href":"https:\/\/www.manquepierda.com\/historiarealbetis\/wp-json\/wp\/v2\/posts\/92410","targetHints":{"allow":["GET"]}}],"collection":[{"href":"https:\/\/www.manquepierda.com\/historiarealbetis\/wp-json\/wp\/v2\/posts"}],"about":[{"href":"https:\/\/www.manquepierda.com\/historiarealbetis\/wp-json\/wp\/v2\/types\/post"}],"author":[{"embeddable":true,"href":"https:\/\/www.manquepierda.com\/historiarealbetis\/wp-json\/wp\/v2\/users\/5"}],"replies":[{"embeddable":true,"href":"https:\/\/www.manquepierda.com\/historiarealbetis\/wp-json\/wp\/v2\/comments?post=92410"}],"version-history":[{"count":3,"href":"https:\/\/www.manquepierda.com\/historiarealbetis\/wp-json\/wp\/v2\/posts\/92410\/revisions"}],"predecessor-version":[{"id":92414,"href":"https:\/\/www.manquepierda.com\/historiarealbetis\/wp-json\/wp\/v2\/posts\/92410\/revisions\/92414"}],"wp:featuredmedia":[{"embeddable":true,"href":"https:\/\/www.manquepierda.com\/historiarealbetis\/wp-json\/wp\/v2\/media\/92411"}],"wp:attachment":[{"href":"https:\/\/www.manquepierda.com\/historiarealbetis\/wp-json\/wp\/v2\/media?parent=92410"}],"wp:term":[{"taxonomy":"category","embeddable":true,"href":"https:\/\/www.manquepierda.com\/historiarealbetis\/wp-json\/wp\/v2\/categories?post=92410"},{"taxonomy":"post_tag","embeddable":true,"href":"https:\/\/www.manquepierda.com\/historiarealbetis\/wp-json\/wp\/v2\/tags?post=92410"}],"curies":[{"name":"wp","href":"https:\/\/api.w.org\/{rel}","templated":true}]}}