{"id":92496,"date":"2024-01-30T13:00:00","date_gmt":"2024-01-30T12:00:00","guid":{"rendered":"https:\/\/www.manquepierda.com\/historiarealbetis\/?p=92496"},"modified":"2025-07-20T15:04:13","modified_gmt":"2025-07-20T13:04:13","slug":"hoy-hace-10-anos-fichaje-de-alfred-ndiaye","status":"publish","type":"post","link":"https:\/\/www.manquepierda.com\/historiarealbetis\/hoy-hace-10-anos-fichaje-de-alfred-ndiaye\/","title":{"rendered":"Hoy hace 10 a\u00f1os. Fichaje de Alfred N\u00b4Diaye."},"content":{"rendered":"<div class=\"wp-block-image\">\n<figure class=\"aligncenter size-full\"><img data-recalc-dims=\"1\" loading=\"lazy\" decoding=\"async\" width=\"580\" height=\"423\" src=\"https:\/\/i0.wp.com\/www.manquepierda.com\/historiarealbetis\/files\/2024\/01\/30-2014-Fichaje-de-N%C2%B4Diaye.jpg?resize=580%2C423&#038;ssl=1\" alt=\"\" class=\"wp-image-92497\" srcset=\"https:\/\/i0.wp.com\/www.manquepierda.com\/historiarealbetis\/files\/2024\/01\/30-2014-Fichaje-de-N%C2%B4Diaye.jpg?w=580&amp;ssl=1 580w, https:\/\/i0.wp.com\/www.manquepierda.com\/historiarealbetis\/files\/2024\/01\/30-2014-Fichaje-de-N%C2%B4Diaye.jpg?resize=220%2C160&amp;ssl=1 220w\" sizes=\"auto, (max-width: 580px) 100vw, 580px\" \/><\/figure>\n<\/div>\n\n<p>\u00a0<\/p>\n<p><span style=\"color: #008000\">El 30 de enero de 2014 llega cedido hasta final de temporada el mediocampista senegal\u00e9s de 23 a\u00f1os Alfred N\u00b4Diaye, quien proviene del Sunderland ingl\u00e9s.<\/span><\/p>\n<p><span style=\"color: #008000\">Su rendimiento fue muy bueno en los 20 partidos oficiales que disput\u00f3 hasta final de temporada y, a pesar del descenso de categor\u00eda, el Betis hizo un esfuerzo y se produjo su fichaje por 5 temporadas en el mes de agosto de ese a\u00f1o. \u00a0<\/span><\/p>","protected":false},"excerpt":{"rendered":"<p>\u00a0 El 30 de enero de 2014 llega cedido hasta final de temporada el mediocampista senegal\u00e9s de 23 a\u00f1os Alfred N\u00b4Diaye, quien proviene del Sunderland ingl\u00e9s. Su rendimiento fue muy bueno en los 20 partidos oficiales que disput\u00f3 hasta final de temporada y, a pesar del descenso de categor\u00eda, el Betis hizo un esfuerzo y&#8230;<\/p>\n","protected":false},"author":5,"featured_media":92497,"comment_status":"open","ping_status":"open","sticky":false,"template":"","format":"standard","meta":{"_kad_post_transparent":"","_kad_post_title":"","_kad_post_layout":"","_kad_post_sidebar_id":"","_kad_post_content_style":"","_kad_post_vertical_padding":"","_kad_post_feature":"","_kad_post_feature_position":"","_kad_post_header":false,"_kad_post_footer":false,"_kad_post_classname":"","_jetpack_memberships_contains_paid_content":false,"footnotes":"","jetpack_publicize_message":"","jetpack_publicize_feature_enabled":true,"jetpack_social_post_already_shared":true,"jetpack_social_options":{"image_generator_settings":{"template":"highway","default_image_id":0,"font":"","enabled":false},"version":2}},"categories":[15447,14583,1],"tags":[16752,15179,18668],"class_list":["post-92496","post","type-post","status-publish","format-standard","has-post-thumbnail","hentry","category-2010-2019","category-efemerides","category-portada","tag-16752","tag-alfred-ndiaye","tag-sunderland-afc"],"jetpack_publicize_connections":[],"jetpack_featured_media_url":"https:\/\/i0.wp.com\/www.manquepierda.com\/historiarealbetis\/files\/2024\/01\/30-2014-Fichaje-de-N%C2%B4Diaye.jpg?fit=580%2C423&ssl=1","jetpack_sharing_enabled":true,"jetpack_shortlink":"https:\/\/wp.me\/p1ij08-o3S","jetpack-related-posts":[],"_links":{"self":[{"href":"https:\/\/www.manquepierda.com\/historiarealbetis\/wp-json\/wp\/v2\/posts\/92496","targetHints":{"allow":["GET"]}}],"collection":[{"href":"https:\/\/www.manquepierda.com\/historiarealbetis\/wp-json\/wp\/v2\/posts"}],"about":[{"href":"https:\/\/www.manquepierda.com\/historiarealbetis\/wp-json\/wp\/v2\/types\/post"}],"author":[{"embeddable":true,"href":"https:\/\/www.manquepierda.com\/historiarealbetis\/wp-json\/wp\/v2\/users\/5"}],"replies":[{"embeddable":true,"href":"https:\/\/www.manquepierda.com\/historiarealbetis\/wp-json\/wp\/v2\/comments?post=92496"}],"version-history":[{"count":3,"href":"https:\/\/www.manquepierda.com\/historiarealbetis\/wp-json\/wp\/v2\/posts\/92496\/revisions"}],"predecessor-version":[{"id":92501,"href":"https:\/\/www.manquepierda.com\/historiarealbetis\/wp-json\/wp\/v2\/posts\/92496\/revisions\/92501"}],"wp:featuredmedia":[{"embeddable":true,"href":"https:\/\/www.manquepierda.com\/historiarealbetis\/wp-json\/wp\/v2\/media\/92497"}],"wp:attachment":[{"href":"https:\/\/www.manquepierda.com\/historiarealbetis\/wp-json\/wp\/v2\/media?parent=92496"}],"wp:term":[{"taxonomy":"category","embeddable":true,"href":"https:\/\/www.manquepierda.com\/historiarealbetis\/wp-json\/wp\/v2\/categories?post=92496"},{"taxonomy":"post_tag","embeddable":true,"href":"https:\/\/www.manquepierda.com\/historiarealbetis\/wp-json\/wp\/v2\/tags?post=92496"}],"curies":[{"name":"wp","href":"https:\/\/api.w.org\/{rel}","templated":true}]}}