{"id":92531,"date":"2024-01-22T10:00:00","date_gmt":"2024-01-22T09:00:00","guid":{"rendered":"https:\/\/www.manquepierda.com\/historiarealbetis\/?p=92531"},"modified":"2024-01-21T09:19:20","modified_gmt":"2024-01-21T08:19:20","slug":"entrevista-emilio-mendaro-1954","status":"publish","type":"post","link":"https:\/\/www.manquepierda.com\/historiarealbetis\/entrevista-emilio-mendaro-1954\/","title":{"rendered":"Entrevista Emilio Mendaro 1954"},"content":{"rendered":"<div class=\"wp-block-image\">\n<figure class=\"aligncenter size-full\"><img data-recalc-dims=\"1\" loading=\"lazy\" decoding=\"async\" width=\"283\" height=\"443\" src=\"https:\/\/i0.wp.com\/www.manquepierda.com\/historiarealbetis\/files\/2024\/01\/Entrevista-Emilio-Mendaro-1954-NMP-Oiga-05-1954.jpg?resize=283%2C443&#038;ssl=1\" alt=\"\" class=\"wp-image-92532\" srcset=\"https:\/\/i0.wp.com\/www.manquepierda.com\/historiarealbetis\/files\/2024\/01\/Entrevista-Emilio-Mendaro-1954-NMP-Oiga-05-1954.jpg?w=283&amp;ssl=1 283w, https:\/\/i0.wp.com\/www.manquepierda.com\/historiarealbetis\/files\/2024\/01\/Entrevista-Emilio-Mendaro-1954-NMP-Oiga-05-1954.jpg?resize=141%2C220&amp;ssl=1 141w\" sizes=\"auto, (max-width: 283px) 100vw, 283px\" \/><\/figure>\n<\/div>\n\n<p>\u00a0<\/p>\n<p>La entrevista que todos los lunes publicamos en Manquepierda la vamos a dedicar en esta ocasi\u00f3n a un aficionado an\u00f3nimo. Se public\u00f3 en el n\u00famero espacial que la revista semanal deportiva Oiga dedic\u00f3 al Real Betis Balompi\u00e9 en junio de 1954 con motivo del ascenso a Segunda Divisi\u00f3n, despu\u00e9s de 7 a\u00f1os en Tercera.<\/p>\n<p>El entrevistado es Emilio Mendaro, aficionado b\u00e9tico de Lebrija, de una conocida familia farmac\u00e9utica de la localidad, y que es representativo de aquellos aficionados que en su juventud conocieron al mejor Betis de la historia, el que gan\u00f3 la Liga en 1935, y que lo vieron despe\u00f1arse poco a poco hasta dar con sus huesos en la tercera categor\u00eda del f\u00fatbol 12 a\u00f1os despu\u00e9s de alcanzar la cima.<\/p>\n<p>Aficionados que, como dice Emilio Mendaro en la entrevista, siempre se mantuvieron fieles al ideal y que fueron la base del posterior renacer b\u00e9tico.<\/p>\n<p>Emilio Mendaro, que se confiesa seguidor del Betis desde 1929, tiene claro los jugadores con los que, si fuera posible reforzar\u00eda al equipo: Timimi, Lecue y Peral, 3 baluartes del equipo campe\u00f3n de 1935.<\/p>\n<p>\u00a0<\/p>\n<p><span style=\"color: #008000\"><em>No pod\u00eda faltar en estas p\u00e1ginas la opini\u00f3n de un b\u00e9tico forastero. Creemos conveniente presentar a don Emilio Mendaro, farmac\u00e9utico de Lebrija.<\/em><\/span><\/p>\n<p><span style=\"color: #008000\"><em>&#8211; \u00bfHace muchos a\u00f1os que es b\u00e9tico?<\/em><\/span><\/p>\n<p><span style=\"color: #008000\"><em>&#8211; Veinticinco a\u00f1os<\/em><\/span><\/p>\n<p><span style=\"color: #008000\"><em>&#8211; \u00bfTodo este tiempo defendi\u00f3 su ideal?<\/em><\/span><\/p>\n<p><span style=\"color: #008000\"><em>&#8211; \u00a1Siempre fiel\u00a1Es algo m\u00edo. Hasta creo que mi sangre es verde<\/em><\/span><\/p>\n<p><span style=\"color: #008000\"><em>&#8211; \u00bfExisten muchos seguidores del Betis en Lebrija?<\/em><\/span><\/p>\n<p><span style=\"color: #008000\"><em>&#8211; A raz\u00f3n de cien por cinco<\/em><\/span><\/p>\n<p><span style=\"color: #008000\"><em>&#8211; \u00bfHa pasado malos ratos viendo jugar a su equipo?<\/em><\/span><\/p>\n<p><span style=\"color: #008000\"><em>&#8211; Algunos sustos en aquellos partidos que se llegaba al descanso con el indeciso uno cero<\/em><\/span><\/p>\n<p><span style=\"color: #008000\"><em>&#8211; \u00bfQu\u00e9 sensaci\u00f3n le causa ver marcar un tanto al contrario?<\/em><\/span><\/p>\n<p><span style=\"color: #008000\"><em>&#8211; Ninguna. \u00a1Claro que en cada jugada peligrosa de ellos me agacho y no veo entrar el bal\u00f3n en nuestra puerta<\/em><\/span><\/p>\n<p><span style=\"color: #008000\"><em>&#8211; Estar\u00e1 satisfecho del ascenso, \u00bfno?<\/em><\/span><\/p>\n<p><span style=\"color: #008000\"><em>&#8211; Lo tenemos merecido. Hemos sabido esperar y triunfar; esto \u00faltimo es cosa que llega al coraz\u00f3n<\/em><\/span><\/p>\n<p><span style=\"color: #008000\"><em>&#8211; \u00bfVe usted al equipo actual apto para la Segunda Divisi\u00f3n?<\/em><\/span><\/p>\n<p><span style=\"color: #008000\"><em>&#8211; Con modificaciones s\u00ed; un par de extremos, un delantero centro y otro hueco que todos conocemos<\/em><\/span><\/p>\n<p><span style=\"color: #008000\"><em>&#8211; \u00bfLe conviene al Betis subir este a\u00f1o a Primera Divisi\u00f3n?<\/em><\/span><\/p>\n<p><span style=\"color: #008000\"><em>&#8211; Convenirle no s\u00e9, pero un a\u00f1o en la Segunda Divisi\u00f3n dar\u00eda m\u00e1s margen a prepararnos mejor<\/em><\/span><\/p>\n<p><span style=\"color: #008000\"><em>&#8211; \u00bfConsidera buena la labor llevada a cabo?<\/em><\/span><\/p>\n<p><span style=\"color: #008000\"><em>&#8211; Todos, tanto equipo como entrenador y directiva, han puesto sus mejores armas para conseguirlo; nosotros, sus seguidores todos, sabemos valorar este gran esfuerzo<\/em><\/span><\/p>\n<p><span style=\"color: #008000\"><em>&#8211; \u00bfPuede el equipo esperar m\u00e1s de la afici\u00f3n?<\/em><\/span><\/p>\n<p><span style=\"color: #008000\"><em>&#8211; Creo que lo tiene todo. Lo que hace falta es que no desmayen en este \u00faltimo esfuerzo<\/em><\/span><\/p>\n<p><span style=\"color: #008000\"><em>&#8211; \u00bfEs conveniente reforzar al Betis con jugadores de m\u00e1s categor\u00eda?<\/em><\/span><\/p>\n<p><em><span style=\"color: #008000\">&#8211; Hacen falta pocos, pero Dios quiera que las \u201cfiguras\u201d no nos ag\u00fcen el triunfo. Lo que s\u00ed comprendo es la necesidad de adquirir el Estadio de Heli\u00f3polis<\/span><\/em><\/p>\n<p><em>&#8211;<span style=\"color: #008000\"> \u00bfA qu\u00e9 jugador destacar\u00eda de mayor rendimiento en el club?<\/span><\/em><\/p>\n<p><span style=\"color: #008000\"><em>&#8211; \u00d3scar; siempre lo hemos visto igual<\/em><\/span><\/p>\n<p><span style=\"color: #008000\"><em>&#8211; \u00bfQu\u00e9 modificaci\u00f3n ser\u00eda la ideal para obtener un gran equipo?<\/em><\/span><\/p>\n<p><span style=\"color: #008000\"><em>&#8211; Si la edad no nublase las facultades, con un Timimi de extremo derecha, con Lecue de interior izquierda y con un Peral en la media, el Betis llegar\u00eda de un tir\u00f3n a Primera. Pero s\u00f3lo nos contentamos con que aqu\u00e9llos que se pongan el camisol\u00edn lo sientan, igual que las glorias que han defendido los colores en otras mejores, que se sientan b\u00e9ticos de verdad, que no haya duda de ser campeones\u2026<\/em><\/span><\/p>\n<p><span style=\"color: #008000\"><em>&#8211; Y\u2026 \u00a1algo m\u00e1s?<\/em><\/span><\/p>\n<p><em><span style=\"color: #008000\">&#8211; S\u00f3lo agradecer a este simp\u00e1tico semanario la ocasi\u00f3n que me brinda para expresar mi opini\u00f3n y pedir desde aqu\u00ed a toda la afici\u00f3n b\u00e9tica que no decaiga su apoyo en ayuda de nuestro club. \u00a1Viva el Betis \u00a1<\/span><\/em><\/p>\n<p><span style=\"color: #008000\"><em>\u00a0<\/em><\/span><\/p>","protected":false},"excerpt":{"rendered":"<p>\u00a0 La entrevista que todos los lunes publicamos en Manquepierda la vamos a dedicar en esta ocasi\u00f3n a un aficionado an\u00f3nimo. Se public\u00f3 en el n\u00famero espacial que la revista semanal deportiva Oiga dedic\u00f3 al Real Betis Balompi\u00e9 en junio de 1954 con motivo del ascenso a Segunda Divisi\u00f3n, despu\u00e9s de 7 a\u00f1os en Tercera&#8230;.<\/p>\n","protected":false},"author":5,"featured_media":92532,"comment_status":"open","ping_status":"open","sticky":false,"template":"","format":"standard","meta":{"_kad_post_transparent":"","_kad_post_title":"","_kad_post_layout":"","_kad_post_sidebar_id":"","_kad_post_content_style":"","_kad_post_vertical_padding":"","_kad_post_feature":"","_kad_post_feature_position":"","_kad_post_header":false,"_kad_post_footer":false,"_kad_post_classname":"","_jetpack_memberships_contains_paid_content":false,"footnotes":"","jetpack_publicize_message":"","jetpack_publicize_feature_enabled":true,"jetpack_social_post_already_shared":true,"jetpack_social_options":{"image_generator_settings":{"template":"highway","default_image_id":0,"font":"","enabled":false},"version":2}},"categories":[901,894,1],"tags":[2438,54,17665],"class_list":["post-92531","post","type-post","status-publish","format-standard","has-post-thumbnail","hentry","category-1950-1959","category-la-aficion","category-portada","tag-1953-54","tag-54","tag-emilio-mendaro"],"jetpack_publicize_connections":[],"jetpack_featured_media_url":"https:\/\/i0.wp.com\/www.manquepierda.com\/historiarealbetis\/files\/2024\/01\/Entrevista-Emilio-Mendaro-1954-NMP-Oiga-05-1954.jpg?fit=283%2C443&ssl=1","jetpack_sharing_enabled":true,"jetpack_shortlink":"https:\/\/wp.me\/p1ij08-o4r","jetpack-related-posts":[],"_links":{"self":[{"href":"https:\/\/www.manquepierda.com\/historiarealbetis\/wp-json\/wp\/v2\/posts\/92531","targetHints":{"allow":["GET"]}}],"collection":[{"href":"https:\/\/www.manquepierda.com\/historiarealbetis\/wp-json\/wp\/v2\/posts"}],"about":[{"href":"https:\/\/www.manquepierda.com\/historiarealbetis\/wp-json\/wp\/v2\/types\/post"}],"author":[{"embeddable":true,"href":"https:\/\/www.manquepierda.com\/historiarealbetis\/wp-json\/wp\/v2\/users\/5"}],"replies":[{"embeddable":true,"href":"https:\/\/www.manquepierda.com\/historiarealbetis\/wp-json\/wp\/v2\/comments?post=92531"}],"version-history":[{"count":4,"href":"https:\/\/www.manquepierda.com\/historiarealbetis\/wp-json\/wp\/v2\/posts\/92531\/revisions"}],"predecessor-version":[{"id":92536,"href":"https:\/\/www.manquepierda.com\/historiarealbetis\/wp-json\/wp\/v2\/posts\/92531\/revisions\/92536"}],"wp:featuredmedia":[{"embeddable":true,"href":"https:\/\/www.manquepierda.com\/historiarealbetis\/wp-json\/wp\/v2\/media\/92532"}],"wp:attachment":[{"href":"https:\/\/www.manquepierda.com\/historiarealbetis\/wp-json\/wp\/v2\/media?parent=92531"}],"wp:term":[{"taxonomy":"category","embeddable":true,"href":"https:\/\/www.manquepierda.com\/historiarealbetis\/wp-json\/wp\/v2\/categories?post=92531"},{"taxonomy":"post_tag","embeddable":true,"href":"https:\/\/www.manquepierda.com\/historiarealbetis\/wp-json\/wp\/v2\/tags?post=92531"}],"curies":[{"name":"wp","href":"https:\/\/api.w.org\/{rel}","templated":true}]}}