{"id":92576,"date":"2024-02-02T13:00:00","date_gmt":"2024-02-02T12:00:00","guid":{"rendered":"https:\/\/www.manquepierda.com\/historiarealbetis\/?p=92576"},"modified":"2024-08-14T10:22:53","modified_gmt":"2024-08-14T08:22:53","slug":"hoy-hace-10-anos-debuts-de-antonio-adan-y-alfred-ndiaye","status":"publish","type":"post","link":"https:\/\/www.manquepierda.com\/historiarealbetis\/hoy-hace-10-anos-debuts-de-antonio-adan-y-alfred-ndiaye\/","title":{"rendered":"Hoy hace 10 a\u00f1os. Debuts de Antonio Ad\u00e1n y Alfred N\u00b4Diaye."},"content":{"rendered":"<div class=\"wp-block-image\">\n<figure class=\"aligncenter size-full\"><img data-recalc-dims=\"1\" loading=\"lazy\" decoding=\"async\" width=\"425\" height=\"248\" src=\"https:\/\/i0.wp.com\/www.manquepierda.com\/historiarealbetis\/files\/2024\/01\/2-Debuts-de-Antonio-Adan-y-Alfred-N%C2%B4Diaye.jpg?resize=425%2C248&#038;ssl=1\" alt=\"\" class=\"wp-image-92577\" srcset=\"https:\/\/i0.wp.com\/www.manquepierda.com\/historiarealbetis\/files\/2024\/01\/2-Debuts-de-Antonio-Adan-y-Alfred-N%C2%B4Diaye.jpg?w=425&amp;ssl=1 425w, https:\/\/i0.wp.com\/www.manquepierda.com\/historiarealbetis\/files\/2024\/01\/2-Debuts-de-Antonio-Adan-y-Alfred-N%C2%B4Diaye.jpg?resize=220%2C128&amp;ssl=1 220w\" sizes=\"auto, (max-width: 425px) 100vw, 425px\" \/><\/figure>\n<\/div>\n\n<p><\/p>\n<p><span style=\"color: #008000\">El 2 de febrero de 2014 debutan con el Real Betis Balompi\u00e9 los jugadores Antonio Ad\u00e1n y Alfred N\u00b4Diaye, en el partido que en el Villamar\u00edn enfrenta a Betis y Espanyol correspondiente a la jornada 22 del Campeonato de Liga de Primera Divisi\u00f3n.<\/span><\/p>\n<p><span style=\"color: #008000\">Cuando Ad\u00e1n debut\u00f3 ten\u00eda 26 a\u00f1os y hab\u00eda llegado en el mercado de invierno desde el Cagliari.&nbsp;<\/span><\/p>\n<p><span style=\"color: #008000\">Alfred N\u00b4Diaye ten\u00eda 23 a\u00f1os y lleg\u00f3 tambi\u00e9n en el mercado invernal, cedido desde el Sunderland.&nbsp;<\/span> &nbsp;<\/p>","protected":false},"excerpt":{"rendered":"<p>El 2 de febrero de 2014 debutan con el Real Betis Balompi\u00e9 los jugadores Antonio Ad\u00e1n y Alfred N\u00b4Diaye, en el partido que en el Villamar\u00edn enfrenta a Betis y Espanyol correspondiente a la jornada 22 del Campeonato de Liga de Primera Divisi\u00f3n. Cuando Ad\u00e1n debut\u00f3 ten\u00eda 26 a\u00f1os y hab\u00eda llegado en el mercado&#8230;<\/p>\n","protected":false},"author":5,"featured_media":92577,"comment_status":"open","ping_status":"open","sticky":false,"template":"","format":"standard","meta":{"_kad_post_transparent":"","_kad_post_title":"","_kad_post_layout":"","_kad_post_sidebar_id":"","_kad_post_content_style":"","_kad_post_vertical_padding":"","_kad_post_feature":"","_kad_post_feature_position":"","_kad_post_header":false,"_kad_post_footer":false,"_kad_post_classname":"","_jetpack_memberships_contains_paid_content":false,"footnotes":"","jetpack_publicize_message":"","jetpack_publicize_feature_enabled":true,"jetpack_social_post_already_shared":true,"jetpack_social_options":{"image_generator_settings":{"template":"highway","default_image_id":0,"font":"","enabled":false},"version":2}},"categories":[15447,14583,1],"tags":[16752,15179,12732,17880],"class_list":["post-92576","post","type-post","status-publish","format-standard","has-post-thumbnail","hentry","category-2010-2019","category-efemerides","category-portada","tag-16752","tag-alfred-ndiaye","tag-antonio-adan","tag-liga-primera-2013-14"],"jetpack_publicize_connections":[],"jetpack_featured_media_url":"https:\/\/i0.wp.com\/www.manquepierda.com\/historiarealbetis\/files\/2024\/01\/2-Debuts-de-Antonio-Adan-y-Alfred-N%C2%B4Diaye.jpg?fit=425%2C248&ssl=1","jetpack_sharing_enabled":true,"jetpack_shortlink":"https:\/\/wp.me\/p1ij08-o5a","jetpack-related-posts":[],"_links":{"self":[{"href":"https:\/\/www.manquepierda.com\/historiarealbetis\/wp-json\/wp\/v2\/posts\/92576","targetHints":{"allow":["GET"]}}],"collection":[{"href":"https:\/\/www.manquepierda.com\/historiarealbetis\/wp-json\/wp\/v2\/posts"}],"about":[{"href":"https:\/\/www.manquepierda.com\/historiarealbetis\/wp-json\/wp\/v2\/types\/post"}],"author":[{"embeddable":true,"href":"https:\/\/www.manquepierda.com\/historiarealbetis\/wp-json\/wp\/v2\/users\/5"}],"replies":[{"embeddable":true,"href":"https:\/\/www.manquepierda.com\/historiarealbetis\/wp-json\/wp\/v2\/comments?post=92576"}],"version-history":[{"count":4,"href":"https:\/\/www.manquepierda.com\/historiarealbetis\/wp-json\/wp\/v2\/posts\/92576\/revisions"}],"predecessor-version":[{"id":92581,"href":"https:\/\/www.manquepierda.com\/historiarealbetis\/wp-json\/wp\/v2\/posts\/92576\/revisions\/92581"}],"wp:featuredmedia":[{"embeddable":true,"href":"https:\/\/www.manquepierda.com\/historiarealbetis\/wp-json\/wp\/v2\/media\/92577"}],"wp:attachment":[{"href":"https:\/\/www.manquepierda.com\/historiarealbetis\/wp-json\/wp\/v2\/media?parent=92576"}],"wp:term":[{"taxonomy":"category","embeddable":true,"href":"https:\/\/www.manquepierda.com\/historiarealbetis\/wp-json\/wp\/v2\/categories?post=92576"},{"taxonomy":"post_tag","embeddable":true,"href":"https:\/\/www.manquepierda.com\/historiarealbetis\/wp-json\/wp\/v2\/tags?post=92576"}],"curies":[{"name":"wp","href":"https:\/\/api.w.org\/{rel}","templated":true}]}}