{"id":92617,"date":"2024-01-29T11:00:00","date_gmt":"2024-01-29T10:00:00","guid":{"rendered":"https:\/\/www.manquepierda.com\/historiarealbetis\/?p=92617"},"modified":"2024-01-27T11:13:22","modified_gmt":"2024-01-27T10:13:22","slug":"entrevista-roberto-rios-1997","status":"publish","type":"post","link":"https:\/\/www.manquepierda.com\/historiarealbetis\/entrevista-roberto-rios-1997\/","title":{"rendered":"Entrevista Roberto R\u00edos 1997."},"content":{"rendered":"<div class=\"wp-block-image\">\n<figure class=\"aligncenter size-large\"><img data-recalc-dims=\"1\" loading=\"lazy\" decoding=\"async\" width=\"468\" height=\"700\" src=\"https:\/\/i0.wp.com\/www.manquepierda.com\/historiarealbetis\/files\/2024\/01\/1-Entrevista-Roberto-Rios-imagen.jpg?resize=468%2C700&#038;ssl=1\" alt=\"\" class=\"wp-image-92618\" srcset=\"https:\/\/i0.wp.com\/www.manquepierda.com\/historiarealbetis\/files\/2024\/01\/1-Entrevista-Roberto-Rios-imagen-scaled.jpg?resize=468%2C700&amp;ssl=1 468w, https:\/\/i0.wp.com\/www.manquepierda.com\/historiarealbetis\/files\/2024\/01\/1-Entrevista-Roberto-Rios-imagen-scaled.jpg?resize=401%2C600&amp;ssl=1 401w, https:\/\/i0.wp.com\/www.manquepierda.com\/historiarealbetis\/files\/2024\/01\/1-Entrevista-Roberto-Rios-imagen-scaled.jpg?resize=147%2C220&amp;ssl=1 147w, https:\/\/i0.wp.com\/www.manquepierda.com\/historiarealbetis\/files\/2024\/01\/1-Entrevista-Roberto-Rios-imagen-scaled.jpg?resize=768%2C1149&amp;ssl=1 768w, https:\/\/i0.wp.com\/www.manquepierda.com\/historiarealbetis\/files\/2024\/01\/1-Entrevista-Roberto-Rios-imagen-scaled.jpg?w=1712&amp;ssl=1 1712w\" sizes=\"auto, (max-width: 468px) 100vw, 468px\" \/><\/figure>\n<\/div>\n\n<p><\/p>\n<p>Del 1 de febrero de 1997 es la entrevista que hoy reproducimos, publicada en las p\u00e1ginas de Diario 16 Andaluc\u00eda a cargo del periodista Luis Carlos Peris y con Roberto R\u00edos como protagonista, en las v\u00edsperas de un desplazamiento del Betis a San Mam\u00e9s que&nbsp; se&nbsp; sald\u00f3 con una rotunda victoria verdiblanca por 0-3 ante el Athletic.<\/p>\n<p>La ascendencia vizca\u00edna de Roberto R\u00edos, y el presunto inter\u00e9s del Athletic en su contrataci\u00f3n, siempre era un motivo de rumores en momentos como \u00e9ste, m\u00e1xime cuando R\u00edos era uno de los puntales de la formaci\u00f3n b\u00e9tica, adem\u00e1s de que en esa temporada 96-97 incluso lleg\u00f3 ya a debutar con la selecci\u00f3n. Cuando se produce esta entrevista Roberto R\u00edos ya hab\u00eda jugado en 4 ocasiones: en octubre contra la Rep\u00fablica Checa en Praga, en noviembre contra Eslovaquia en Tenerife, y en diciembre contra Yugoslavia en Valencia y en La Valetta contra Malta, todos partidos de clasificaci\u00f3n para el Mundial de 1998.&nbsp;&nbsp;<\/p>\n<p>El Betis se hallaba en un momento dulce de la temporada, tercero en la tabla a 7 puntos del Real Madrid l\u00edder y a 4 del Barcelona, segundo en la tabla, adem\u00e1s de haberse clasificado en esa semana para los cuartos de final de la Copa tras eliminar al Tenerife.<\/p>\n<p><span style=\"color: #008000\"><em>Tras la enorme cantidad de rumores que en el verano lo acercaban a casa, ma\u00f1ana es la vencida. Ma\u00f1ana vuelve a San Mam\u00e9s Roberto R\u00edos, el futbolista m\u00e1s deseado por el Athletic Club de Bilbao y quiz\u00e1 el m\u00e1s sorprendentemente emergente de cuantos conforman la n\u00f3mina de Primera Divisi\u00f3n. <\/em><\/span><\/p>\n<p><span style=\"color: #008000\"><em>Y en este ritmo vertiginoso de la competici\u00f3n, en este ritmo que no permite saborear los triunfos, el gigante de Portugalete se olvida ya de la victoria copera para meterse de lleno en la duermevela liguera, que es, por cierto, en Bilbao.<\/em><\/span><\/p>\n<p><span style=\"color: #008000\"><em>&#8211; \u00bfJugar en Bilbao es como jugar en cualquier otro campo?<\/em><\/span><\/p>\n<p><span style=\"color: #008000\"><em>&#8211; Bueno, la verdad es que yo soy un poco chaquetero en ese aspecto, pues de ni\u00f1o siempre era del equipo que entrenaba mi padre. Nac\u00ed cuando \u00e9l entrenaba al Ja\u00e9n, y luego fui del Baracaldo, del Recreativo de Huelva, del Murcia, del Coru\u00f1a y del Betis, donde empec\u00e9 a creer que pod\u00eda ser futbolista.<\/em><\/span><\/p>\n<p><span style=\"color: #008000\"><em>&#8211; Entonces, San Mam\u00e9s\u2026<\/em><\/span><\/p>\n<p><em><span style=\"color: #008000\">&#8211; Hombre, San Mam\u00e9s es un campo especial porque es el del equipo de todos los vizca\u00ednos y yo me siento bastante vizca\u00edno. Es m\u00e1s, el otro d\u00eda, vistiendo la camiseta de Euskadi all\u00ed, me sent\u00ed muy honrado y muy a gusto<\/span><\/em><\/p>\n<p><span style=\"color: #008000\"><em>&#8211; Esta temporada, las dos internacionalidades, con Espa\u00f1a y con Euskadi\u2026<\/em><\/span><\/p>\n<p><span style=\"color: #008000\"><em>&#8211; Es para sentirse muy satisfecho, para que esta temporada no se me borre jam\u00e1s de la cabeza. S\u00f3lo falta, y toquemos madera, que no vuelva a sufrir lesi\u00f3n alguna<\/em><\/span><\/p>\n<p><span style=\"color: #008000\"><em>&#8211; Volviendo a cuestiones de proximidad geogr\u00e1fica, usted parece ser que este verano estuvo con un pie en la Real Sociedad\u2026<\/em><\/span><\/p>\n<p><span style=\"color: #008000\"><em>&#8211; Se rumore\u00f3, pero yo nunca hubiera consentido fichar por la Real<\/em><\/span><\/p>\n<p><span style=\"color: #008000\"><em>&#8211; \u00bfQuiz\u00e1 porque es como ponerle los cuernos al Athletic?<\/em><\/span><\/p>\n<p><span style=\"color: #008000\"><em>&#8211; Simple y llanamente por lo que he repetido hasta la saciedad, porque s\u00f3lo me ir\u00eda del Betis en una direcci\u00f3n, la del Athletic<\/em><\/span><\/p>\n<p><em><span style=\"color: #008000\">&#8211; Adem\u00e1s en el equipo rojiblanco juega un paisano insigne\u2026<\/span><\/em><\/p>\n<p><span style=\"color: #008000\"><em>&#8211; Julen Guerrero tambi\u00e9n es de Portugalete y bastante amigo, pero no es el \u00fanico amigo que tengo all\u00ed. Jos\u00e9 Mari, Oskar Vales, Aitor Karanka, Juanjo Valencia, Ziganda\u2026Todos esos son tan amigos m\u00edos como Julen<\/em><\/span><\/p>\n<p><em><span style=\"color: #008000\">&#8211; Se ha puesto de moda no celebrar el gol en sitios concretos. \u00bfCelebrar\u00eda un gol al Athletic en San Mam\u00e9s?<\/span><\/em><\/p>\n<p><span style=\"color: #008000\"><em>&#8211; Ya lo celebr\u00e9 en la primera vuelta, en nuestro campo. Yo hago tan pocos goles que deben permitirme que para una vez que marco lo celebre. Adem\u00e1s, yo soy del Betis, defiendo con toda mi alma al Betis, celebro los \u00e9xitos del Betis y un gol m\u00edo es bueno para el Betis<\/em><\/span><\/p>\n<p><span style=\"color: #008000\"><em>&#8211; Usted s\u00f3lo ha jugado una vez&nbsp; en San Mam\u00e9s en Primera Divisi\u00f3n, \u00bfrecuerda qu\u00e9 pas\u00f3?<\/em><\/span><\/p>\n<p><span style=\"color: #008000\"><em>&#8211; \u00bfC\u00f3mo no voy a recordarlo? Yo hab\u00eda jugado en Logro\u00f1o el primer partido, pero sustituyendo al final. En San Mam\u00e9s, tercera jornada liguera, era mi debut como titular en Primera Divisi\u00f3n y no puedo olvidar que fi expulsado por una entrada a Larraz\u00e1bal<\/em><\/span><\/p>\n<p><span style=\"color: #008000\"><em>&#8211; Arbitraje de N\u00fa\u00f1ez Manrique que, como es habitual, ya hab\u00eda expulsado a Jaime, su v\u00edctima propiciatoria. \u00bfDa verg\u00fcenza que lo expulsen a uno delante de la familia?<\/em><\/span><\/p>\n<p><span style=\"color: #008000\"><em>&#8211; Una expulsi\u00f3n es algo horrible y te lo dice uno que fue expulsado en &nbsp;muy pocas ocasiones; en Primera, s\u00f3lo esa vez. Se pasa fatal y ahora recuerdo que en aquella ocasi\u00f3n fue peor que nunca por eso, por estar delante de la familia<\/em><\/span><\/p>\n<p><span style=\"color: #008000\"><em>&#8211; \u00bfA\u00f1ora Bilbao?<\/em><\/span><\/p>\n<p><span style=\"color: #008000\"><em>&#8211; Siempre se echa de menos la tierra de uno, la tierra donde vive la mayor parte de la familia. Aunque mis padres viven aqu\u00ed, all\u00ed est\u00e1n mis hermanos, mis sobrinos\u2026Pero, bueno, tampoco se vive mal en Triana, donde vivo actualmente. Me he hecho al barrio y se vive muy tranquilo, pero la tierra de uno\u2026<\/em><\/span><\/p>\n<p><span style=\"color: #008000\"><em>&#8211; Usted reconocer\u00e1, sin embargo, que con el potencial de este Betis resulta dif\u00edcil que le dejen irse\u2026<\/em><\/span><\/p>\n<p><span style=\"color: #008000\"><em>&#8211; Eso lo tengo clar\u00edsimo, muy asumido y no me causa ning\u00fan trauma. Estoy a gusto y ellos parece que tambi\u00e9n. Claro que qui\u00e9n sabe lo que puede pasar en un futuro; el Betis es una empresa, el Athletic otra y si todos ganan\u2026pero yo veo muy complicado salir del Betis<\/em><\/span><\/p>\n<p><span style=\"color: #008000\"><em>&#8211; Y del Athletic al Betis, \u00bfcu\u00e1l es el techo de este Betis que gana casi sin despeinarse?<\/em><\/span><\/p>\n<p><span style=\"color: #008000\"><em>&#8211; Yo no se lo veo, pues est\u00e1 compuesto por veinti\u00fan futbolistas de primer nivel, como se demuestra cando hay que suplir a alguien. Con tanta gente competitiva son posibles muchas variantes y en un campeonato largo resulta fundamental. Yo creo que se puede aspirar a todo<\/em><\/span><\/p>\n<p><span style=\"color: #008000\"><em>&#8211; \u00bfLiga o Copa?<\/em><\/span><\/p>\n<p><span style=\"color: #008000\"><em>&#8211; En la Liga hay que aprovechar que Madrid y Barcelona tengan un mal a\u00f1o, pero que lo tengan los dos, pues si uno no lo tiene es el que sale campe\u00f3n. En la Copa, pienso, es m\u00e1s f\u00e1cil, pues no hay que jugar contra todos y con algo de suerte en el bombo\u2026<\/em><\/span><\/p>\n<p><em>&#8211;<span style=\"color: #008000\"> \u00bfCu\u00e1l es el secreto del Betis?<\/span><\/em><\/p>\n<p><em><span style=\"color: #008000\">&#8211; El Betis es muy completo y domina much\u00edsimas facetas del juego. Es peligroso en las faltas, tiene repertorio, es dif\u00edcil que le hagan gol\u2026De todas formas, la claves es que defendemos todos y atacamos casi todos. S\u00f3lo hay que ver c\u00f3mo defend\u00eda Alfonso cuando el Tenerife apretaba\u2026 &nbsp;<\/span>&nbsp;&nbsp;&nbsp;<\/em><\/p>","protected":false},"excerpt":{"rendered":"<p>Del 1 de febrero de 1997 es la entrevista que hoy reproducimos, publicada en las p\u00e1ginas de Diario 16 Andaluc\u00eda a cargo del periodista Luis Carlos Peris y con Roberto R\u00edos como protagonista, en las v\u00edsperas de un desplazamiento del Betis a San Mam\u00e9s que&nbsp; se&nbsp; sald\u00f3 con una rotunda victoria verdiblanca por 0-3 ante&#8230;<\/p>\n","protected":false},"author":5,"featured_media":92618,"comment_status":"open","ping_status":"open","sticky":false,"template":"","format":"standard","meta":{"_kad_post_transparent":"","_kad_post_title":"","_kad_post_layout":"","_kad_post_sidebar_id":"","_kad_post_content_style":"","_kad_post_vertical_padding":"","_kad_post_feature":"","_kad_post_feature_position":"","_kad_post_header":false,"_kad_post_footer":false,"_kad_post_classname":"","_jetpack_memberships_contains_paid_content":false,"footnotes":"","jetpack_publicize_message":"","jetpack_publicize_feature_enabled":true,"jetpack_social_post_already_shared":true,"jetpack_social_options":{"image_generator_settings":{"template":"highway","default_image_id":0,"font":"","enabled":false},"version":2}},"categories":[905,893,1],"tags":[2478,1068,3220,2289],"class_list":["post-92617","post","type-post","status-publish","format-standard","has-post-thumbnail","hentry","category-1990-1999","category-jugadores-temas","category-portada","tag-1996-97","tag-1068","tag-luis-carlos-peris","tag-roberto-rios"],"jetpack_publicize_connections":[],"jetpack_featured_media_url":"https:\/\/i0.wp.com\/www.manquepierda.com\/historiarealbetis\/files\/2024\/01\/1-Entrevista-Roberto-Rios-imagen-scaled.jpg?fit=1712%2C2560&ssl=1","jetpack_sharing_enabled":true,"jetpack_shortlink":"https:\/\/wp.me\/p1ij08-o5P","jetpack-related-posts":[],"_links":{"self":[{"href":"https:\/\/www.manquepierda.com\/historiarealbetis\/wp-json\/wp\/v2\/posts\/92617","targetHints":{"allow":["GET"]}}],"collection":[{"href":"https:\/\/www.manquepierda.com\/historiarealbetis\/wp-json\/wp\/v2\/posts"}],"about":[{"href":"https:\/\/www.manquepierda.com\/historiarealbetis\/wp-json\/wp\/v2\/types\/post"}],"author":[{"embeddable":true,"href":"https:\/\/www.manquepierda.com\/historiarealbetis\/wp-json\/wp\/v2\/users\/5"}],"replies":[{"embeddable":true,"href":"https:\/\/www.manquepierda.com\/historiarealbetis\/wp-json\/wp\/v2\/comments?post=92617"}],"version-history":[{"count":3,"href":"https:\/\/www.manquepierda.com\/historiarealbetis\/wp-json\/wp\/v2\/posts\/92617\/revisions"}],"predecessor-version":[{"id":92621,"href":"https:\/\/www.manquepierda.com\/historiarealbetis\/wp-json\/wp\/v2\/posts\/92617\/revisions\/92621"}],"wp:featuredmedia":[{"embeddable":true,"href":"https:\/\/www.manquepierda.com\/historiarealbetis\/wp-json\/wp\/v2\/media\/92618"}],"wp:attachment":[{"href":"https:\/\/www.manquepierda.com\/historiarealbetis\/wp-json\/wp\/v2\/media?parent=92617"}],"wp:term":[{"taxonomy":"category","embeddable":true,"href":"https:\/\/www.manquepierda.com\/historiarealbetis\/wp-json\/wp\/v2\/categories?post=92617"},{"taxonomy":"post_tag","embeddable":true,"href":"https:\/\/www.manquepierda.com\/historiarealbetis\/wp-json\/wp\/v2\/tags?post=92617"}],"curies":[{"name":"wp","href":"https:\/\/api.w.org\/{rel}","templated":true}]}}