{"id":92659,"date":"2024-02-02T11:00:00","date_gmt":"2024-02-02T10:00:00","guid":{"rendered":"https:\/\/www.manquepierda.com\/historiarealbetis\/?p=92659"},"modified":"2024-09-04T19:55:45","modified_gmt":"2024-09-04T17:55:45","slug":"alineacion-betis-getafe-liga-2017","status":"publish","type":"post","link":"https:\/\/www.manquepierda.com\/historiarealbetis\/alineacion-betis-getafe-liga-2017\/","title":{"rendered":"Alineaci\u00f3n Betis-Getafe Liga 2017."},"content":{"rendered":"<div class=\"wp-block-image\">\n<figure class=\"aligncenter size-large\"><img data-recalc-dims=\"1\" loading=\"lazy\" decoding=\"async\" width=\"960\" height=\"594\" src=\"https:\/\/i0.wp.com\/www.manquepierda.com\/historiarealbetis\/files\/2024\/01\/Alineacion-Betis-Getafe-Liga-2017.jpg?resize=960%2C594&#038;ssl=1\" alt=\"\" class=\"wp-image-92660\" srcset=\"https:\/\/i0.wp.com\/www.manquepierda.com\/historiarealbetis\/files\/2024\/01\/Alineacion-Betis-Getafe-Liga-2017.jpg?resize=960%2C594&amp;ssl=1 960w, https:\/\/i0.wp.com\/www.manquepierda.com\/historiarealbetis\/files\/2024\/01\/Alineacion-Betis-Getafe-Liga-2017.jpg?resize=680%2C421&amp;ssl=1 680w, https:\/\/i0.wp.com\/www.manquepierda.com\/historiarealbetis\/files\/2024\/01\/Alineacion-Betis-Getafe-Liga-2017.jpg?resize=220%2C136&amp;ssl=1 220w, https:\/\/i0.wp.com\/www.manquepierda.com\/historiarealbetis\/files\/2024\/01\/Alineacion-Betis-Getafe-Liga-2017.jpg?resize=768%2C475&amp;ssl=1 768w, https:\/\/i0.wp.com\/www.manquepierda.com\/historiarealbetis\/files\/2024\/01\/Alineacion-Betis-Getafe-Liga-2017.jpg?w=1049&amp;ssl=1 1049w\" sizes=\"auto, (max-width: 960px) 100vw, 960px\" \/><\/figure>\n<\/div>\n\n<p>\u00a0<\/p>\n<p>3 de noviembre de 2017 en el Villamar\u00edn Betis 2 Getafe 2; jornada 11 del Campeonato de Liga de Primera Divisi\u00f3n.<\/p>\n<p>En la imagen arriba Mandi, Barrag\u00e1n, Amat, Javi Garc\u00eda y Ad\u00e1n; abajo Tosca, Camarasa, Guardado, Sergio Le\u00f3n, Joaqu\u00edn y Tello.<\/p>\n<p>Al descanso se fue el Getafe con un 0-2 a su favor con goles de Bergara y Portillo; en la segunda parte el Betis igual\u00f3 el marcador con tantos de Sanabria y Boudebouz.<\/p>\n<p>Quique Seti\u00e9n entrenaba al Betis y Jos\u00e9 Bordal\u00e1s al Getafe.<\/p>","protected":false},"excerpt":{"rendered":"<p>\u00a0 3 de noviembre de 2017 en el Villamar\u00edn Betis 2 Getafe 2; jornada 11 del Campeonato de Liga de Primera Divisi\u00f3n. En la imagen arriba Mandi, Barrag\u00e1n, Amat, Javi Garc\u00eda y Ad\u00e1n; abajo Tosca, Camarasa, Guardado, Sergio Le\u00f3n, Joaqu\u00edn y Tello. Al descanso se fue el Getafe con un 0-2 a su favor con&#8230;<\/p>\n","protected":false},"author":5,"featured_media":92660,"comment_status":"open","ping_status":"open","sticky":false,"template":"","format":"standard","meta":{"_kad_post_transparent":"","_kad_post_title":"","_kad_post_layout":"","_kad_post_sidebar_id":"","_kad_post_content_style":"","_kad_post_vertical_padding":"","_kad_post_feature":"","_kad_post_feature_position":"","_kad_post_header":false,"_kad_post_footer":false,"_kad_post_classname":"","_jetpack_memberships_contains_paid_content":false,"footnotes":"","jetpack_publicize_message":"","jetpack_publicize_feature_enabled":true,"jetpack_social_post_already_shared":true,"jetpack_social_options":{"image_generator_settings":{"template":"highway","default_image_id":0,"font":"","enabled":false},"version":2}},"categories":[15447,1],"tags":[17599,17455,17456,17600,16951,12732,16185,16234,403,16421,3912,16476,17822,11681,16414],"class_list":["post-92659","post","type-post","status-publish","format-standard","has-post-thumbnail","hentry","category-2010-2019","category-portada","tag-17599","tag-2017-18","tag-aisa-mandi","tag-alin-tosca","tag-andres-guardado","tag-antonio-adan","tag-antonio-barragan","tag-cristian-tello","tag-getafe-cf","tag-javi-garcia","tag-joaquin-sanchez","tag-jordi-amat","tag-liga-primera-2017-18","tag-sergio-leon","tag-victor-camarasa"],"jetpack_publicize_connections":[],"jetpack_featured_media_url":"https:\/\/i0.wp.com\/www.manquepierda.com\/historiarealbetis\/files\/2024\/01\/Alineacion-Betis-Getafe-Liga-2017.jpg?fit=1049%2C649&ssl=1","jetpack_sharing_enabled":true,"jetpack_shortlink":"https:\/\/wp.me\/p1ij08-o6v","jetpack-related-posts":[],"_links":{"self":[{"href":"https:\/\/www.manquepierda.com\/historiarealbetis\/wp-json\/wp\/v2\/posts\/92659","targetHints":{"allow":["GET"]}}],"collection":[{"href":"https:\/\/www.manquepierda.com\/historiarealbetis\/wp-json\/wp\/v2\/posts"}],"about":[{"href":"https:\/\/www.manquepierda.com\/historiarealbetis\/wp-json\/wp\/v2\/types\/post"}],"author":[{"embeddable":true,"href":"https:\/\/www.manquepierda.com\/historiarealbetis\/wp-json\/wp\/v2\/users\/5"}],"replies":[{"embeddable":true,"href":"https:\/\/www.manquepierda.com\/historiarealbetis\/wp-json\/wp\/v2\/comments?post=92659"}],"version-history":[{"count":3,"href":"https:\/\/www.manquepierda.com\/historiarealbetis\/wp-json\/wp\/v2\/posts\/92659\/revisions"}],"predecessor-version":[{"id":92663,"href":"https:\/\/www.manquepierda.com\/historiarealbetis\/wp-json\/wp\/v2\/posts\/92659\/revisions\/92663"}],"wp:featuredmedia":[{"embeddable":true,"href":"https:\/\/www.manquepierda.com\/historiarealbetis\/wp-json\/wp\/v2\/media\/92660"}],"wp:attachment":[{"href":"https:\/\/www.manquepierda.com\/historiarealbetis\/wp-json\/wp\/v2\/media?parent=92659"}],"wp:term":[{"taxonomy":"category","embeddable":true,"href":"https:\/\/www.manquepierda.com\/historiarealbetis\/wp-json\/wp\/v2\/categories?post=92659"},{"taxonomy":"post_tag","embeddable":true,"href":"https:\/\/www.manquepierda.com\/historiarealbetis\/wp-json\/wp\/v2\/tags?post=92659"}],"curies":[{"name":"wp","href":"https:\/\/api.w.org\/{rel}","templated":true}]}}