{"id":92700,"date":"2024-02-05T11:00:00","date_gmt":"2024-02-05T10:00:00","guid":{"rendered":"https:\/\/www.manquepierda.com\/historiarealbetis\/?p=92700"},"modified":"2024-09-02T19:10:56","modified_gmt":"2024-09-02T17:10:56","slug":"entrevista-juan-del-nido","status":"publish","type":"post","link":"https:\/\/www.manquepierda.com\/historiarealbetis\/entrevista-juan-del-nido\/","title":{"rendered":"Entrevista Juan Del Nido 1969"},"content":{"rendered":"<div class=\"wp-block-image\">\n<figure class=\"aligncenter size-full is-resized\"><img data-recalc-dims=\"1\" loading=\"lazy\" decoding=\"async\" width=\"122\" height=\"191\" src=\"https:\/\/i0.wp.com\/www.manquepierda.com\/historiarealbetis\/files\/2024\/02\/Entrevista-Juan-Del-Nido-1969-NMP-Marca-26-09-1969.jpg?resize=122%2C191&#038;ssl=1\" alt=\"\" class=\"wp-image-92701\" style=\"width:360px;height:auto\" \/><\/figure>\n<\/div>\n\n<p>En septiembre de 1969 el Triana Balompi\u00e9 afrontaba su campa\u00f1a n\u00famero seis consecutiva en la Tercera Divisi\u00f3n, a la que ascendi\u00f3 en 1964. Durante toda esa d\u00e9cada el equipo filial se convirti\u00f3 en la principal fuente de aportaci\u00f3n de futbolistas al primer equipo b\u00e9tico, y fueron muchos los futbolistas que jugaron en el Betis procedentes del Triana Balompi\u00e9.<\/p>\n<p>Todo ello se repasa en esta entrevista publicada en el diario deportivo Marca, realizada por su corresponsal en Sevilla Juan Manuel Borbujo, y en el que el protagonista es el directivo b\u00e9tico Juan Del Nido Borrego que en esa campa\u00f1a hab\u00eda llegado al club en la primera directiva de Jos\u00e9 N\u00fa\u00f1ez Naranjo, en la que particip\u00f3 como vocal, adem\u00e1s de ser presidente del Triana Balompi\u00e9, que en esos a\u00f1os ten\u00eda un cargo presidencial espec\u00edfico.\u00a0<\/p>\n<p><span style=\"color: #008000\"><em>Contin\u00faa el Triana Balompi\u00e9 haciendo cantera, objetivo para el que fue creado hace varios a\u00f1os. En este tiempo, el Triana Balompi\u00e9, filial del Betis, ha surtido a la plantilla titular de una serie de valores que hoy se cotizan a elevad\u00edsimos precios en el mercado nacional. En realidad, la mayor parte del equipo titular b\u00e9tico ha salido del Triana.<\/em><\/span><\/p>\n<p><span style=\"color: #008000\"><em>\u00bfEn qu\u00e9 se cifra la aportaci\u00f3n trianerista al club blanquiverde?<\/em><\/span><\/p>\n<p><span style=\"color: #008000\"><em>Lo hemos indagado del propio presidente del filial, don Juan Del Nido Borrego.<\/em><\/span><\/p>\n<ul>\n<li><span style=\"color: #008000\"><em>\u00a1En muchos millones\u00a1 Se puede cifrar, sin \u00e1nimos de exagerar, por encima de los cuarenta millones de pesetas. Los nombres de Rogelio, Quino, Cristo, D\u00edaz, Dioni, etc\u2014porque la lista ser\u00eda interminable\u2014lo atestiguan. Y bastan los siguientes pormenores: s\u00f3lo por Quino se han llegado a ofertar doce millones de pesetas, por Rogelio ocho. Por eso, afirmo, que la aportaci\u00f3n del Triana al Betis supera los 40 millones de pesetas<\/em><\/span><\/li>\n<li><span style=\"color: #008000\"><em>Hacer cantera es la aspiraci\u00f3n del Triana<\/em><\/span><\/li>\n<li><span style=\"color: #008000\"><em>En efecto. Esa, y mantenernos en Tercera Divisi\u00f3n, ante la nueva estructuraci\u00f3n de la categor\u00eda<\/em><\/span><\/li>\n<li><span style=\"color: #008000\"><em>\u00bfLo conseguir\u00e1?<\/em><\/span><\/li>\n<\/ul>\n<p><span style=\"color: #008000\"><em>El se\u00f1or Del Nido afirma rotundo:<\/em><\/span><\/p>\n<ul>\n<li><span style=\"color: #008000\"><em>Es seguro. Tenemos plantilla para ello. Plantilla de porvenir. Plantilla joven, y que seguir\u00e1 proporcionando al Betis cuanto vaya necesitando<\/em><\/span><\/li>\n<li><span style=\"color: #008000\"><em>\u00bfQu\u00e9 promedio de edad tiene el titular del Triana?<\/em><\/span><\/li>\n<li><span style=\"color: #008000\"><em>De diecinueve a veinte a\u00f1os. El de mayor edad tiene ahora 22; tambi\u00e9n abundan los de 18. El Triana, repito, no tiene otro objetivo que hacer cantera; si luego se ganan partidos y se logran buenas clasificaciones, mejor que mejor. Espero con ese equipo dos cosas fundamentales: primero, seguir aportando valores de garant\u00eda y clase al f\u00fatbol andaluz y por lo tanto al Betis; adem\u00e1s, quedarnos en la categor\u00eda nacional ante la reducci\u00f3n de la Tercera Divisi\u00f3n<\/em><\/span><\/li>\n<li><span style=\"color: #008000\"><em>\u00bfCu\u00e1ntos jugadores componen ahora la plantilla del Triana Balompi\u00e9?<\/em><\/span><\/li>\n<li><span style=\"color: #008000\"><em>Dieciocho muchachos. Si bien en la organizaci\u00f3n general de aficionados, juveniles e infantiles, el Triana cuenta con m\u00e1s de 300 jugadores<\/em><\/span><\/li>\n<li><span style=\"color: #008000\"><em>\u00bfY todos bajo el control de Esteban Areta?<\/em><\/span><\/li>\n<li><span style=\"color: #008000\"><em>Areta sigue siendo el art\u00edfice de la plantilla titular del Triana, con una serie de colaboradores eficaces en las restantes secciones. Nuestra organizaci\u00f3n, ya digo, est\u00e1 bien estudiada, por eso tan s\u00f3lo aseguramos lo que pretendemos y lo que podemos. Alardear, por el mero gusto de hacer propaganda, es contraproducente y no encaja en la manera de comportarse del Triana<\/em><\/span><\/li>\n<\/ul>\n<p><span style=\"color: #008000\"><em>Ciertamente, el se\u00f1or Del Nido, nos habl\u00f3 con meridiana claridad de los aut\u00e9nticos prop\u00f3sitos trianeros y que desembocan, ni m\u00e1s ni menos, que en hacer \u201ccantera futbol\u00edstica\u201d.<\/em><\/span><\/p>\n<p><em>\u00a0\u00a0<\/em><\/p>","protected":false},"excerpt":{"rendered":"<p>En septiembre de 1969 el Triana Balompi\u00e9 afrontaba su campa\u00f1a n\u00famero seis consecutiva en la Tercera Divisi\u00f3n, a la que ascendi\u00f3 en 1964. Durante toda esa d\u00e9cada el equipo filial se convirti\u00f3 en la principal fuente de aportaci\u00f3n de futbolistas al primer equipo b\u00e9tico, y fueron muchos los futbolistas que jugaron en el Betis procedentes&#8230;<\/p>\n","protected":false},"author":5,"featured_media":92701,"comment_status":"open","ping_status":"open","sticky":false,"template":"","format":"standard","meta":{"_kad_post_transparent":"","_kad_post_title":"","_kad_post_layout":"","_kad_post_sidebar_id":"","_kad_post_content_style":"","_kad_post_vertical_padding":"","_kad_post_feature":"","_kad_post_feature_position":"","_kad_post_header":false,"_kad_post_footer":false,"_kad_post_classname":"","_jetpack_memberships_contains_paid_content":false,"footnotes":"","jetpack_publicize_message":"","jetpack_publicize_feature_enabled":true,"jetpack_social_post_already_shared":true,"jetpack_social_options":{"image_generator_settings":{"template":"highway","default_image_id":0,"font":"","enabled":false},"version":2}},"categories":[902,17191,891,1],"tags":[4201,4844,4581,16937,18229,2211],"class_list":["post-92700","post","type-post","status-publish","format-standard","has-post-thumbnail","hentry","category-1960-1969","category-cantera","category-directivos-temas","category-portada","tag-4201","tag-1969-70","tag-juan-del-nido-borrego","tag-juan-manuel-borbujo","tag-liga-tercera-1969-70","tag-triana-balompie"],"jetpack_publicize_connections":[],"jetpack_featured_media_url":"https:\/\/i0.wp.com\/www.manquepierda.com\/historiarealbetis\/files\/2024\/02\/Entrevista-Juan-Del-Nido-1969-NMP-Marca-26-09-1969.jpg?fit=122%2C191&ssl=1","jetpack_sharing_enabled":true,"jetpack_shortlink":"https:\/\/wp.me\/p1ij08-o7a","jetpack-related-posts":[],"_links":{"self":[{"href":"https:\/\/www.manquepierda.com\/historiarealbetis\/wp-json\/wp\/v2\/posts\/92700","targetHints":{"allow":["GET"]}}],"collection":[{"href":"https:\/\/www.manquepierda.com\/historiarealbetis\/wp-json\/wp\/v2\/posts"}],"about":[{"href":"https:\/\/www.manquepierda.com\/historiarealbetis\/wp-json\/wp\/v2\/types\/post"}],"author":[{"embeddable":true,"href":"https:\/\/www.manquepierda.com\/historiarealbetis\/wp-json\/wp\/v2\/users\/5"}],"replies":[{"embeddable":true,"href":"https:\/\/www.manquepierda.com\/historiarealbetis\/wp-json\/wp\/v2\/comments?post=92700"}],"version-history":[{"count":3,"href":"https:\/\/www.manquepierda.com\/historiarealbetis\/wp-json\/wp\/v2\/posts\/92700\/revisions"}],"predecessor-version":[{"id":92706,"href":"https:\/\/www.manquepierda.com\/historiarealbetis\/wp-json\/wp\/v2\/posts\/92700\/revisions\/92706"}],"wp:featuredmedia":[{"embeddable":true,"href":"https:\/\/www.manquepierda.com\/historiarealbetis\/wp-json\/wp\/v2\/media\/92701"}],"wp:attachment":[{"href":"https:\/\/www.manquepierda.com\/historiarealbetis\/wp-json\/wp\/v2\/media?parent=92700"}],"wp:term":[{"taxonomy":"category","embeddable":true,"href":"https:\/\/www.manquepierda.com\/historiarealbetis\/wp-json\/wp\/v2\/categories?post=92700"},{"taxonomy":"post_tag","embeddable":true,"href":"https:\/\/www.manquepierda.com\/historiarealbetis\/wp-json\/wp\/v2\/tags?post=92700"}],"curies":[{"name":"wp","href":"https:\/\/api.w.org\/{rel}","templated":true}]}}