{"id":92762,"date":"2024-02-11T11:00:00","date_gmt":"2024-02-11T10:00:00","guid":{"rendered":"https:\/\/www.manquepierda.com\/historiarealbetis\/?p=92762"},"modified":"2024-08-09T12:45:19","modified_gmt":"2024-08-09T10:45:19","slug":"impresiones-viajeras-cadiz-1978","status":"publish","type":"post","link":"https:\/\/www.manquepierda.com\/historiarealbetis\/impresiones-viajeras-cadiz-1978\/","title":{"rendered":"Impresiones viajeras. C\u00e1diz 1978"},"content":{"rendered":"\n<p><\/p>\n\n\n<div class=\"wp-block-image\">\n<figure class=\"aligncenter size-full\"><img data-recalc-dims=\"1\" loading=\"lazy\" decoding=\"async\" width=\"540\" height=\"317\" src=\"https:\/\/i0.wp.com\/www.manquepierda.com\/historiarealbetis\/files\/2024\/02\/Impresiones-viajeras.-Cadiz-1978.jpg?resize=540%2C317&#038;ssl=1\" alt=\"\" class=\"wp-image-92763\" srcset=\"https:\/\/i0.wp.com\/www.manquepierda.com\/historiarealbetis\/files\/2024\/02\/Impresiones-viajeras.-Cadiz-1978.jpg?w=540&amp;ssl=1 540w, https:\/\/i0.wp.com\/www.manquepierda.com\/historiarealbetis\/files\/2024\/02\/Impresiones-viajeras.-Cadiz-1978.jpg?resize=220%2C129&amp;ssl=1 220w\" sizes=\"auto, (max-width: 540px) 100vw, 540px\" \/><\/figure>\n<\/div>\n\n<p>\u00a0<\/p>\n<p>El 3 de diciembre de 1978 el Betis se desplaz\u00f3 a C\u00e1diz para jugar en el estadio Ram\u00f3n de Carranza contra el equipo amarillo, en partido de la jornada 13 del Campeonato de Liga de Segunda Divisi\u00f3n.<\/p>\n<p>Un partido complicado por ser un derbi regional, y en el que el Betis adem\u00e1s atravesaba una crisis de resultados. Despu\u00e9s de comenzar de manera fulgurante la competici\u00f3n durante septiembre y octubre, en noviembre llegaron un par de tropiezos, empate en casa ante Osasuna y derrota en Tarrasa, que sirvieron para acrecentar los rumores sobre mal ambiente en la plantilla con el entrenador Garc\u00eda Traid.<\/p>\n<p>Todo esto se reflejaba en la cr\u00f3nica de Fernando Gel\u00e1n en el diario ABC en sus Impresiones viajeras. Se daba cuenta tambi\u00e9n del ambiente previo al carnaval gaditano con los ensayos de las agrupaciones, en unos a\u00f1os marcados por el car\u00e1cter reivindicativo de la fiesta; tambi\u00e9n la presencia de numerosos aficionados b\u00e9ticos, que en n\u00famero de 4 mil se dieron citan en los grader\u00edos; se recogen tambi\u00e9n actividades en las pe\u00f1as b\u00e9ticas de La Barzola y La Corza, as\u00ed como el triste final del partido, que tuvo que ser suspendido en el minuto 86 por numerosos altercados y lanzamiento de objetos al terreno de juego.<\/p>\n<p><span style=\"color: #008000\"><em>La carretera estaba muy mojada, llov\u00eda con fuerza, pero el asfalto lo pisaban cientos de autom\u00f3viles que desde Sevilla se dirig\u00edan a C\u00e1diz. All\u00ed, en la Tacita de Plata, el Betis\u2014rivalidad regional de por medio\u2014jugaba en el Carranza un d\u00eda antes del 4-D del presente a\u00f1o.<\/em><\/span><\/p>\n<ul>\n<li><span style=\"color: #008000\"><em> Ahora en C\u00e1diz los grupos de chirigotas y comparsas ensayan esas nuevas letrillas con sabor a democracia. De \u201cAquellos duros antiguos\u2026\u201d a \u201c\u00a1Como Sevilla, ni hablar\u2026\u00a1\u201d, han pasado muchos a\u00f1os de carnavales, y los artistas del veneno y el ripio, con m\u00fasica de \u201cca\u00f1a con papel de fumar\u201d ya denuncian situaciones y claman por ayudas para el pueblo, con la iron\u00eda y la gracia de los que nacieron y viven en una ciudad siempre entra\u00f1able, clara y abierta, como su mar, a todo el mundo.<\/em><\/span><\/li>\n<li><span style=\"color: #008000\"><em> El domingo, antes de llegar a C\u00e1diz, tuvimos ocasi\u00f3n de hablar con muchos b\u00e9ticos que se concentraron en el hotel del Puerto de Santa Mar\u00eda donde el equipo verdiblanco hab\u00eda montado su cuartel general. Garc\u00eda Traid estaba preocupado por el partido. Su aspecto era serio y m\u00e1s que nunca se le notaba la enorme responsabilidad del encuentro. El m\u00edster verdiblanco estaba siempre atento para resolver todos los problemas que se les presentaban a sus jugadores en esas horas previas al choque del Carranza, y para sus adentros pensaba que no se le pod\u00edan escapar esos polvorones que simb\u00f3licamente\u2014lo cont\u00f3 el compa\u00f1ero Fern\u00e1ndez de C\u00f3rdoba\u2014se tom\u00f3 e Sevilla un d\u00eda antes de partir hacia C\u00e1diz, y que le ofrecieron unos amigos para que pudiera romper con el t\u00f3pico de mezclar a los preparadores con el consumo o no de los productos de Estepa en estas fechas de las Navidades.<\/em><\/span><\/li>\n<li><span style=\"color: #008000\"><em> El se\u00f1or Zubir\u00eda, delegado en el viaje del equipo b\u00e9tico, nos indicaba que el ambiente general en el desplazamiento era muy distinto al de otras jornadas anteriores: \u201cHe notado una mayor responsabilidad, un mayor deseo de sacrificio, m\u00e1s unidad para superar todos los problemas\u2026\u201d El directivo b\u00e9tico tambi\u00e9n nos dijo que no hay ning\u00fan compa\u00f1ero en la Junta directiva de la entidad, ni ning\u00fan jugador en contra de Garc\u00eda Traid: \u201cSe le reconoce todo el trabajo al preparador\u2026Puede tener sus errores, pero \u00e9l quiere que el equipo est\u00e9 perfectamente entrenado y en condiciones para responder a la meta que ha sido trazada\u201d.<\/em><\/span><\/li>\n<li><span style=\"color: #008000\"><em> Rafael Del Pozo, que no fue concentrado porque est\u00e1 lesionado, se present\u00f3 en el hotel donde estaban sus compa\u00f1eros de equipo: \u201cAunque no puedo jugar, quiero estar junto a mis amigos y compa\u00f1eros para que no les falte mi apoyo\u201d.<\/em><\/span><\/li>\n<li><span style=\"color: #008000\"><em> El presidente del Betis, Jos\u00e9 N\u00fa\u00f1ez Naranjo, tambi\u00e9n estuvo junto al equipo en esas horas \u201cavant match\u201d del Carranza: \u201cEstoy muy tranquilo ante la trayectoria del equipo. Siempre he sido una persona serena, y no tengo temor a nada\u2026Hay plantilla para ascender y ascenderemos\u2026Hay que olvidar la mala racha y superar todas las dificultades. La junta directiva apoya totalmente a Traid y a todos los jugadores\u201d. <\/em><\/span><\/li>\n<\/ul>\n<p><span style=\"color: #008000\"><em>N\u00fa\u00f1ez Naranjo dialog\u00f3 con el preparador. Le pregunt\u00f3 por los hombres que se hab\u00edan desplazado hasta C\u00e1diz para jugar en el estadio Ram\u00f3n de Carranza. El rector del club sevillano estaba all\u00ed, junto al conjunto de futbolistas verdiblancos. <\/em><\/span><\/p>\n<ul>\n<li><span style=\"color: #008000\"><em> El presidente de la Federaci\u00f3n de Pe\u00f1as B\u00e9ticas, Dalmacio Mart\u00ednez Zome\u00f1o, nos habl\u00f3 de las fiestas organizadas por la entidad verdiblanca de La Barzola y nos dio el programa de actos que dieron comienzo ayer d\u00eda 5, con una misa por el eterno descanso de los socios fallecidos, que se celebr\u00f3 en la parroquia de Nuestra Se\u00f1ora del Reposo.<\/em><\/span><\/li>\n<\/ul>\n<p><span style=\"color: #008000\"><em>La Pe\u00f1a B\u00e9tica La Corza celebra el diecinueve aniversario de su fundaci\u00f3n. Ma\u00f1ana, d\u00eda 7, se ofrecer\u00e1 una copa de vino para los socios y sus esposas; el d\u00eda 8, a las diez la ma\u00f1ana, se dar\u00e1 un desayuno para todos los ni\u00f1os de la barriada y por la tarde se celebrar\u00e1 un partido de f\u00fatbol con un trofeo donado por el presidente de la entidad. Ese mismo d\u00eda, por la ma\u00f1ana, las majorettes recorrer\u00e1n las calles de La Corza.<\/em><\/span><\/p>\n<ul>\n<li><span style=\"color: #008000\"><em> Juan Salas Tirado, presidente de la comisi\u00f3n por instalaciones de la ciudad deportiva b\u00e9tica, nos anunci\u00f3 que las obras en las instalaciones se desarrollaban a buen ritmo, para que en fecha pr\u00f3xima se puedan utilizar para los entrenamientos. El directivo Garc\u00eda de la Borbolla dialogaba con Juan Moya Sanabria sobre temas cofrades. Por otra parte, los jugadores verdiblancos, despu\u00e9s del almuerzo, se sentaron frente al televisor para presenciar el programa \u201cSobre el terreno\u201d. Muhren, alejado del grupo, se acomod\u00f3 en un amplio sof\u00e1 para leer una revista deportiva y Hugo, el delantero b\u00e9tico, recib\u00eda la visita de su padre, Nelson Cabezas.<\/em><\/span><\/li>\n<li><span style=\"color: #008000\"><em> Cuando el equipo del Betis lleg\u00f3 al estadio gaditano, en la puerta del campo se produjo un alboroto colectivo entre los seguidores que hab\u00edan llegado a C\u00e1diz desde Sevilla, y el numeroso grupo con sus banderas y pancartas se api\u00f1\u00f3 junto a sus ases.<\/em><\/span><\/li>\n<li><span style=\"color: #008000\"><em> En el pasillo del Carranza el directivo de la Consultiva verdiblanca Manuel Peralta salud\u00f3 al presidente del Betis, siendo testigos de la charla los t\u00e9cnicos Diego Villalonga y Pepe Valera, ex jugadores de Sevilla y Betis en distintas \u00e9pocas. Villalonga\u2014Diego Valor\u2014nos dec\u00eda que en la actualidad\u2014es ojeador del Real Madrid\u2014salen pocos valores futbol\u00edsticos: \u201cHay buenos futbolistas j\u00f3venes, pero es dif\u00edcil encontrarlos\u201d. Preguntamos a Villalonga si esta escasez puede perjudicar al f\u00fatbol en un futuro. El t\u00e9cnico nos dijo: \u201cSer\u00eda importante crear una escuela de f\u00fatbol a nivel nacional, y una serie de alicientes para que la juventud se dedique m\u00e1s a la pr\u00e1ctica de este deporte\u2026\u201d.<\/em><\/span><\/li>\n<\/ul>\n<p><span style=\"color: #008000\"><em>Pepe Valera, que en los \u00faltimos tiempos estuvo ligado a la secci\u00f3n t\u00e9cnica del C\u00e1diz, nos dijo que ahora estaba en paro y que se dedica a sus negocios particulares: \u201cEl f\u00fatbol se pone cada vez m\u00e1s dif\u00edcil y los puestos de trabajo no abundan\u2026Pero puedo trabajar pronto, no desespero\u2026\u201d.<\/em><\/span><\/p>\n<ul>\n<li><span style=\"color: #008000\"><em> Las \u00faltimas noticias sobre el triste ep\u00edlogo del partido C\u00e1diz-Betis en el Carranza, es que el presidente del club gaditano tom\u00f3 la decisi\u00f3n de marchar a Madrid para presentar una declaraci\u00f3n jurada del preparador local, donde fija con exactitud que en ning\u00fan momento insult\u00f3 o censur\u00f3 al \u00e1rbitro del encuentro, se\u00f1or Mayoral. Como se conoce, en el acta se recog\u00edan las frases del entrenador gaditano: \u201cLa culpa de todo cuando est\u00e1 pasando en el partido la tiene el \u00e1rbitro\u2026\u00b7. Por otra parte, el presidente mantendr\u00e1 una serie de entrevistas con los jugadores del C\u00e1diz para conocer a fondo las actitudes de \u00e9stos sobre la yerba en los momentos de las expulsiones y la agresi\u00f3n al linier, se\u00f1or Mill\u00e1n Gao. Tambi\u00e9n, el rector de la entidad gaditana, investigar\u00e1 para saber qu\u00e9 empleado del club pudo agredir a varios jugadores del Betis y al tr\u00edo arbitral. Es una pena tener que escribir sobre violencia, cuando el deporte es sana convivencia entre quienes lo practican y quienes lo admiran. \u00a0\u00a0\u00a0\u00a0\u00a0<\/em><\/span><\/li>\n<\/ul>","protected":false},"excerpt":{"rendered":"<p>\u00a0 El 3 de diciembre de 1978 el Betis se desplaz\u00f3 a C\u00e1diz para jugar en el estadio Ram\u00f3n de Carranza contra el equipo amarillo, en partido de la jornada 13 del Campeonato de Liga de Segunda Divisi\u00f3n. Un partido complicado por ser un derbi regional, y en el que el Betis adem\u00e1s atravesaba una&#8230;<\/p>\n","protected":false},"author":5,"featured_media":92763,"comment_status":"open","ping_status":"open","sticky":false,"template":"","format":"standard","meta":{"_kad_post_transparent":"","_kad_post_title":"","_kad_post_layout":"","_kad_post_sidebar_id":"","_kad_post_content_style":"","_kad_post_vertical_padding":"","_kad_post_feature":"","_kad_post_feature_position":"","_kad_post_header":false,"_kad_post_footer":false,"_kad_post_classname":"","_jetpack_memberships_contains_paid_content":false,"footnotes":"","jetpack_publicize_message":"","jetpack_publicize_feature_enabled":true,"jetpack_social_post_already_shared":true,"jetpack_social_options":{"image_generator_settings":{"template":"highway","default_image_id":0,"font":"","enabled":false},"version":2}},"categories":[1,1176],"tags":[59,187,9011,17798],"class_list":["post-92762","post","type-post","status-publish","format-standard","has-post-thumbnail","hentry","category-portada","category-relatos-de-futbol","tag-59","tag-cadiz-cf","tag-fernando-gelan","tag-liga-segunda-1978-79"],"jetpack_publicize_connections":[],"jetpack_featured_media_url":"https:\/\/i0.wp.com\/www.manquepierda.com\/historiarealbetis\/files\/2024\/02\/Impresiones-viajeras.-Cadiz-1978.jpg?fit=540%2C317&ssl=1","jetpack_sharing_enabled":true,"jetpack_shortlink":"https:\/\/wp.me\/p1ij08-o8a","jetpack-related-posts":[],"_links":{"self":[{"href":"https:\/\/www.manquepierda.com\/historiarealbetis\/wp-json\/wp\/v2\/posts\/92762","targetHints":{"allow":["GET"]}}],"collection":[{"href":"https:\/\/www.manquepierda.com\/historiarealbetis\/wp-json\/wp\/v2\/posts"}],"about":[{"href":"https:\/\/www.manquepierda.com\/historiarealbetis\/wp-json\/wp\/v2\/types\/post"}],"author":[{"embeddable":true,"href":"https:\/\/www.manquepierda.com\/historiarealbetis\/wp-json\/wp\/v2\/users\/5"}],"replies":[{"embeddable":true,"href":"https:\/\/www.manquepierda.com\/historiarealbetis\/wp-json\/wp\/v2\/comments?post=92762"}],"version-history":[{"count":1,"href":"https:\/\/www.manquepierda.com\/historiarealbetis\/wp-json\/wp\/v2\/posts\/92762\/revisions"}],"predecessor-version":[{"id":92764,"href":"https:\/\/www.manquepierda.com\/historiarealbetis\/wp-json\/wp\/v2\/posts\/92762\/revisions\/92764"}],"wp:featuredmedia":[{"embeddable":true,"href":"https:\/\/www.manquepierda.com\/historiarealbetis\/wp-json\/wp\/v2\/media\/92763"}],"wp:attachment":[{"href":"https:\/\/www.manquepierda.com\/historiarealbetis\/wp-json\/wp\/v2\/media?parent=92762"}],"wp:term":[{"taxonomy":"category","embeddable":true,"href":"https:\/\/www.manquepierda.com\/historiarealbetis\/wp-json\/wp\/v2\/categories?post=92762"},{"taxonomy":"post_tag","embeddable":true,"href":"https:\/\/www.manquepierda.com\/historiarealbetis\/wp-json\/wp\/v2\/tags?post=92762"}],"curies":[{"name":"wp","href":"https:\/\/api.w.org\/{rel}","templated":true}]}}