{"id":92825,"date":"2024-02-25T13:00:00","date_gmt":"2024-02-25T12:00:00","guid":{"rendered":"https:\/\/www.manquepierda.com\/historiarealbetis\/?p=92825"},"modified":"2024-08-14T16:38:19","modified_gmt":"2024-08-14T14:38:19","slug":"hoy-hace-90-anos-debut-de-jose-caballero","status":"publish","type":"post","link":"https:\/\/www.manquepierda.com\/historiarealbetis\/hoy-hace-90-anos-debut-de-jose-caballero\/","title":{"rendered":"Hoy hace 90 a\u00f1os. Debut de Jos\u00e9 Caballero."},"content":{"rendered":"<div class=\"wp-block-image\">\n<figure class=\"aligncenter size-large\"><img data-recalc-dims=\"1\" loading=\"lazy\" decoding=\"async\" width=\"491\" height=\"700\" src=\"https:\/\/i0.wp.com\/www.manquepierda.com\/historiarealbetis\/files\/2024\/02\/25-1934-Debut-de-Jose-Caballero.jpg?resize=491%2C700&#038;ssl=1\" alt=\"\" class=\"wp-image-92826\" srcset=\"https:\/\/i0.wp.com\/www.manquepierda.com\/historiarealbetis\/files\/2024\/02\/25-1934-Debut-de-Jose-Caballero.jpg?resize=491%2C700&amp;ssl=1 491w, https:\/\/i0.wp.com\/www.manquepierda.com\/historiarealbetis\/files\/2024\/02\/25-1934-Debut-de-Jose-Caballero.jpg?resize=420%2C600&amp;ssl=1 420w, https:\/\/i0.wp.com\/www.manquepierda.com\/historiarealbetis\/files\/2024\/02\/25-1934-Debut-de-Jose-Caballero.jpg?resize=154%2C220&amp;ssl=1 154w, https:\/\/i0.wp.com\/www.manquepierda.com\/historiarealbetis\/files\/2024\/02\/25-1934-Debut-de-Jose-Caballero.jpg?resize=768%2C1096&amp;ssl=1 768w, https:\/\/i0.wp.com\/www.manquepierda.com\/historiarealbetis\/files\/2024\/02\/25-1934-Debut-de-Jose-Caballero.jpg?w=1330&amp;ssl=1 1330w\" sizes=\"auto, (max-width: 491px) 100vw, 491px\" \/><\/figure>\n<\/div>\n\n<p>\u00a0<\/p>\n<p><span style=\"color: #008000\">El 25 de febrero de 1934 debuta en partido oficial con el Betis Balompi\u00e9 Jos\u00e9 Gonz\u00e1lez Caballero, en el encuentro que se disputa en Atocha y que enfrenta al Donostia y al Betis correspondiente a la jornada 17 del Campeonato de Liga de Primera Divisi\u00f3n.<\/span><\/p>\n<p><span style=\"color: #008000\">Cuando Caballero debut\u00f3 con el Betis ten\u00eda 18 a\u00f1os y proced\u00eda del equipo amateur verdiblanco.<\/span><\/p>","protected":false},"excerpt":{"rendered":"<p>\u00a0 El 25 de febrero de 1934 debuta en partido oficial con el Betis Balompi\u00e9 Jos\u00e9 Gonz\u00e1lez Caballero, en el encuentro que se disputa en Atocha y que enfrenta al Donostia y al Betis correspondiente a la jornada 17 del Campeonato de Liga de Primera Divisi\u00f3n. Cuando Caballero debut\u00f3 con el Betis ten\u00eda 18 a\u00f1os&#8230;<\/p>\n","protected":false},"author":5,"featured_media":92826,"comment_status":"open","ping_status":"open","sticky":false,"template":"","format":"standard","meta":{"_kad_post_transparent":"","_kad_post_title":"","_kad_post_layout":"","_kad_post_sidebar_id":"","_kad_post_content_style":"","_kad_post_vertical_padding":"","_kad_post_feature":"","_kad_post_feature_position":"","_kad_post_header":false,"_kad_post_footer":false,"_kad_post_classname":"","_jetpack_memberships_contains_paid_content":false,"footnotes":"","jetpack_publicize_message":"","jetpack_publicize_feature_enabled":true,"jetpack_social_post_already_shared":true,"jetpack_social_options":{"image_generator_settings":{"template":"highway","default_image_id":0,"font":"","enabled":false},"version":2}},"categories":[899,14583,1],"tags":[1536,1182,17828],"class_list":["post-92825","post","type-post","status-publish","format-standard","has-post-thumbnail","hentry","category-1930-1939","category-efemerides","category-portada","tag-1536","tag-jose-caballero","tag-liga-primera-1933-34"],"jetpack_publicize_connections":[],"jetpack_featured_media_url":"https:\/\/i0.wp.com\/www.manquepierda.com\/historiarealbetis\/files\/2024\/02\/25-1934-Debut-de-Jose-Caballero.jpg?fit=1330%2C1898&ssl=1","jetpack_sharing_enabled":true,"jetpack_shortlink":"https:\/\/wp.me\/p1ij08-o9b","jetpack-related-posts":[],"_links":{"self":[{"href":"https:\/\/www.manquepierda.com\/historiarealbetis\/wp-json\/wp\/v2\/posts\/92825","targetHints":{"allow":["GET"]}}],"collection":[{"href":"https:\/\/www.manquepierda.com\/historiarealbetis\/wp-json\/wp\/v2\/posts"}],"about":[{"href":"https:\/\/www.manquepierda.com\/historiarealbetis\/wp-json\/wp\/v2\/types\/post"}],"author":[{"embeddable":true,"href":"https:\/\/www.manquepierda.com\/historiarealbetis\/wp-json\/wp\/v2\/users\/5"}],"replies":[{"embeddable":true,"href":"https:\/\/www.manquepierda.com\/historiarealbetis\/wp-json\/wp\/v2\/comments?post=92825"}],"version-history":[{"count":1,"href":"https:\/\/www.manquepierda.com\/historiarealbetis\/wp-json\/wp\/v2\/posts\/92825\/revisions"}],"predecessor-version":[{"id":92827,"href":"https:\/\/www.manquepierda.com\/historiarealbetis\/wp-json\/wp\/v2\/posts\/92825\/revisions\/92827"}],"wp:featuredmedia":[{"embeddable":true,"href":"https:\/\/www.manquepierda.com\/historiarealbetis\/wp-json\/wp\/v2\/media\/92826"}],"wp:attachment":[{"href":"https:\/\/www.manquepierda.com\/historiarealbetis\/wp-json\/wp\/v2\/media?parent=92825"}],"wp:term":[{"taxonomy":"category","embeddable":true,"href":"https:\/\/www.manquepierda.com\/historiarealbetis\/wp-json\/wp\/v2\/categories?post=92825"},{"taxonomy":"post_tag","embeddable":true,"href":"https:\/\/www.manquepierda.com\/historiarealbetis\/wp-json\/wp\/v2\/tags?post=92825"}],"curies":[{"name":"wp","href":"https:\/\/api.w.org\/{rel}","templated":true}]}}