{"id":92832,"date":"2024-02-27T13:00:00","date_gmt":"2024-02-27T12:00:00","guid":{"rendered":"https:\/\/www.manquepierda.com\/historiarealbetis\/?p=92832"},"modified":"2024-08-12T11:35:15","modified_gmt":"2024-08-12T09:35:15","slug":"hoy-hace-25-anos-betis-3-real-madrid-2-2","status":"publish","type":"post","link":"https:\/\/www.manquepierda.com\/historiarealbetis\/hoy-hace-25-anos-betis-3-real-madrid-2-2\/","title":{"rendered":"Hoy hace 25 a\u00f1os. Betis 3 Real Madrid 2."},"content":{"rendered":"<div class=\"wp-block-image\">\n<figure class=\"aligncenter size-full\"><img data-recalc-dims=\"1\" loading=\"lazy\" decoding=\"async\" width=\"402\" height=\"330\" src=\"https:\/\/i0.wp.com\/www.manquepierda.com\/historiarealbetis\/files\/2024\/02\/27-1999-Betis-3-Real-Madrid-2.jpg?resize=402%2C330&#038;ssl=1\" alt=\"\" class=\"wp-image-92833\" srcset=\"https:\/\/i0.wp.com\/www.manquepierda.com\/historiarealbetis\/files\/2024\/02\/27-1999-Betis-3-Real-Madrid-2.jpg?w=402&amp;ssl=1 402w, https:\/\/i0.wp.com\/www.manquepierda.com\/historiarealbetis\/files\/2024\/02\/27-1999-Betis-3-Real-Madrid-2.jpg?resize=220%2C181&amp;ssl=1 220w\" sizes=\"auto, (max-width: 402px) 100vw, 402px\" \/><\/figure>\n<\/div>\n\n<p>\u00a0<\/p>\n<p><span style=\"color: #008000\">El 27 de febrero de 1999 en el Villamar\u00edn el Betis derrota 3-2 al Real Madrid en partido de la jornada 24 del Campeonato de Liga de Primera Divisi\u00f3n.<\/span><\/p>\n<p><span style=\"color: #008000\">En el minuto 12 Fernando remat\u00f3 un centro de Benjam\u00edn adelantando al Betis; en el 25 empat\u00f3 Ra\u00fal tras un c\u00f3rner sacado por Seedorf.<\/span><\/p>\n<p><span style=\"color: #008000\">En el 67 una buena jugada entre Denilson y Fernando fue rematada por Ca\u00f1as haciendo el 2-1; en el 74 empat\u00f3 Morientes tras un pase de Ra\u00fal y en el 93 Ito marc\u00f3 desde fuera del \u00e1rea.<\/span><\/p>\n<p><span style=\"color: #008000\">El Betis, dirigido por Javier Clemente, aline\u00f3 a Prats; Otero, Filipescu, Merino, Luis Fern\u00e1ndez; Ca\u00f1as, Alexis (61, Ito); Finidi, Fernando (70, G\u00e1lvez), Benjam\u00edn; Denilson (79, Oli).<\/span><\/p>\n<p><span style=\"color: #008000\">El Real Madrid, entrenado por John Toshack, jug\u00f3 con Illgner; Iv\u00e1n Campo (70, Savio), Hierro, Karanka (8, Sanch\u00eds), Panucci; Seedorf, Jaime, Roberto Carlos; Mijatovic, Ra\u00fal (87, Karembeu) y Morientes. \u00a0\u00a0<\/span><\/p>","protected":false},"excerpt":{"rendered":"<p>\u00a0 El 27 de febrero de 1999 en el Villamar\u00edn el Betis derrota 3-2 al Real Madrid en partido de la jornada 24 del Campeonato de Liga de Primera Divisi\u00f3n. En el minuto 12 Fernando remat\u00f3 un centro de Benjam\u00edn adelantando al Betis; en el 25 empat\u00f3 Ra\u00fal tras un c\u00f3rner sacado por Seedorf. En&#8230;<\/p>\n","protected":false},"author":5,"featured_media":92833,"comment_status":"open","ping_status":"open","sticky":false,"template":"","format":"standard","meta":{"_kad_post_transparent":"","_kad_post_title":"","_kad_post_layout":"","_kad_post_sidebar_id":"","_kad_post_content_style":"","_kad_post_vertical_padding":"","_kad_post_feature":"","_kad_post_feature_position":"","_kad_post_header":false,"_kad_post_footer":false,"_kad_post_classname":"","_jetpack_memberships_contains_paid_content":false,"footnotes":"","jetpack_publicize_message":"","jetpack_publicize_feature_enabled":true,"jetpack_social_post_already_shared":true,"jetpack_social_options":{"image_generator_settings":{"template":"highway","default_image_id":0,"font":"","enabled":false},"version":2}},"categories":[905,14583,1],"tags":[4449,17812,13362],"class_list":["post-92832","post","type-post","status-publish","format-standard","has-post-thumbnail","hentry","category-1990-1999","category-efemerides","category-portada","tag-4449","tag-liga-primera-1998-99","tag-real-madrid-cf"],"jetpack_publicize_connections":[],"jetpack_featured_media_url":"https:\/\/i0.wp.com\/www.manquepierda.com\/historiarealbetis\/files\/2024\/02\/27-1999-Betis-3-Real-Madrid-2.jpg?fit=402%2C330&ssl=1","jetpack_sharing_enabled":true,"jetpack_shortlink":"https:\/\/wp.me\/p1ij08-o9i","jetpack-related-posts":[],"_links":{"self":[{"href":"https:\/\/www.manquepierda.com\/historiarealbetis\/wp-json\/wp\/v2\/posts\/92832","targetHints":{"allow":["GET"]}}],"collection":[{"href":"https:\/\/www.manquepierda.com\/historiarealbetis\/wp-json\/wp\/v2\/posts"}],"about":[{"href":"https:\/\/www.manquepierda.com\/historiarealbetis\/wp-json\/wp\/v2\/types\/post"}],"author":[{"embeddable":true,"href":"https:\/\/www.manquepierda.com\/historiarealbetis\/wp-json\/wp\/v2\/users\/5"}],"replies":[{"embeddable":true,"href":"https:\/\/www.manquepierda.com\/historiarealbetis\/wp-json\/wp\/v2\/comments?post=92832"}],"version-history":[{"count":1,"href":"https:\/\/www.manquepierda.com\/historiarealbetis\/wp-json\/wp\/v2\/posts\/92832\/revisions"}],"predecessor-version":[{"id":92834,"href":"https:\/\/www.manquepierda.com\/historiarealbetis\/wp-json\/wp\/v2\/posts\/92832\/revisions\/92834"}],"wp:featuredmedia":[{"embeddable":true,"href":"https:\/\/www.manquepierda.com\/historiarealbetis\/wp-json\/wp\/v2\/media\/92833"}],"wp:attachment":[{"href":"https:\/\/www.manquepierda.com\/historiarealbetis\/wp-json\/wp\/v2\/media?parent=92832"}],"wp:term":[{"taxonomy":"category","embeddable":true,"href":"https:\/\/www.manquepierda.com\/historiarealbetis\/wp-json\/wp\/v2\/categories?post=92832"},{"taxonomy":"post_tag","embeddable":true,"href":"https:\/\/www.manquepierda.com\/historiarealbetis\/wp-json\/wp\/v2\/tags?post=92832"}],"curies":[{"name":"wp","href":"https:\/\/api.w.org\/{rel}","templated":true}]}}