{"id":92854,"date":"2024-02-14T11:00:00","date_gmt":"2024-02-14T10:00:00","guid":{"rendered":"https:\/\/www.manquepierda.com\/historiarealbetis\/?p=92854"},"modified":"2024-02-13T19:20:46","modified_gmt":"2024-02-13T18:20:46","slug":"alvaro-cejudo","status":"publish","type":"post","link":"https:\/\/www.manquepierda.com\/historiarealbetis\/alvaro-cejudo\/","title":{"rendered":"\u00c1lvaro Cejudo"},"content":{"rendered":"<div class=\"wp-block-image\">\n<figure class=\"aligncenter size-full is-resized\"><img data-recalc-dims=\"1\" loading=\"lazy\" decoding=\"async\" width=\"219\" height=\"219\" src=\"https:\/\/i0.wp.com\/www.manquepierda.com\/historiarealbetis\/files\/2024\/02\/Cejudo-3.jpg?resize=219%2C219&#038;ssl=1\" alt=\"\" class=\"wp-image-92855\" style=\"width:453px;height:auto\" srcset=\"https:\/\/i0.wp.com\/www.manquepierda.com\/historiarealbetis\/files\/2024\/02\/Cejudo-3.jpg?w=219&amp;ssl=1 219w, https:\/\/i0.wp.com\/www.manquepierda.com\/historiarealbetis\/files\/2024\/02\/Cejudo-3.jpg?resize=150%2C150&amp;ssl=1 150w\" sizes=\"auto, (max-width: 219px) 100vw, 219px\" \/><\/figure>\n<\/div>\n\n<p><strong>\u00c1lvaro Cejudo Carmona<\/strong>, nacido en Puente Genil (C\u00f3rdoba) el 29 de enero de 1984.\u00a0<\/p>\n<p>Centrocampista.<\/p>\n<p>Tras iniciarse en el f\u00fatbol en su localidad natal en el San Ferm\u00edn, lleg\u00f3 a las categor\u00edas inferiores de la cantera b\u00e9tica.<\/p>\n<p>Su debut con el Betis B se produjo el 19 de mayo de 2002, cuando a\u00fan pertenec\u00eda al equipo juvenil, en partido de la \u00faltima jornada de la Liga de Segunda B en Zafra contra el D\u00edter.<\/p>\n<p>En la 2003-04 ya pertenec\u00eda a la plantilla del filial, aunque en la segunda parte de la temporada fue cedido al Coria.\u00a0<\/p>\n<p>Tras 3 temporadas m\u00e1s en el filial, en el que jug\u00f3 un total de 80 partidos marcando 11 goles, se desvincul\u00f3 del club, fichando por el Ceuta, donde destac\u00f3 en las 2 temporadas que all\u00ed estuvo, hasta el punto de ser fichado por la UD las Palmas.\u00a0<\/p>\n<p>Sus 2 buenas campa\u00f1as en el equipo canario le llevan a fichar por el Osasuna en 2010, club en el que milit\u00f3 durante 4 temporadas.<\/p>\n<p>En agosto de 2014, 8 temporadas despu\u00e9s de abandonar la disciplina b\u00e9tica, Cejudo se reintegraba al Betis, donde fue uno de los fichajes para el intento de recuperar la categor\u00eda perdida en Primera Divisi\u00f3n.\u00a0 El 15 de agosto debutaba en Huelva contra el Recreativo en el partido del 125 aniversario del club decano, marcando 1 de los 2 goles con los que el Betis se impuso en el partido.<\/p>\n<p>El 24 de agosto debut\u00f3 en partido oficial en la primera jornada de Liga en la Nova Creu Alta contra el CE Sabadell, siendo autor del primer tanto de la victoria b\u00e9tica por 2-3.<\/p>\n<p>En sus 3 temporadas en el Betis Cejudo fue un habitual de las alineaciones b\u00e9ticas, sobre todo en las 2 primeras campa\u00f1as. Tras dejar el Betis jug\u00f3 una temporada en la liga de Australia, retir\u00e1ndose 3 a\u00f1os despu\u00e9s de jugar en el Racing de Santander.<\/p>\n<p>Historial<\/p>\n<table width=\"279\">\n<tbody>\n<tr>\n<td width=\"80\">2001-02<\/td>\n<td width=\"119\">Betis B<\/td>\n<td width=\"80\">Segunda B<\/td>\n<\/tr>\n<tr>\n<td>2003-04<\/td>\n<td width=\"119\">Betis B<\/td>\n<td>Segunda B<\/td>\n<\/tr>\n<tr>\n<td>2003-04<\/td>\n<td>Coria<\/td>\n<td>Tercera<\/td>\n<\/tr>\n<tr>\n<td>2004-05<\/td>\n<td>Betis B<\/td>\n<td>Tercera<\/td>\n<\/tr>\n<tr>\n<td>2005-06<\/td>\n<td>Betis B<\/td>\n<td>Tercera<\/td>\n<\/tr>\n<tr>\n<td>2006-07<\/td>\n<td>Betis B<\/td>\n<td>Tercera<\/td>\n<\/tr>\n<tr>\n<td>2007-08<\/td>\n<td width=\"119\">Ceuta<\/td>\n<td>Segunda B<\/td>\n<\/tr>\n<tr>\n<td>2008-09<\/td>\n<td width=\"119\">Ceuta<\/td>\n<td>Segunda B<\/td>\n<\/tr>\n<tr>\n<td>2009-10<\/td>\n<td>Las Palmas<\/td>\n<td>Segunda<\/td>\n<\/tr>\n<tr>\n<td>2010-11<\/td>\n<td>Las Palmas<\/td>\n<td>Segunda<\/td>\n<\/tr>\n<tr>\n<td>2010-11<\/td>\n<td>Osasuna<\/td>\n<td>Primera<\/td>\n<\/tr>\n<tr>\n<td>2011-12<\/td>\n<td>Osasuna<\/td>\n<td>Primera<\/td>\n<\/tr>\n<tr>\n<td>2012-13<\/td>\n<td>Osasuna<\/td>\n<td>Primera<\/td>\n<\/tr>\n<tr>\n<td>2013-14<\/td>\n<td>Osasuna<\/td>\n<td>Primera<\/td>\n<\/tr>\n<tr>\n<td>2014-15<\/td>\n<td>Betis<\/td>\n<td>Segunda<\/td>\n<\/tr>\n<tr>\n<td>2015-16<\/td>\n<td>Betis<\/td>\n<td>Primera<\/td>\n<\/tr>\n<tr>\n<td>2016-17<\/td>\n<td>Betis<\/td>\n<td>Primera<\/td>\n<\/tr>\n<tr>\n<td>2017-18<\/td>\n<td>Western Sydney\u00a0<\/td>\n<td>Primera<\/td>\n<\/tr>\n<tr>\n<td>2018-19<\/td>\n<td width=\"119\">Racing<\/td>\n<td>Segunda B<\/td>\n<\/tr>\n<tr>\n<td>2019-20<\/td>\n<td>Racing<\/td>\n<td>Segunda<\/td>\n<\/tr>\n<tr>\n<td>2020-21<\/td>\n<td width=\"119\">Racing<\/td>\n<td>Segunda B<\/td>\n<\/tr>\n<\/tbody>\n<\/table>\n\n\n<p>En sus 3 temporadas en el Betis \u00c1lvaro Cejudo jug\u00f3 77 partidos de Liga, marcando 3 goles, 4 de Copa, en los que hizo 1 gol, y 24 amistosos, consiguiendo 4 tantos. <\/p>\n","protected":false},"excerpt":{"rendered":"<p>\u00c1lvaro Cejudo Carmona, nacido en Puente Genil (C\u00f3rdoba) el 29 de enero de 1984.\u00a0 Centrocampista. Tras iniciarse en el f\u00fatbol en su localidad natal en el San Ferm\u00edn, lleg\u00f3 a las categor\u00edas inferiores de la cantera b\u00e9tica. Su debut con el Betis B se produjo el 19 de mayo de 2002, cuando a\u00fan pertenec\u00eda al&#8230;<\/p>\n","protected":false},"author":5,"featured_media":92855,"comment_status":"open","ping_status":"open","sticky":false,"template":"","format":"standard","meta":{"_kad_post_transparent":"","_kad_post_title":"","_kad_post_layout":"","_kad_post_sidebar_id":"","_kad_post_content_style":"","_kad_post_vertical_padding":"","_kad_post_feature":"","_kad_post_feature_position":"","_kad_post_header":false,"_kad_post_footer":false,"_kad_post_classname":"","_jetpack_memberships_contains_paid_content":false,"footnotes":"","jetpack_publicize_message":"","jetpack_publicize_feature_enabled":true,"jetpack_social_post_already_shared":true,"jetpack_social_options":{"image_generator_settings":{"template":"highway","default_image_id":0,"font":"","enabled":false},"version":2}},"categories":[893,1],"tags":[11273],"class_list":["post-92854","post","type-post","status-publish","format-standard","has-post-thumbnail","hentry","category-jugadores-temas","category-portada","tag-alvaro-cejudo"],"jetpack_publicize_connections":[],"jetpack_featured_media_url":"https:\/\/i0.wp.com\/www.manquepierda.com\/historiarealbetis\/files\/2024\/02\/Cejudo-3.jpg?fit=219%2C219&ssl=1","jetpack_sharing_enabled":true,"jetpack_shortlink":"https:\/\/wp.me\/p1ij08-o9E","jetpack-related-posts":[],"_links":{"self":[{"href":"https:\/\/www.manquepierda.com\/historiarealbetis\/wp-json\/wp\/v2\/posts\/92854","targetHints":{"allow":["GET"]}}],"collection":[{"href":"https:\/\/www.manquepierda.com\/historiarealbetis\/wp-json\/wp\/v2\/posts"}],"about":[{"href":"https:\/\/www.manquepierda.com\/historiarealbetis\/wp-json\/wp\/v2\/types\/post"}],"author":[{"embeddable":true,"href":"https:\/\/www.manquepierda.com\/historiarealbetis\/wp-json\/wp\/v2\/users\/5"}],"replies":[{"embeddable":true,"href":"https:\/\/www.manquepierda.com\/historiarealbetis\/wp-json\/wp\/v2\/comments?post=92854"}],"version-history":[{"count":2,"href":"https:\/\/www.manquepierda.com\/historiarealbetis\/wp-json\/wp\/v2\/posts\/92854\/revisions"}],"predecessor-version":[{"id":92860,"href":"https:\/\/www.manquepierda.com\/historiarealbetis\/wp-json\/wp\/v2\/posts\/92854\/revisions\/92860"}],"wp:featuredmedia":[{"embeddable":true,"href":"https:\/\/www.manquepierda.com\/historiarealbetis\/wp-json\/wp\/v2\/media\/92855"}],"wp:attachment":[{"href":"https:\/\/www.manquepierda.com\/historiarealbetis\/wp-json\/wp\/v2\/media?parent=92854"}],"wp:term":[{"taxonomy":"category","embeddable":true,"href":"https:\/\/www.manquepierda.com\/historiarealbetis\/wp-json\/wp\/v2\/categories?post=92854"},{"taxonomy":"post_tag","embeddable":true,"href":"https:\/\/www.manquepierda.com\/historiarealbetis\/wp-json\/wp\/v2\/tags?post=92854"}],"curies":[{"name":"wp","href":"https:\/\/api.w.org\/{rel}","templated":true}]}}