{"id":92861,"date":"2024-02-17T11:00:00","date_gmt":"2024-02-17T10:00:00","guid":{"rendered":"https:\/\/www.manquepierda.com\/historiarealbetis\/?p=92861"},"modified":"2024-09-11T21:44:53","modified_gmt":"2024-09-11T19:44:53","slug":"nos-visita-el-deportivo-alaves-5","status":"publish","type":"post","link":"https:\/\/www.manquepierda.com\/historiarealbetis\/nos-visita-el-deportivo-alaves-5\/","title":{"rendered":"Nos visita el Deportivo Alav\u00e9s."},"content":{"rendered":"<div class=\"wp-block-image\">\n<figure class=\"aligncenter size-full is-resized\"><img data-recalc-dims=\"1\" loading=\"lazy\" decoding=\"async\" width=\"422\" height=\"287\" src=\"https:\/\/i0.wp.com\/www.manquepierda.com\/historiarealbetis\/files\/2024\/02\/Bandera-Alaves.jpg?resize=422%2C287&#038;ssl=1\" alt=\"\" class=\"wp-image-92862\" style=\"width:482px;height:auto\" srcset=\"https:\/\/i0.wp.com\/www.manquepierda.com\/historiarealbetis\/files\/2024\/02\/Bandera-Alaves.jpg?w=422&amp;ssl=1 422w, https:\/\/i0.wp.com\/www.manquepierda.com\/historiarealbetis\/files\/2024\/02\/Bandera-Alaves.jpg?resize=220%2C150&amp;ssl=1 220w\" sizes=\"auto, (max-width: 422px) 100vw, 422px\" \/><\/figure>\n<\/div>\n\n<p>Ma\u00f1ana a las 21 horas recibimos en el Villamar\u00edn al Deportivo Alav\u00e9s, fundado en 1921 y que ha jugado 18 temporadas en Primera Divisi\u00f3n, 38 en Segunda, 12 en Segunda B y 22 en Tercera.<\/p>\n<p>Su primera visita a terreno b\u00e9tico tuvo lugar el 23 de junio de 1929, cuando el equipo b\u00e9tico se impuso en el Patronato 3-2 en partido de Segunda Divisi\u00f3n.<\/p>\n<p>Han sido un total de 19 los partidos oficiales disputados en campo b\u00e9tico, as\u00ed repartidos: 12 encuentros en Primera Divisi\u00f3n (7 victorias locales, 2 empates y 3 victorias visitantes), 1 partido de promoci\u00f3n a Primera Divisi\u00f3n, con victoria local, 5 encuentros en Segunda Divisi\u00f3n (4 victorias b\u00e9ticas y una alavesista) y 1 partido de Copa, con victoria verdiblanca.<\/p>\n<p>En estos 19 partidos en terreno b\u00e9tico el jugador local que m\u00e1s veces ha intervenido es Joaqu\u00edn S\u00e1nchez (8), seguido de Adolfito y Prats (4). El futbolista b\u00e9tico que m\u00e1s goles han marcado al Alav\u00e9s en terreno verdiblanco es Borja Iglesias con 4. Y son Juan Armet \u201cKink\u00e9\u201d, Quique Seti\u00e9n y Manuel Pellegrini los entrenadores que m\u00e1s veces han dirigido en Sevilla al Betis contra el Alav\u00e9s, en 2 ocasiones.<\/p>\n<p>Entre los jugadores que han jugado en el Betis y el Alav\u00e9s podemos citar a Francisco Alava, Fernando Aramburu, Luis Mar\u00eda Arana, Jos\u00e9 Luis Barandica, Bernardo Aguirregomezcorta, Darko Brasanac, V\u00edctor Camarasa, Enrique Malo, Zouahir Feddal, Jes\u00fas Mar\u00eda Fern\u00e1ndez, Ronald Gaspercic, Miguel Goicoechea, I\u00f1aki Goitia, Gregorio Heredia, Julio Iglesias, Mario Inchausti, Takashi Inui, Isidoro Rodr\u00edguez, Ismael Guti\u00e9rrez, Ismael L\u00f3pez, Jos\u00e9 Tom\u00e1s \u201cJosete\u201d, Juan Manuel G\u00f3mez \u201cJuanma\u201d, Sim\u00f3n Lecue, Rafa Navarro, Celso Ortigosa, Alex Ortiz, Daniel Pacheco, Mart\u00edn Palermo, Alfonso Pedraza, Manuel Pe\u00f1a, Rober Gonz\u00e1lez, Salva Sevilla, Diego Segura, V\u00edctor Torres Mestre, Jes\u00fas Ubis y Victorio Unamuno.<\/p>\n<p>Entre los entrenadores Rafael Iriondo, Pepe Mel y Julio Vel\u00e1zquez.<\/p>","protected":false},"excerpt":{"rendered":"<p>Ma\u00f1ana a las 21 horas recibimos en el Villamar\u00edn al Deportivo Alav\u00e9s, fundado en 1921 y que ha jugado 18 temporadas en Primera Divisi\u00f3n, 38 en Segunda, 12 en Segunda B y 22 en Tercera. Su primera visita a terreno b\u00e9tico tuvo lugar el 23 de junio de 1929, cuando el equipo b\u00e9tico se impuso&#8230;<\/p>\n","protected":false},"author":5,"featured_media":92862,"comment_status":"open","ping_status":"open","sticky":false,"template":"","format":"standard","meta":{"_kad_post_transparent":"","_kad_post_title":"","_kad_post_layout":"","_kad_post_sidebar_id":"","_kad_post_content_style":"","_kad_post_vertical_padding":"","_kad_post_feature":"","_kad_post_feature_position":"","_kad_post_header":false,"_kad_post_footer":false,"_kad_post_classname":"","_jetpack_memberships_contains_paid_content":false,"footnotes":"","jetpack_publicize_message":"","jetpack_publicize_feature_enabled":true,"jetpack_social_post_already_shared":true,"jetpack_social_options":{"image_generator_settings":{"template":"highway","default_image_id":0,"font":"","enabled":false},"version":2}},"categories":[895,1],"tags":[1311,18320,9831,15520,12421,16617,984,302,2585,5061,2508,7261,3929,3279,17744,1132,5062,3926,4063,1054,2426,3862,16329,11602,1425,1042,4018,11603,655,17656,1215,18324,1398,1012,1043,16858,16414,3753,983,16415],"class_list":["post-92861","post","type-post","status-publish","format-standard","has-post-thumbnail","hentry","category-los-rivales","category-portada","tag-alex-ortiz","tag-alfonso-pedraza","tag-bernardo-aguirregomezcorta","tag-celso-ortigosa","tag-daniel-pacheco","tag-darko-brasanac","tag-deportivo-alaves","tag-diego-segura","tag-enrique-malo","tag-fernando-aramburu","tag-francisco-alava","tag-gregorio-heredia","tag-inaki-goitia","tag-isidoro-rodriguez","tag-ismael-gutierrez","tag-ismael-lopez","tag-jesus-maria-fernandez","tag-jesus-ubis","tag-jose-luis-barandica","tag-jose-tomas-josete","tag-juan-manuel-gomez-juanma","tag-julio-iglesias","tag-julio-velazquez","tag-luis-maria-arana","tag-manuel-pena","tag-mario-inchausti","tag-martin-palermo","tag-miguel-goicoechea","tag-pepe-mel","tag-rafa-navarro","tag-rafael-iriondo","tag-rober-gonzalez","tag-ronald-gaspercic","tag-salva-sevilla","tag-simon-lecue","tag-takashi-inui","tag-victor-camarasa","tag-victor-torres-mestre","tag-victorio-unamuno","tag-zouahir-feddal"],"jetpack_publicize_connections":[],"jetpack_featured_media_url":"https:\/\/i0.wp.com\/www.manquepierda.com\/historiarealbetis\/files\/2024\/02\/Bandera-Alaves.jpg?fit=422%2C287&ssl=1","jetpack_sharing_enabled":true,"jetpack_shortlink":"https:\/\/wp.me\/p1ij08-o9L","jetpack-related-posts":[],"_links":{"self":[{"href":"https:\/\/www.manquepierda.com\/historiarealbetis\/wp-json\/wp\/v2\/posts\/92861","targetHints":{"allow":["GET"]}}],"collection":[{"href":"https:\/\/www.manquepierda.com\/historiarealbetis\/wp-json\/wp\/v2\/posts"}],"about":[{"href":"https:\/\/www.manquepierda.com\/historiarealbetis\/wp-json\/wp\/v2\/types\/post"}],"author":[{"embeddable":true,"href":"https:\/\/www.manquepierda.com\/historiarealbetis\/wp-json\/wp\/v2\/users\/5"}],"replies":[{"embeddable":true,"href":"https:\/\/www.manquepierda.com\/historiarealbetis\/wp-json\/wp\/v2\/comments?post=92861"}],"version-history":[{"count":3,"href":"https:\/\/www.manquepierda.com\/historiarealbetis\/wp-json\/wp\/v2\/posts\/92861\/revisions"}],"predecessor-version":[{"id":98805,"href":"https:\/\/www.manquepierda.com\/historiarealbetis\/wp-json\/wp\/v2\/posts\/92861\/revisions\/98805"}],"wp:featuredmedia":[{"embeddable":true,"href":"https:\/\/www.manquepierda.com\/historiarealbetis\/wp-json\/wp\/v2\/media\/92862"}],"wp:attachment":[{"href":"https:\/\/www.manquepierda.com\/historiarealbetis\/wp-json\/wp\/v2\/media?parent=92861"}],"wp:term":[{"taxonomy":"category","embeddable":true,"href":"https:\/\/www.manquepierda.com\/historiarealbetis\/wp-json\/wp\/v2\/categories?post=92861"},{"taxonomy":"post_tag","embeddable":true,"href":"https:\/\/www.manquepierda.com\/historiarealbetis\/wp-json\/wp\/v2\/tags?post=92861"}],"curies":[{"name":"wp","href":"https:\/\/api.w.org\/{rel}","templated":true}]}}