{"id":93001,"date":"2024-03-04T13:00:00","date_gmt":"2024-03-04T12:00:00","guid":{"rendered":"https:\/\/www.manquepierda.com\/historiarealbetis\/?p=93001"},"modified":"2024-02-28T08:52:20","modified_gmt":"2024-02-28T07:52:20","slug":"hoy-hace-110-anos-nace-honorato-lopez-cabezo","status":"publish","type":"post","link":"https:\/\/www.manquepierda.com\/historiarealbetis\/hoy-hace-110-anos-nace-honorato-lopez-cabezo\/","title":{"rendered":"Hoy hace 110 a\u00f1os. Nace Honorato L\u00f3pez \u00abCabezo\u00bb."},"content":{"rendered":"<div class=\"wp-block-image\">\n<figure class=\"aligncenter size-full\"><img data-recalc-dims=\"1\" loading=\"lazy\" decoding=\"async\" width=\"298\" height=\"474\" src=\"https:\/\/i0.wp.com\/www.manquepierda.com\/historiarealbetis\/files\/2024\/02\/4-1914-Nace-Honorato-Lopez-Cabezo.jpg?resize=298%2C474&#038;ssl=1\" alt=\"\" class=\"wp-image-93002\" srcset=\"https:\/\/i0.wp.com\/www.manquepierda.com\/historiarealbetis\/files\/2024\/02\/4-1914-Nace-Honorato-Lopez-Cabezo.jpg?w=298&amp;ssl=1 298w, https:\/\/i0.wp.com\/www.manquepierda.com\/historiarealbetis\/files\/2024\/02\/4-1914-Nace-Honorato-Lopez-Cabezo.jpg?resize=138%2C220&amp;ssl=1 138w\" sizes=\"auto, (max-width: 298px) 100vw, 298px\" \/><\/figure>\n<\/div>\n\n<p>\u00a0<\/p>\n<p><span style=\"color: #008000\">El 4 de marzo de 1914 nace en Cesantes (Pontevedra) Honorato L\u00f3pez Valent\u00edn \u201cCabezo\u201d, quien fuera jugador del Real Betis Balompi\u00e9 en la temporada 1942-43.<\/span><\/p>\n<p><span style=\"color: #008000\">Guardameta que lleg\u00f3 iniciada la temporada desde el Deportivo de La Coru\u00f1a, y que disput\u00f3 16 encuentros oficiales.<\/span><\/p>","protected":false},"excerpt":{"rendered":"<p>\u00a0 El 4 de marzo de 1914 nace en Cesantes (Pontevedra) Honorato L\u00f3pez Valent\u00edn \u201cCabezo\u201d, quien fuera jugador del Real Betis Balompi\u00e9 en la temporada 1942-43. Guardameta que lleg\u00f3 iniciada la temporada desde el Deportivo de La Coru\u00f1a, y que disput\u00f3 16 encuentros oficiales.<\/p>\n","protected":false},"author":5,"featured_media":93002,"comment_status":"open","ping_status":"open","sticky":false,"template":"","format":"standard","meta":{"_kad_post_transparent":"","_kad_post_title":"","_kad_post_layout":"","_kad_post_sidebar_id":"","_kad_post_content_style":"","_kad_post_vertical_padding":"","_kad_post_feature":"","_kad_post_feature_position":"","_kad_post_header":false,"_kad_post_footer":false,"_kad_post_classname":"","_jetpack_memberships_contains_paid_content":false,"footnotes":"","jetpack_publicize_message":"","jetpack_publicize_feature_enabled":true,"jetpack_social_post_already_shared":true,"jetpack_social_options":{"image_generator_settings":{"template":"highway","default_image_id":0,"font":"","enabled":false},"version":2}},"categories":[896,14583,1],"tags":[1035],"class_list":["post-93001","post","type-post","status-publish","format-standard","has-post-thumbnail","hentry","category-1908-1919","category-efemerides","category-portada","tag-honorato-lopez-cabezo"],"jetpack_publicize_connections":[],"jetpack_featured_media_url":"https:\/\/i0.wp.com\/www.manquepierda.com\/historiarealbetis\/files\/2024\/02\/4-1914-Nace-Honorato-Lopez-Cabezo.jpg?fit=298%2C474&ssl=1","jetpack_sharing_enabled":true,"jetpack_shortlink":"https:\/\/wp.me\/p1ij08-oc1","jetpack-related-posts":[],"_links":{"self":[{"href":"https:\/\/www.manquepierda.com\/historiarealbetis\/wp-json\/wp\/v2\/posts\/93001","targetHints":{"allow":["GET"]}}],"collection":[{"href":"https:\/\/www.manquepierda.com\/historiarealbetis\/wp-json\/wp\/v2\/posts"}],"about":[{"href":"https:\/\/www.manquepierda.com\/historiarealbetis\/wp-json\/wp\/v2\/types\/post"}],"author":[{"embeddable":true,"href":"https:\/\/www.manquepierda.com\/historiarealbetis\/wp-json\/wp\/v2\/users\/5"}],"replies":[{"embeddable":true,"href":"https:\/\/www.manquepierda.com\/historiarealbetis\/wp-json\/wp\/v2\/comments?post=93001"}],"version-history":[{"count":1,"href":"https:\/\/www.manquepierda.com\/historiarealbetis\/wp-json\/wp\/v2\/posts\/93001\/revisions"}],"predecessor-version":[{"id":93003,"href":"https:\/\/www.manquepierda.com\/historiarealbetis\/wp-json\/wp\/v2\/posts\/93001\/revisions\/93003"}],"wp:featuredmedia":[{"embeddable":true,"href":"https:\/\/www.manquepierda.com\/historiarealbetis\/wp-json\/wp\/v2\/media\/93002"}],"wp:attachment":[{"href":"https:\/\/www.manquepierda.com\/historiarealbetis\/wp-json\/wp\/v2\/media?parent=93001"}],"wp:term":[{"taxonomy":"category","embeddable":true,"href":"https:\/\/www.manquepierda.com\/historiarealbetis\/wp-json\/wp\/v2\/categories?post=93001"},{"taxonomy":"post_tag","embeddable":true,"href":"https:\/\/www.manquepierda.com\/historiarealbetis\/wp-json\/wp\/v2\/tags?post=93001"}],"curies":[{"name":"wp","href":"https:\/\/api.w.org\/{rel}","templated":true}]}}