{"id":93007,"date":"2024-03-06T13:00:00","date_gmt":"2024-03-06T12:00:00","guid":{"rendered":"https:\/\/www.manquepierda.com\/historiarealbetis\/?p=93007"},"modified":"2025-08-20T12:32:33","modified_gmt":"2025-08-20T10:32:33","slug":"hoy-hace-30-anos-betis-2-bilbao-athletic-1","status":"publish","type":"post","link":"https:\/\/www.manquepierda.com\/historiarealbetis\/hoy-hace-30-anos-betis-2-bilbao-athletic-1\/","title":{"rendered":"Hoy hace 30 a\u00f1os. Betis 2 Bilbao Athletic 1."},"content":{"rendered":"<div class=\"wp-block-image\">\n<figure class=\"aligncenter size-large\"><img data-recalc-dims=\"1\" loading=\"lazy\" decoding=\"async\" width=\"960\" height=\"647\" src=\"https:\/\/i0.wp.com\/www.manquepierda.com\/historiarealbetis\/files\/2024\/02\/6-1994-Betis-2-Bilbao-Athletic-1.jpg?resize=960%2C647&#038;ssl=1\" alt=\"\" class=\"wp-image-93008\" srcset=\"https:\/\/i0.wp.com\/www.manquepierda.com\/historiarealbetis\/files\/2024\/02\/6-1994-Betis-2-Bilbao-Athletic-1-scaled.jpg?resize=960%2C647&amp;ssl=1 960w, https:\/\/i0.wp.com\/www.manquepierda.com\/historiarealbetis\/files\/2024\/02\/6-1994-Betis-2-Bilbao-Athletic-1-scaled.jpg?resize=680%2C458&amp;ssl=1 680w, https:\/\/i0.wp.com\/www.manquepierda.com\/historiarealbetis\/files\/2024\/02\/6-1994-Betis-2-Bilbao-Athletic-1-scaled.jpg?resize=220%2C148&amp;ssl=1 220w, https:\/\/i0.wp.com\/www.manquepierda.com\/historiarealbetis\/files\/2024\/02\/6-1994-Betis-2-Bilbao-Athletic-1-scaled.jpg?resize=768%2C517&amp;ssl=1 768w\" sizes=\"auto, (max-width: 960px) 100vw, 960px\" \/><\/figure>\n<\/div>\n\n<p><span style=\"color: #008000\">El 6 de marzo de 1994 en el Villamar\u00edn el Betis vence 2-1 al Bilbao Athletic en partido de la jornada 27 del Campeonato de Liga de Segunda Divisi\u00f3n.<\/span><\/p>\n<p><span style=\"color: #008000\">Aquino en el minuto 29 marc\u00f3 el primer tanto transformando un penalti que sobre el mismo hab\u00eda cometido la defensa rojiblanca. En el 83 Lecumberri hizo de cabeza el empate, y en el 85 Aquino tambi\u00e9n de cabeza deshizo la igualada.<\/span><\/p>\n<p><span style=\"color: #008000\">El Betis, dirigido por Lorenzo Serra, aline\u00f3 a Diezma; M\u00e1rquez, Ure\u00f1a, Ol\u00edas, Txirri; Merino, Ca\u00f1as, Tab Ramos (70, Kasumov), Merino II (46, Soler); Ekstr\u00f6m y Aquino.<\/span><\/p>\n<p><span style=\"color: #008000\">El Bilbao Athletic, entrenado por Koldo Aguirre, jug\u00f3 con Aizcorreta; Tonino, Gartzen, Corino, Vales; Sarasua, Edu Alonso, Lecumberri, Huegun (60, Bolo); Suances (37, Ruiz Ochoa) y Cortina.<\/span> \u00a0<\/p>\n<p><span style=\"color: #008000\">En este encuentro debut\u00f3 con el Betis en competici\u00f3n oficial el t\u00e9cnico Lorenzo Serra.\u00a0<\/span><\/p>","protected":false},"excerpt":{"rendered":"<p>El 6 de marzo de 1994 en el Villamar\u00edn el Betis vence 2-1 al Bilbao Athletic en partido de la jornada 27 del Campeonato de Liga de Segunda Divisi\u00f3n. Aquino en el minuto 29 marc\u00f3 el primer tanto transformando un penalti que sobre el mismo hab\u00eda cometido la defensa rojiblanca. En el 83 Lecumberri hizo&#8230;<\/p>\n","protected":false},"author":5,"featured_media":93008,"comment_status":"open","ping_status":"open","sticky":false,"template":"","format":"standard","meta":{"_kad_post_transparent":"","_kad_post_title":"","_kad_post_layout":"","_kad_post_sidebar_id":"","_kad_post_content_style":"","_kad_post_vertical_padding":"","_kad_post_feature":"","_kad_post_feature_position":"","_kad_post_header":false,"_kad_post_footer":false,"_kad_post_classname":"","_jetpack_memberships_contains_paid_content":false,"footnotes":"","jetpack_publicize_message":"","jetpack_publicize_feature_enabled":true,"jetpack_social_post_already_shared":true,"jetpack_social_options":{"image_generator_settings":{"template":"highway","default_image_id":0,"font":"","enabled":false},"version":2}},"categories":[905,14583,1],"tags":[1540,11346,17827,1457],"class_list":["post-93007","post","type-post","status-publish","format-standard","has-post-thumbnail","hentry","category-1990-1999","category-efemerides","category-portada","tag-1540","tag-bilbao-athletic","tag-liga-segunda-1993-94","tag-lorenzo-serra"],"jetpack_publicize_connections":[],"jetpack_featured_media_url":"https:\/\/i0.wp.com\/www.manquepierda.com\/historiarealbetis\/files\/2024\/02\/6-1994-Betis-2-Bilbao-Athletic-1-scaled.jpg?fit=2560%2C1724&ssl=1","jetpack_sharing_enabled":true,"jetpack_shortlink":"https:\/\/wp.me\/p1ij08-oc7","jetpack-related-posts":[],"_links":{"self":[{"href":"https:\/\/www.manquepierda.com\/historiarealbetis\/wp-json\/wp\/v2\/posts\/93007","targetHints":{"allow":["GET"]}}],"collection":[{"href":"https:\/\/www.manquepierda.com\/historiarealbetis\/wp-json\/wp\/v2\/posts"}],"about":[{"href":"https:\/\/www.manquepierda.com\/historiarealbetis\/wp-json\/wp\/v2\/types\/post"}],"author":[{"embeddable":true,"href":"https:\/\/www.manquepierda.com\/historiarealbetis\/wp-json\/wp\/v2\/users\/5"}],"replies":[{"embeddable":true,"href":"https:\/\/www.manquepierda.com\/historiarealbetis\/wp-json\/wp\/v2\/comments?post=93007"}],"version-history":[{"count":2,"href":"https:\/\/www.manquepierda.com\/historiarealbetis\/wp-json\/wp\/v2\/posts\/93007\/revisions"}],"predecessor-version":[{"id":104494,"href":"https:\/\/www.manquepierda.com\/historiarealbetis\/wp-json\/wp\/v2\/posts\/93007\/revisions\/104494"}],"wp:featuredmedia":[{"embeddable":true,"href":"https:\/\/www.manquepierda.com\/historiarealbetis\/wp-json\/wp\/v2\/media\/93008"}],"wp:attachment":[{"href":"https:\/\/www.manquepierda.com\/historiarealbetis\/wp-json\/wp\/v2\/media?parent=93007"}],"wp:term":[{"taxonomy":"category","embeddable":true,"href":"https:\/\/www.manquepierda.com\/historiarealbetis\/wp-json\/wp\/v2\/categories?post=93007"},{"taxonomy":"post_tag","embeddable":true,"href":"https:\/\/www.manquepierda.com\/historiarealbetis\/wp-json\/wp\/v2\/tags?post=93007"}],"curies":[{"name":"wp","href":"https:\/\/api.w.org\/{rel}","templated":true}]}}