{"id":93095,"date":"2024-03-10T11:00:00","date_gmt":"2024-03-10T10:00:00","guid":{"rendered":"https:\/\/www.manquepierda.com\/historiarealbetis\/?p=93095"},"modified":"2024-03-07T07:49:17","modified_gmt":"2024-03-07T06:49:17","slug":"el-torero-de-la-pampa-de-juan-teba","status":"publish","type":"post","link":"https:\/\/www.manquepierda.com\/historiarealbetis\/el-torero-de-la-pampa-de-juan-teba\/","title":{"rendered":"El torero de la Pampa, de Juan Teba"},"content":{"rendered":"<div class=\"wp-block-image\">\n<figure class=\"aligncenter size-full\"><img data-recalc-dims=\"1\" loading=\"lazy\" decoding=\"async\" width=\"351\" height=\"451\" src=\"https:\/\/i0.wp.com\/www.manquepierda.com\/historiarealbetis\/files\/2024\/03\/Gabriel-Calderon-torero.jpg?resize=351%2C451&#038;ssl=1\" alt=\"\" class=\"wp-image-93096\" srcset=\"https:\/\/i0.wp.com\/www.manquepierda.com\/historiarealbetis\/files\/2024\/03\/Gabriel-Calderon-torero.jpg?w=351&amp;ssl=1 351w, https:\/\/i0.wp.com\/www.manquepierda.com\/historiarealbetis\/files\/2024\/03\/Gabriel-Calderon-torero.jpg?resize=171%2C220&amp;ssl=1 171w\" sizes=\"auto, (max-width: 351px) 100vw, 351px\" \/><\/figure>\n<\/div>\n\n<p>\u00a0<\/p>\n<p>Cuando Gabriel Humberto Calder\u00f3n cog\u00eda la pelota en las inmediaciones del \u00e1rea para lanzar una falta contra porter\u00eda visitante el Villamar\u00edn enmudec\u00eda.\u00a0<\/p>\n<p>Como ya vimos <a href=\"https:\/\/www.manquepierda.com\/historiarealbetis\/los-47-goles-de-gabriel-humberto-calderon\/\"><strong>aqu\u00ed,<\/strong><\/a> hasta en 12 ocasiones esas faltas al borde del \u00e1rea se convirtieron en goles. De esos 12 tantos, 8 se lograron en el Villamar\u00edn, ante Sevilla, Osasuna, Valencia, Atl\u00e9tico de Madrid, Barcelona, Espanyol, Las Palmas y Racing. Cuando eso se produc\u00eda los gritos de \u00a1 Torero, torero, torero\u00a1 saludaban al futbolista argentino.<\/p>\n<p>As\u00ed lo describ\u00eda el periodista Juan Teba en el a\u00f1o 1987 en las p\u00e1ginas de Diario 16. En el horizonte ya se atisbaba la dif\u00edcil continuidad de Calder\u00f3n en un Betis en una grave crisis econ\u00f3mica&#8230;<\/p>\n<p><span style=\"color: #008000\"><em>Luis Del Sol era \u201cEl Cepillito\u201d; Luis Aragon\u00e9s, \u201cEl Mono\u201d; a Quino se le conoc\u00eda como El Poeta y el imprevisible Rogelio era El Caoba; Esnaola, \u201cGorriti\u201d, y para todos Carde\u00f1osa era El Flaco, como Rafael Gordillo era El Gordi. <\/em><\/span><\/p>\n<p><span style=\"color: #008000\"><em>Toda una galer\u00eda de jugadores m\u00edticos que vinieron a engrosar la propia historia de resplandores y truenos de la sociedad b\u00e9tica, y que se completa a la hora presente con el argentino Gabriel Humberto Calder\u00f3n, \u201cel torero\u201d para la hinchada verdiblanca.<\/em><\/span><\/p>\n<p><span style=\"color: #008000\"><em>Un \u201ctorero\u201d que confiesa no haber asistido nunca a una corrida de toros. El apelativo se lo gan\u00f3 un mes nada taurino como es enero. Jugaba en el Villamar\u00edn el Espa\u00f1ol de Javi Clemente cuando, mediada la segunda parte y con un gol a favor del Betis en el marcador, el \u00e1rbitro se\u00f1al\u00f3 un golpe directo cerca del \u00e1rea espa\u00f1olista. Calder\u00f3n cogi\u00f3 el bal\u00f3n con las manos, lo sob\u00f3, lo coloc\u00f3 con mimo sobre la yerba y se distanci\u00f3 un par de metros del esf\u00e9rico. Solt\u00f3 una media carrera en perpendicular al cuero y lo golpe\u00f3 con su pierna derecha. El negrazo N\u00b4Kono vol\u00f3 hacia su \u00e1ngulo izquierdo como una pantera en celo, sin poder detener la par\u00e1bola envenenada del bal\u00f3n que le enviaba Gaby. El silencio que preludi\u00f3 la ejecuci\u00f3n de la falta se rompi\u00f3 con un clamor que repet\u00eda \u201c\u00a1Torero, torero, torero\u00a1\u201d.<\/em><\/span><\/p>\n<p><span style=\"color: #008000\"><em>El propio Calder\u00f3n me lo contaba a su manera: \u201cCuando el \u00e1rbitro pita una falta cera del \u00e1rea, siento un cosquilleo en el est\u00f3mago que va subiendo hasta la garganta. S\u00e9 que es mi momento. Despu\u00e9s, cuando golpeo el bal\u00f3n y lo veo dentro, ya no hay palabras para explicarlo. Ning\u00fan p\u00fablico, ni siquiera el argentino, ha interpretado nunca mi juego como lo hace el b\u00e9tico\u201d.<\/em><\/span><\/p>\n<p><span style=\"color: #008000\"><em>En el verano de 1983 abandon\u00f3 Argentina para \u201cganar plata\u201d y recal\u00f3 en Sevilla. Nunca sospech\u00f3 que la ciudad le pudiera entusiasmar con tanta intensidad. Desde entonces vive entre la a\u00f1oranza por un gran equipo con el que ganar t\u00edtulos y d\u00f3lares en abundancia y la desaz\u00f3n por abandonar Sevilla. A veces le falla el \u00e1nimo, cuando se pierde inexplicablemente un partido, cuando un compa\u00f1ero murmura de \u00e9l, y pasa las noches en blanco dando vueltas en la cama. Todo termina cuando acierta con la porter\u00eda contraria. Gaby se transforma, se hacen m\u00e1s claros sus ojos y subraya su acento porte\u00f1o. Lo que m\u00e1s lamenta es haber llegado al final de la carrera deportiva de Carde\u00f1osa: \u201cJugar con \u00e9l era una pura delicia. Como jugar con El Gordi\u201d.<\/em><\/span><\/p>\n<p><span style=\"color: #008000\"><em>Cuando a Calder\u00f3n se le comentan las aventuras y desventuras del Betis de Lobo Diarte, Carde\u00f1osa, L\u00f3pez, Biosca y Mor\u00e1n, musita entre dientes: \u201cCon aquella gente hubiera hecho diabluras\u201d.<\/em><\/span><\/p>\n<p><span style=\"color: #008000\"><em>Es el \u00fanico logro s\u00f3lido de la gesti\u00f3n de Gerardo Mart\u00ednez Retamero, un presidente m\u00e1s centrado en sanear la sociedad b\u00e9tica que en buscar jugadores que llenaran los grader\u00edos del Villamar\u00edn. Hoy, entre los golpes francos convertidos y el decreto 1.006, Calder\u00f3n es de propiedad incierta. A ning\u00fan seguidor b\u00e9tico se le escapa que sin Calder\u00f3n el equipo estar\u00eda previsiblemente dentro del \u201cplay off\u201d de permanencia. Pero es dif\u00edcil que Calder\u00f3n juegue en otro club espa\u00f1ol. Al menos, de momento. Le atrae la aventura italiana, competir en el Calcio de su amigo Maradona, de Ram\u00f3n D\u00edaz y de Pasarella. Lo peor fue no acudir a los Mundiales de M\u00e9xico. La no llamada de Bilardo, el seleccionador argentino, le provoc\u00f3 una crisis que super\u00f3 al sol de una playa onubense. A partir de ahora, cualquier cosa puede ocurrir en torno al futuro de este gaucho del f\u00fatbol que vino a dar con su concepci\u00f3n art\u00edstica del f\u00fatbol a una ciudad que prefiere la finta, el requiebro y el gambetazo a un gol de rebote. \u00a0\u00a0\u00a0<\/em><\/span><\/p>","protected":false},"excerpt":{"rendered":"<p>\u00a0 Cuando Gabriel Humberto Calder\u00f3n cog\u00eda la pelota en las inmediaciones del \u00e1rea para lanzar una falta contra porter\u00eda visitante el Villamar\u00edn enmudec\u00eda.\u00a0 Como ya vimos aqu\u00ed, hasta en 12 ocasiones esas faltas al borde del \u00e1rea se convirtieron en goles. De esos 12 tantos, 8 se lograron en el Villamar\u00edn, ante Sevilla, Osasuna, Valencia,&#8230;<\/p>\n","protected":false},"author":5,"featured_media":93096,"comment_status":"open","ping_status":"open","sticky":false,"template":"","format":"standard","meta":{"_kad_post_transparent":"","_kad_post_title":"","_kad_post_layout":"","_kad_post_sidebar_id":"","_kad_post_content_style":"","_kad_post_vertical_padding":"","_kad_post_feature":"","_kad_post_feature_position":"","_kad_post_header":false,"_kad_post_footer":false,"_kad_post_classname":"","_jetpack_memberships_contains_paid_content":false,"footnotes":"","jetpack_publicize_message":"","jetpack_publicize_feature_enabled":true,"jetpack_social_post_already_shared":true,"jetpack_social_options":{"image_generator_settings":{"template":"highway","default_image_id":0,"font":"","enabled":false},"version":2}},"categories":[1,1176],"tags":[16733,17674],"class_list":["post-93095","post","type-post","status-publish","format-standard","has-post-thumbnail","hentry","category-portada","category-relatos-de-futbol","tag-gabriel-humberto-calderon","tag-juan-teba"],"jetpack_publicize_connections":[],"jetpack_featured_media_url":"https:\/\/i0.wp.com\/www.manquepierda.com\/historiarealbetis\/files\/2024\/03\/Gabriel-Calderon-torero.jpg?fit=351%2C451&ssl=1","jetpack_sharing_enabled":true,"jetpack_shortlink":"https:\/\/wp.me\/p1ij08-odx","jetpack-related-posts":[],"_links":{"self":[{"href":"https:\/\/www.manquepierda.com\/historiarealbetis\/wp-json\/wp\/v2\/posts\/93095","targetHints":{"allow":["GET"]}}],"collection":[{"href":"https:\/\/www.manquepierda.com\/historiarealbetis\/wp-json\/wp\/v2\/posts"}],"about":[{"href":"https:\/\/www.manquepierda.com\/historiarealbetis\/wp-json\/wp\/v2\/types\/post"}],"author":[{"embeddable":true,"href":"https:\/\/www.manquepierda.com\/historiarealbetis\/wp-json\/wp\/v2\/users\/5"}],"replies":[{"embeddable":true,"href":"https:\/\/www.manquepierda.com\/historiarealbetis\/wp-json\/wp\/v2\/comments?post=93095"}],"version-history":[{"count":2,"href":"https:\/\/www.manquepierda.com\/historiarealbetis\/wp-json\/wp\/v2\/posts\/93095\/revisions"}],"predecessor-version":[{"id":93099,"href":"https:\/\/www.manquepierda.com\/historiarealbetis\/wp-json\/wp\/v2\/posts\/93095\/revisions\/93099"}],"wp:featuredmedia":[{"embeddable":true,"href":"https:\/\/www.manquepierda.com\/historiarealbetis\/wp-json\/wp\/v2\/media\/93096"}],"wp:attachment":[{"href":"https:\/\/www.manquepierda.com\/historiarealbetis\/wp-json\/wp\/v2\/media?parent=93095"}],"wp:term":[{"taxonomy":"category","embeddable":true,"href":"https:\/\/www.manquepierda.com\/historiarealbetis\/wp-json\/wp\/v2\/categories?post=93095"},{"taxonomy":"post_tag","embeddable":true,"href":"https:\/\/www.manquepierda.com\/historiarealbetis\/wp-json\/wp\/v2\/tags?post=93095"}],"curies":[{"name":"wp","href":"https:\/\/api.w.org\/{rel}","templated":true}]}}