{"id":93168,"date":"2024-03-29T13:00:00","date_gmt":"2024-03-29T12:00:00","guid":{"rendered":"https:\/\/www.manquepierda.com\/historiarealbetis\/?p=93168"},"modified":"2024-03-10T11:09:26","modified_gmt":"2024-03-10T10:09:26","slug":"hoy-hace-10-anos-manuel-dominguez-platas-nuevo-presidente","status":"publish","type":"post","link":"https:\/\/www.manquepierda.com\/historiarealbetis\/hoy-hace-10-anos-manuel-dominguez-platas-nuevo-presidente\/","title":{"rendered":"Hoy hace 10 a\u00f1os. Manuel Dom\u00ednguez Platas nuevo presidente."},"content":{"rendered":"<div class=\"wp-block-image\">\n<figure class=\"aligncenter size-full\"><img data-recalc-dims=\"1\" loading=\"lazy\" decoding=\"async\" width=\"928\" height=\"473\" src=\"https:\/\/i0.wp.com\/www.manquepierda.com\/historiarealbetis\/files\/2024\/03\/29-2014-Manuel-Dominguez-nuevo-presidente.jpg?resize=928%2C473&#038;ssl=1\" alt=\"\" class=\"wp-image-93169\" srcset=\"https:\/\/i0.wp.com\/www.manquepierda.com\/historiarealbetis\/files\/2024\/03\/29-2014-Manuel-Dominguez-nuevo-presidente.jpg?w=928&amp;ssl=1 928w, https:\/\/i0.wp.com\/www.manquepierda.com\/historiarealbetis\/files\/2024\/03\/29-2014-Manuel-Dominguez-nuevo-presidente.jpg?resize=680%2C347&amp;ssl=1 680w, https:\/\/i0.wp.com\/www.manquepierda.com\/historiarealbetis\/files\/2024\/03\/29-2014-Manuel-Dominguez-nuevo-presidente.jpg?resize=220%2C112&amp;ssl=1 220w, https:\/\/i0.wp.com\/www.manquepierda.com\/historiarealbetis\/files\/2024\/03\/29-2014-Manuel-Dominguez-nuevo-presidente.jpg?resize=768%2C391&amp;ssl=1 768w\" sizes=\"auto, (max-width: 928px) 100vw, 928px\" \/><\/figure>\n<\/div>\n\n<p>\u00a0<\/p>\n<p><span style=\"color: #008000\">El 29 de marzo de 2014 el consejo de administraci\u00f3n del Real Betis Balompi\u00e9 elige como nuevo presidente a Manuel Dom\u00ednguez Platas, en sustituci\u00f3n de Miguel Guill\u00e9n Vallejo, quien hab\u00eda dimitido en la Junta Extraordinaria celebrada el d\u00eda anterior.<\/span><\/p>\n<p><span style=\"color: #008000\">Miguel Dom\u00ednguez acced\u00eda al cargo con 58 a\u00f1os, despu\u00e9s de haber sido secretario del consejo de administraci\u00f3n desde diciembre de 2010, y consejero desde enero de 2014. \u00a0<\/span><\/p>","protected":false},"excerpt":{"rendered":"<p>\u00a0 El 29 de marzo de 2014 el consejo de administraci\u00f3n del Real Betis Balompi\u00e9 elige como nuevo presidente a Manuel Dom\u00ednguez Platas, en sustituci\u00f3n de Miguel Guill\u00e9n Vallejo, quien hab\u00eda dimitido en la Junta Extraordinaria celebrada el d\u00eda anterior. Miguel Dom\u00ednguez acced\u00eda al cargo con 58 a\u00f1os, despu\u00e9s de haber sido secretario del consejo&#8230;<\/p>\n","protected":false},"author":5,"featured_media":93169,"comment_status":"open","ping_status":"open","sticky":false,"template":"","format":"standard","meta":{"_kad_post_transparent":"","_kad_post_title":"","_kad_post_layout":"","_kad_post_sidebar_id":"","_kad_post_content_style":"","_kad_post_vertical_padding":"","_kad_post_feature":"","_kad_post_feature_position":"","_kad_post_header":false,"_kad_post_footer":false,"_kad_post_classname":"","_jetpack_memberships_contains_paid_content":false,"footnotes":"","jetpack_publicize_message":"","jetpack_publicize_feature_enabled":true,"jetpack_social_post_already_shared":true,"jetpack_social_options":{"image_generator_settings":{"template":"highway","default_image_id":0,"font":"","enabled":false},"version":2}},"categories":[15447,14583,1],"tags":[16752,17677],"class_list":["post-93168","post","type-post","status-publish","format-standard","has-post-thumbnail","hentry","category-2010-2019","category-efemerides","category-portada","tag-16752","tag-manuel-dominguez-platas"],"jetpack_publicize_connections":[],"jetpack_featured_media_url":"https:\/\/i0.wp.com\/www.manquepierda.com\/historiarealbetis\/files\/2024\/03\/29-2014-Manuel-Dominguez-nuevo-presidente.jpg?fit=928%2C473&ssl=1","jetpack_sharing_enabled":true,"jetpack_shortlink":"https:\/\/wp.me\/p1ij08-oeI","jetpack-related-posts":[],"_links":{"self":[{"href":"https:\/\/www.manquepierda.com\/historiarealbetis\/wp-json\/wp\/v2\/posts\/93168","targetHints":{"allow":["GET"]}}],"collection":[{"href":"https:\/\/www.manquepierda.com\/historiarealbetis\/wp-json\/wp\/v2\/posts"}],"about":[{"href":"https:\/\/www.manquepierda.com\/historiarealbetis\/wp-json\/wp\/v2\/types\/post"}],"author":[{"embeddable":true,"href":"https:\/\/www.manquepierda.com\/historiarealbetis\/wp-json\/wp\/v2\/users\/5"}],"replies":[{"embeddable":true,"href":"https:\/\/www.manquepierda.com\/historiarealbetis\/wp-json\/wp\/v2\/comments?post=93168"}],"version-history":[{"count":1,"href":"https:\/\/www.manquepierda.com\/historiarealbetis\/wp-json\/wp\/v2\/posts\/93168\/revisions"}],"predecessor-version":[{"id":93170,"href":"https:\/\/www.manquepierda.com\/historiarealbetis\/wp-json\/wp\/v2\/posts\/93168\/revisions\/93170"}],"wp:featuredmedia":[{"embeddable":true,"href":"https:\/\/www.manquepierda.com\/historiarealbetis\/wp-json\/wp\/v2\/media\/93169"}],"wp:attachment":[{"href":"https:\/\/www.manquepierda.com\/historiarealbetis\/wp-json\/wp\/v2\/media?parent=93168"}],"wp:term":[{"taxonomy":"category","embeddable":true,"href":"https:\/\/www.manquepierda.com\/historiarealbetis\/wp-json\/wp\/v2\/categories?post=93168"},{"taxonomy":"post_tag","embeddable":true,"href":"https:\/\/www.manquepierda.com\/historiarealbetis\/wp-json\/wp\/v2\/tags?post=93168"}],"curies":[{"name":"wp","href":"https:\/\/api.w.org\/{rel}","templated":true}]}}