{"id":93260,"date":"2024-03-23T11:00:00","date_gmt":"2024-03-23T10:00:00","guid":{"rendered":"https:\/\/www.manquepierda.com\/historiarealbetis\/?p=93260"},"modified":"2024-09-07T11:15:40","modified_gmt":"2024-09-07T09:15:40","slug":"presentacion-del-betis-deportivo-1980","status":"publish","type":"post","link":"https:\/\/www.manquepierda.com\/historiarealbetis\/presentacion-del-betis-deportivo-1980\/","title":{"rendered":"Presentaci\u00f3n del Betis Deportivo 1980."},"content":{"rendered":"<div class=\"wp-block-image\">\n<figure class=\"aligncenter size-large\"><img data-recalc-dims=\"1\" loading=\"lazy\" decoding=\"async\" width=\"960\" height=\"692\" src=\"https:\/\/i0.wp.com\/www.manquepierda.com\/historiarealbetis\/files\/2024\/03\/1980-07-28-Presentacion-del-Betis-Deportivo.jpg?resize=960%2C692&#038;ssl=1\" alt=\"\" class=\"wp-image-93261\" srcset=\"https:\/\/i0.wp.com\/www.manquepierda.com\/historiarealbetis\/files\/2024\/03\/1980-07-28-Presentacion-del-Betis-Deportivo.jpg?resize=960%2C692&amp;ssl=1 960w, https:\/\/i0.wp.com\/www.manquepierda.com\/historiarealbetis\/files\/2024\/03\/1980-07-28-Presentacion-del-Betis-Deportivo.jpg?resize=680%2C490&amp;ssl=1 680w, https:\/\/i0.wp.com\/www.manquepierda.com\/historiarealbetis\/files\/2024\/03\/1980-07-28-Presentacion-del-Betis-Deportivo.jpg?resize=220%2C159&amp;ssl=1 220w, https:\/\/i0.wp.com\/www.manquepierda.com\/historiarealbetis\/files\/2024\/03\/1980-07-28-Presentacion-del-Betis-Deportivo.jpg?resize=768%2C554&amp;ssl=1 768w, https:\/\/i0.wp.com\/www.manquepierda.com\/historiarealbetis\/files\/2024\/03\/1980-07-28-Presentacion-del-Betis-Deportivo.jpg?w=1600&amp;ssl=1 1600w\" sizes=\"auto, (max-width: 960px) 100vw, 960px\" \/><\/figure>\n<\/div>\n\n<p>\u00a0<\/p>\n<p>28 de julio de 1980. Presentaci\u00f3n de la plantilla del Betis Deportivo Balompi\u00e9 en las instalaciones del colegio Claret.<\/p>\n<p>A las 19,30 horas tuvo lugar el acto inaugural de la pretemporada del filial b\u00e9tico, con la presencia de Jos\u00e9 Le\u00f3n como vicepresidente de la sociedad, Pedro Buenaventura como secretario t\u00e9cnico y la direcci\u00f3n del entrenador Francisco Ortiz \u00abFrasco\u00bb, que se hac\u00eda cargo en esta temporada del equipo filial, tras haber entrenado las dos campa\u00f1as anteriores al segundo equipo juvenil. Sustitu\u00eda en la direcci\u00f3n del filial a Esteban Areta, que lo hab\u00eda dirigido las 7 campa\u00f1as anteriores.\u00a0<\/p>\n<p>El Betis Deportivo militaba en esta temporada en el grupo\u00a0 d\u00e9cimo de Tercera Divisi\u00f3n.\u00a0\u00a0<\/p>\n<p>Diecisiete fueron los jugadores que asistieron a la presentaci\u00f3n: Salva, Torrano, Aguilera, Riscar, Navarro, Mena, Castro, Quico, Parra, Petit, Casado, Rosa, Ariza, Sardina, Jurado, Pe\u00f1a y Pedrito.\u00a0 Falt\u00f3 Gonz\u00e1lez, quien se encontraba con la primera plantilla en la concentraci\u00f3n en Vilob\u00ed.\u00a0<\/p>","protected":false},"excerpt":{"rendered":"<p>\u00a0 28 de julio de 1980. Presentaci\u00f3n de la plantilla del Betis Deportivo Balompi\u00e9 en las instalaciones del colegio Claret. A las 19,30 horas tuvo lugar el acto inaugural de la pretemporada del filial b\u00e9tico, con la presencia de Jos\u00e9 Le\u00f3n como vicepresidente de la sociedad, Pedro Buenaventura como secretario t\u00e9cnico y la direcci\u00f3n del&#8230;<\/p>\n","protected":false},"author":5,"featured_media":93261,"comment_status":"open","ping_status":"open","sticky":false,"template":"","format":"standard","meta":{"_kad_post_transparent":"","_kad_post_title":"","_kad_post_layout":"","_kad_post_sidebar_id":"","_kad_post_content_style":"","_kad_post_vertical_padding":"","_kad_post_feature":"","_kad_post_feature_position":"","_kad_post_header":false,"_kad_post_footer":false,"_kad_post_classname":"","_jetpack_memberships_contains_paid_content":false,"footnotes":"","jetpack_publicize_message":"","jetpack_publicize_feature_enabled":true,"jetpack_social_post_already_shared":true,"jetpack_social_options":{"image_generator_settings":{"template":"highway","default_image_id":0,"font":"","enabled":false},"version":2}},"categories":[904,17191,1],"tags":[1093,18288,18289,16494,1409,3355,1010,1588,14036,13976,16493,11242,1425,16495,2115,16496,14302,1485],"class_list":["post-93260","post","type-post","status-publish","format-standard","has-post-thumbnail","hentry","category-1980-1989","category-cantera","category-portada","tag-1093","tag-alberto-castro","tag-alfonso-aguilera","tag-antonio-ariza","tag-antonio-casado","tag-betis-deportivo-balompie","tag-francisco-ortiz-frasco","tag-joaquin-parra","tag-joaquin-petit","tag-jose-eugenio-ruiz-quico","tag-jose-luis-mena","tag-manuel-garcia-sardina","tag-manuel-pena","tag-pedro-garzon-pedrito","tag-pedro-torrano","tag-rafael-navarro","tag-rafael-rosa","tag-salvador-navarro-salva"],"jetpack_publicize_connections":[],"jetpack_featured_media_url":"https:\/\/i0.wp.com\/www.manquepierda.com\/historiarealbetis\/files\/2024\/03\/1980-07-28-Presentacion-del-Betis-Deportivo.jpg?fit=1600%2C1154&ssl=1","jetpack_sharing_enabled":true,"jetpack_shortlink":"https:\/\/wp.me\/p1ij08-ogc","jetpack-related-posts":[],"_links":{"self":[{"href":"https:\/\/www.manquepierda.com\/historiarealbetis\/wp-json\/wp\/v2\/posts\/93260","targetHints":{"allow":["GET"]}}],"collection":[{"href":"https:\/\/www.manquepierda.com\/historiarealbetis\/wp-json\/wp\/v2\/posts"}],"about":[{"href":"https:\/\/www.manquepierda.com\/historiarealbetis\/wp-json\/wp\/v2\/types\/post"}],"author":[{"embeddable":true,"href":"https:\/\/www.manquepierda.com\/historiarealbetis\/wp-json\/wp\/v2\/users\/5"}],"replies":[{"embeddable":true,"href":"https:\/\/www.manquepierda.com\/historiarealbetis\/wp-json\/wp\/v2\/comments?post=93260"}],"version-history":[{"count":4,"href":"https:\/\/www.manquepierda.com\/historiarealbetis\/wp-json\/wp\/v2\/posts\/93260\/revisions"}],"predecessor-version":[{"id":98699,"href":"https:\/\/www.manquepierda.com\/historiarealbetis\/wp-json\/wp\/v2\/posts\/93260\/revisions\/98699"}],"wp:featuredmedia":[{"embeddable":true,"href":"https:\/\/www.manquepierda.com\/historiarealbetis\/wp-json\/wp\/v2\/media\/93261"}],"wp:attachment":[{"href":"https:\/\/www.manquepierda.com\/historiarealbetis\/wp-json\/wp\/v2\/media?parent=93260"}],"wp:term":[{"taxonomy":"category","embeddable":true,"href":"https:\/\/www.manquepierda.com\/historiarealbetis\/wp-json\/wp\/v2\/categories?post=93260"},{"taxonomy":"post_tag","embeddable":true,"href":"https:\/\/www.manquepierda.com\/historiarealbetis\/wp-json\/wp\/v2\/tags?post=93260"}],"curies":[{"name":"wp","href":"https:\/\/api.w.org\/{rel}","templated":true}]}}