{"id":93267,"date":"2024-03-25T11:00:00","date_gmt":"2024-03-25T10:00:00","guid":{"rendered":"https:\/\/www.manquepierda.com\/historiarealbetis\/?p=93267"},"modified":"2024-03-16T15:46:04","modified_gmt":"2024-03-16T14:46:04","slug":"entrevista-angel-lavin-gelo-1953","status":"publish","type":"post","link":"https:\/\/www.manquepierda.com\/historiarealbetis\/entrevista-angel-lavin-gelo-1953\/","title":{"rendered":"Entrevista \u00c1ngel Lav\u00edn \u00abGelo\u00bb 1953"},"content":{"rendered":"\n<p><\/p>\n\n\n<div class=\"wp-block-image\">\n<figure class=\"aligncenter size-full is-resized\"><img data-recalc-dims=\"1\" loading=\"lazy\" decoding=\"async\" width=\"191\" height=\"297\" src=\"https:\/\/i0.wp.com\/www.manquepierda.com\/historiarealbetis\/files\/2024\/03\/Gelo.jpg?resize=191%2C297&#038;ssl=1\" alt=\"\" class=\"wp-image-93268\" style=\"width:395px;height:auto\" srcset=\"https:\/\/i0.wp.com\/www.manquepierda.com\/historiarealbetis\/files\/2024\/03\/Gelo.jpg?w=191&amp;ssl=1 191w, https:\/\/i0.wp.com\/www.manquepierda.com\/historiarealbetis\/files\/2024\/03\/Gelo.jpg?resize=141%2C220&amp;ssl=1 141w\" sizes=\"auto, (max-width: 191px) 100vw, 191px\" \/><\/figure>\n<\/div>\n\n<p>\u00a0<\/p>\n<p>\u00c1ngel Lav\u00edn \u00abGelo\u00bb fue jugador del Real Betis Balompi\u00e9 entre los a\u00f1os 1946 y 1952, jugando 106 encuentros oficiales, y marcando 34 goles. Un extremo c\u00e1ntabro que lleg\u00f3 al Betis con 20 a\u00f1os y que fue un futbolista importante en los primeros a\u00f1os en la Tercera Divisi\u00f3n.<\/p>\n<p>En 1952 march\u00f3 al Extremadura de Almendralejo, y en noviembre de 1953 en el diario vespertino Sevilla se public\u00f3 esta entrevista en la que Gelo repasaba su paso por el Betis, adem\u00e1s de confirmar su aprecio por el cuadro verdiblanco. Como curiosidad que su hijo naciera en el mismo estadio de Heli\u00f3polis, como ya vimos <a href=\"https:\/\/www.manquepierda.com\/historiarealbetis\/gelo-es-padre-en-heliopolis-1952\/\"><strong>aqu\u00ed<\/strong><\/a>, pues en esos a\u00f1os era com\u00fan que los futbolistas b\u00e9ticos residieran en los bajos del estadio b\u00e9tico.\u00a0<\/p>\n<p>Tras jugar hasta 1958 Gelo se instal\u00f3 en Sevilla, donde falleci\u00f3 en 2012.<\/p>\n<p><span style=\"color: #008000\"><em>Gelo se llama \u00c1ngel Lav\u00edn Orizaola, y nos dice que es de Santander, donde naci\u00f3 en el a\u00f1o 1926.<\/em><\/span><\/p>\n<ul>\n<li><span style=\"color: #008000\"><em>Empec\u00e9 a jugar como casi todos, en el colegio. Mi primer equipo serio fue el Atl\u00e9tico Rayo, filial del Rayo Cantabria, adonde pas\u00e9 m\u00e1s tarde. La temporada 1967-47 fich\u00e9 por el Betis, entonces en Segunda Divisi\u00f3n. Me probaron contra el Atl\u00e9tico de Madrid. Yo jugaba de delantero centro, y como en ese puesto jugaba Botella y por otra parte era muy joven, por lo que me cedieron al Calavera, de Tercera Divisi\u00f3n. Tuve mala suerte, pues en el partido de presentaci\u00f3n me lesion\u00e9 en una rodilla y permanec\u00ed un a\u00f1o en la grada. A la temporada siguiente, ya restablecido, me pusieron de extremo derecho, y en ese puesto vengo actuando desde entonces. Tengo que a\u00f1adir que me cas\u00e9 en Sevilla, con una sevillana. Tengo un chico que tambi\u00e9n es sevillano y adem\u00e1s b\u00e9tico, pues naci\u00f3 en Heli\u00f3polis<\/em><\/span><\/li>\n<li><span style=\"color: #008000\"><em>\u00bfC\u00f3mo diste el salto de Santander a Sevilla?<\/em><\/span><\/li>\n<li><em><span style=\"color: #008000\">Fuimos a jugar a Bilbao, contra la Cultural de Durango, y all\u00ed, seg\u00fan se ve, hab\u00eda alg\u00fan directivo del Betis buscando un delantero centro. El partido me fue muy bien; empatamos 2-2 y yo marqu\u00e9 los dos goles. Al poco tiempo recib\u00ed una carta del club sevillano interes\u00e1ndose por m\u00ed. Me probaron, como ya te dije, y llegamos a un acuerdo. Fich\u00e9 y defend\u00ed sus colores durante seis temporadas seguidas<\/span><\/em><\/li>\n<li><span style=\"color: #008000\"><em>\u00bfQui\u00e9n te trajo al Extremadura?<\/em><\/span><\/li>\n<li><span style=\"color: #008000\"><em>Quedaba libre en el Betis y Andr\u00e9s Aranda, enterado, me habl\u00f3 y me vine muy contento a Almendralejo<\/em><\/span><\/li>\n<li><span style=\"color: #008000\"><em>\u00bfQu\u00e9 es lo m\u00e1s f\u00e1cil para en extremo?<\/em><\/span><\/li>\n<li><span style=\"color: #008000\"><em>Hombre, pues lo m\u00e1s f\u00e1cil, pasar la pelota al compa\u00f1ero desmarcado<\/em><\/span><\/li>\n<li><span style=\"color: #008000\"><em>\u00bfY lo m\u00e1s dif\u00edcil?<\/em><\/span><\/li>\n<li><span style=\"color: #008000\"><em>Internarse hacia puerta y marcar gol<\/em><\/span><\/li>\n<li><span style=\"color: #008000\"><em>\u00bfA ti que te gusta?<\/em><\/span><\/li>\n<li><span style=\"color: #008000\"><em>Internarme y dar el pase atr\u00e1s<\/em><\/span><\/li>\n<li><span style=\"color: #008000\"><em>\u00bfC\u00f3mo llegas a esos balones que todos dan por perdidos?<\/em><\/span><\/li>\n<li><span style=\"color: #008000\"><em>Por la constancia que tengo en seguir la jugada y el alma que pongo en ella<\/em><\/span><\/li>\n<li><span style=\"color: #008000\"><em>La afici\u00f3n opina que t\u00fa rindas menos si no juega Regatero a tu lado de interior. \u00bfEs verdad eso?<\/em><\/span><\/li>\n<li><span style=\"color: #008000\"><em> Aunque es natural que habiendo jugado juntos durante bastante tiempo, nos entendamos muy bien<\/em><\/span><\/li>\n<li><span style=\"color: #008000\"><em>\u00bfCu\u00e1les son tus defectos?<\/em><\/span><\/li>\n<li><span style=\"color: #008000\"><em>Tengo muchos, pero los suplo a base de entusiasmo y coraje<\/em><\/span><\/li>\n<li><span style=\"color: #008000\"><em>\u00bfC<span style=\"color: #008000\">u\u00e1les son tus virtudes?<\/span><\/em><\/span><\/li>\n<li><span style=\"color: #008000\"><em>Seguir siempre la jugada y ayudar al compa\u00f1ero que lleva la pelota<\/em><\/span><\/li>\n<li><span style=\"color: #008000\"><em>\u00bfCu\u00e1l es el extremo ideal?<\/em><\/span><\/li>\n<li><span style=\"color: #008000\"><em>El que re\u00fana las siguientes condiciones: rapidez, sentido de la jugada, desmarque y tiro a gol<\/em><\/span><\/li>\n<li><span style=\"color: #008000\"><em>Algunos se preguntan por qu\u00e9 en muchas ocasiones inicias la arrancada por el centro, en lugar de hacerlo por tu sitio. \u00bfQuieres explicarnos?<\/em><\/span><\/li>\n<li><span style=\"color: #008000\"><em>Lo hago para desmarcarme. Quiz\u00e1 tambi\u00e9n por algo de tendencia a mi antiguo puesto<\/em><\/span><\/li>\n<li><span style=\"color: #008000\"><em>\u00bfQu\u00e9 puesto te gusta m\u00e1s?<\/em><\/span><\/li>\n<li><span style=\"color: #008000\"><em>El de extremo<\/em><\/span><\/li>\n<li><span style=\"color: #008000\"><em>\u00bfQui\u00e9n te marc\u00f3 mejor jugando de extremo?<\/em><\/span><\/li>\n<li><span style=\"color: #008000\"><em>Campanal II, cuando jugaba en el Iliturgi<\/em><\/span><\/li>\n<li><span style=\"color: #008000\"><em>\u00bfY de delantero?<\/em><\/span><\/li>\n<li><span style=\"color: #008000\"><em>Errazquin, central del Mallorca<\/em><\/span><\/li>\n<li><span style=\"color: #008000\"><em>\u00bfTu mejor campa\u00f1a?<\/em><\/span><\/li>\n<li><span style=\"color: #008000\"><em>Cuando me clasifiqu\u00e9 con el Betis para jugar la liguilla de ascenso a Segunda Divisi\u00f3n<\/em><\/span><\/li>\n<li><span style=\"color: #008000\"><em>\u00bfTu mejor entrenador?<\/em><\/span><\/li>\n<li><span style=\"color: #008000\"><em>He tenido varios muy buenos. Aranda, G\u00f3mez, actual entrenador del Betis, y m\u00edster O\u00b4Connell.<\/em><\/span><\/li>\n<li><span style=\"color: #008000\"><em>\u00bfTu mejor compa\u00f1ero?<\/em><\/span><\/li>\n<li><span style=\"color: #008000\"><em>Patricio, hoy en el Atl\u00e9tico Tetu\u00e1n, y Regatero<\/em><\/span><\/li>\n<li><span style=\"color: #008000\"><em>\u00bfQu\u00e9 tal te fue el f\u00fatbol econ\u00f3micamente?<\/em><\/span><\/li>\n<li><span style=\"color: #008000\"><em>Regular nada m\u00e1s<\/em><\/span><\/li>\n<li><span style=\"color: #008000\"><em>\u00bfY en los dem\u00e1s aspectos?<\/em><\/span><\/li>\n<li><span style=\"color: #008000\"><em> He gozado siempre de muchas simpat\u00edas, tanto en Sevilla como aqu\u00ed<\/em><\/span><\/li>\n<li><span style=\"color: #008000\"><em>\u00bfQui\u00e9n quedar\u00e1 campe\u00f3n de grupo?<\/em><\/span><\/li>\n<li><span style=\"color: #008000\"><em>El Plus Ultra o el Extremadura<\/em><\/span><\/li>\n<li><span style=\"color: #008000\"><em>Entonces, seg\u00fan t\u00fa, el Extremadura quedar\u00e1 clasificado en uno de los dos primeros puestos<\/em><\/span><\/li>\n<li><span style=\"color: #008000\"><em>Ciertamente<\/em><\/span><\/li>\n<li><span style=\"color: #008000\"><em>\u00bfCu\u00e1les son vuestros enemigos m\u00e1s peligrosos?<\/em><\/span><\/li>\n<li><span style=\"color: #008000\"><em>Plus Ultra y Cacere\u00f1o<\/em><\/span><\/li>\n<li><span style=\"color: #008000\"><em>\u00bfQu\u00e9 selecci\u00f3n har\u00edas del grupo cuarto?<\/em><\/span><\/li>\n<li><span style=\"color: #008000\"><em>\u00c1vila; P\u00e1rraga, Roberto, Pulido; Vecino, Esteban; Gelo, Mateos, Dom\u00ednguez, Encinas <\/em><\/span><\/li>\n<li><span style=\"color: #008000\"><em>\u00bfAlgo m\u00e1s Gelo?<\/em><\/span><\/li>\n<li><span style=\"color: #008000\"><em>Aunque me encuentro en Extremadura, sigo siendo b\u00e9tico, ya que defend\u00ed sus colores durante seis a\u00f1os. Me alegrar\u00eda que subiera a Segunda Divisi\u00f3n. Para la afici\u00f3n de Almendralejo un saludo. Me encuentro muy a gusto, pues me alienta mucho, pidi\u00e9ndole que me perdone cuando juego mal, pues yo pongo siempre todo lo que s\u00e9 y puedo<\/em><\/span><\/li>\n<li><span style=\"color: #008000\"><em>Muy bien \u00a0\u00a0\u00a0<\/em><\/span><\/li>\n<\/ul>\n<p>\u00a0\u00a0<\/p>","protected":false},"excerpt":{"rendered":"<p>\u00a0 \u00c1ngel Lav\u00edn \u00abGelo\u00bb fue jugador del Real Betis Balompi\u00e9 entre los a\u00f1os 1946 y 1952, jugando 106 encuentros oficiales, y marcando 34 goles. Un extremo c\u00e1ntabro que lleg\u00f3 al Betis con 20 a\u00f1os y que fue un futbolista importante en los primeros a\u00f1os en la Tercera Divisi\u00f3n. En 1952 march\u00f3 al Extremadura de Almendralejo,&#8230;<\/p>\n","protected":false},"author":5,"featured_media":93268,"comment_status":"open","ping_status":"open","sticky":false,"template":"","format":"standard","meta":{"_kad_post_transparent":"","_kad_post_title":"","_kad_post_layout":"","_kad_post_sidebar_id":"","_kad_post_content_style":"","_kad_post_vertical_padding":"","_kad_post_feature":"","_kad_post_feature_position":"","_kad_post_header":false,"_kad_post_footer":false,"_kad_post_classname":"","_jetpack_memberships_contains_paid_content":false,"footnotes":"","jetpack_publicize_message":"","jetpack_publicize_feature_enabled":true,"jetpack_social_post_already_shared":true,"jetpack_social_options":{"image_generator_settings":{"template":"highway","default_image_id":0,"font":"","enabled":false},"version":2}},"categories":[901,893,1],"tags":[1316,1948],"class_list":["post-93267","post","type-post","status-publish","format-standard","has-post-thumbnail","hentry","category-1950-1959","category-jugadores-temas","category-portada","tag-1316","tag-angel-lavin-gelo"],"jetpack_publicize_connections":[],"jetpack_featured_media_url":"https:\/\/i0.wp.com\/www.manquepierda.com\/historiarealbetis\/files\/2024\/03\/Gelo.jpg?fit=191%2C297&ssl=1","jetpack_sharing_enabled":true,"jetpack_shortlink":"https:\/\/wp.me\/p1ij08-ogj","jetpack-related-posts":[],"_links":{"self":[{"href":"https:\/\/www.manquepierda.com\/historiarealbetis\/wp-json\/wp\/v2\/posts\/93267","targetHints":{"allow":["GET"]}}],"collection":[{"href":"https:\/\/www.manquepierda.com\/historiarealbetis\/wp-json\/wp\/v2\/posts"}],"about":[{"href":"https:\/\/www.manquepierda.com\/historiarealbetis\/wp-json\/wp\/v2\/types\/post"}],"author":[{"embeddable":true,"href":"https:\/\/www.manquepierda.com\/historiarealbetis\/wp-json\/wp\/v2\/users\/5"}],"replies":[{"embeddable":true,"href":"https:\/\/www.manquepierda.com\/historiarealbetis\/wp-json\/wp\/v2\/comments?post=93267"}],"version-history":[{"count":1,"href":"https:\/\/www.manquepierda.com\/historiarealbetis\/wp-json\/wp\/v2\/posts\/93267\/revisions"}],"predecessor-version":[{"id":93269,"href":"https:\/\/www.manquepierda.com\/historiarealbetis\/wp-json\/wp\/v2\/posts\/93267\/revisions\/93269"}],"wp:featuredmedia":[{"embeddable":true,"href":"https:\/\/www.manquepierda.com\/historiarealbetis\/wp-json\/wp\/v2\/media\/93268"}],"wp:attachment":[{"href":"https:\/\/www.manquepierda.com\/historiarealbetis\/wp-json\/wp\/v2\/media?parent=93267"}],"wp:term":[{"taxonomy":"category","embeddable":true,"href":"https:\/\/www.manquepierda.com\/historiarealbetis\/wp-json\/wp\/v2\/categories?post=93267"},{"taxonomy":"post_tag","embeddable":true,"href":"https:\/\/www.manquepierda.com\/historiarealbetis\/wp-json\/wp\/v2\/tags?post=93267"}],"curies":[{"name":"wp","href":"https:\/\/api.w.org\/{rel}","templated":true}]}}