{"id":93382,"date":"2024-04-04T11:00:00","date_gmt":"2024-04-04T09:00:00","guid":{"rendered":"https:\/\/www.manquepierda.com\/historiarealbetis\/?p=93382"},"modified":"2024-08-11T18:30:44","modified_gmt":"2024-08-11T16:30:44","slug":"betis-tomelloso-liga-1947","status":"publish","type":"post","link":"https:\/\/www.manquepierda.com\/historiarealbetis\/betis-tomelloso-liga-1947\/","title":{"rendered":"Betis-Tomelloso Liga 1947."},"content":{"rendered":"<div class=\"wp-block-image\">\n<figure class=\"aligncenter size-large\"><img data-recalc-dims=\"1\" loading=\"lazy\" decoding=\"async\" width=\"960\" height=\"609\" src=\"https:\/\/i0.wp.com\/www.manquepierda.com\/historiarealbetis\/files\/2024\/04\/Betis-Tomelloso-Liga-1947-Trofeo-4-12-1947.jpg?resize=960%2C609&#038;ssl=1\" alt=\"\" class=\"wp-image-93383\" srcset=\"https:\/\/i0.wp.com\/www.manquepierda.com\/historiarealbetis\/files\/2024\/04\/Betis-Tomelloso-Liga-1947-Trofeo-4-12-1947-scaled.jpg?resize=960%2C609&amp;ssl=1 960w, https:\/\/i0.wp.com\/www.manquepierda.com\/historiarealbetis\/files\/2024\/04\/Betis-Tomelloso-Liga-1947-Trofeo-4-12-1947-scaled.jpg?resize=680%2C432&amp;ssl=1 680w, https:\/\/i0.wp.com\/www.manquepierda.com\/historiarealbetis\/files\/2024\/04\/Betis-Tomelloso-Liga-1947-Trofeo-4-12-1947-scaled.jpg?resize=220%2C140&amp;ssl=1 220w, https:\/\/i0.wp.com\/www.manquepierda.com\/historiarealbetis\/files\/2024\/04\/Betis-Tomelloso-Liga-1947-Trofeo-4-12-1947-scaled.jpg?resize=768%2C487&amp;ssl=1 768w\" sizes=\"auto, (max-width: 960px) 100vw, 960px\" \/><\/figure>\n<\/div>\n\n<p>\u00a0<\/p>\n<p>30 de noviembre de 1947 en Heli\u00f3polis\u00a0 Betis 3 Tomelloso 0; jornada 10 del Campeonato de Liga de Tercera Divisi\u00f3n.<\/p>\n<p>En la imagen el guardameta visitante Orencio despeja de pu\u00f1os un bal\u00f3n sobre su \u00e1rea ante el acoso de la delantera b\u00e9tica.<\/p>\n<p>Saro de penalti en la primera mitad, y Castillo y de nuevo Saro en la segunda certificaron la victoria verdiblanca.<\/p>\n<p>Jos\u00e9 Su\u00e1rez \u00abPeral\u00bb entrenaba al Betis y Guijarro al Tomelloso.<\/p>","protected":false},"excerpt":{"rendered":"<p>\u00a0 30 de noviembre de 1947 en Heli\u00f3polis\u00a0 Betis 3 Tomelloso 0; jornada 10 del Campeonato de Liga de Tercera Divisi\u00f3n. En la imagen el guardameta visitante Orencio despeja de pu\u00f1os un bal\u00f3n sobre su \u00e1rea ante el acoso de la delantera b\u00e9tica. Saro de penalti en la primera mitad, y Castillo y de nuevo&#8230;<\/p>\n","protected":false},"author":5,"featured_media":93383,"comment_status":"open","ping_status":"open","sticky":false,"template":"","format":"standard","meta":{"_kad_post_transparent":"","_kad_post_title":"","_kad_post_layout":"","_kad_post_sidebar_id":"","_kad_post_content_style":"","_kad_post_vertical_padding":"","_kad_post_feature":"","_kad_post_feature_position":"","_kad_post_header":false,"_kad_post_footer":false,"_kad_post_classname":"","_jetpack_memberships_contains_paid_content":false,"footnotes":"","jetpack_publicize_message":"","jetpack_publicize_feature_enabled":true,"jetpack_social_post_already_shared":true,"jetpack_social_options":{"image_generator_settings":{"template":"highway","default_image_id":0,"font":"","enabled":false},"version":2}},"categories":[900,1],"tags":[52,10150,17781,17681],"class_list":["post-93382","post","type-post","status-publish","format-standard","has-post-thumbnail","hentry","category-1940-1949","category-portada","tag-52","tag-1947-48","tag-liga-tercera-1947-48","tag-tomelloso-cf"],"jetpack_publicize_connections":[],"jetpack_featured_media_url":"https:\/\/i0.wp.com\/www.manquepierda.com\/historiarealbetis\/files\/2024\/04\/Betis-Tomelloso-Liga-1947-Trofeo-4-12-1947-scaled.jpg?fit=2560%2C1625&ssl=1","jetpack_sharing_enabled":true,"jetpack_shortlink":"https:\/\/wp.me\/p1ij08-oia","jetpack-related-posts":[],"_links":{"self":[{"href":"https:\/\/www.manquepierda.com\/historiarealbetis\/wp-json\/wp\/v2\/posts\/93382","targetHints":{"allow":["GET"]}}],"collection":[{"href":"https:\/\/www.manquepierda.com\/historiarealbetis\/wp-json\/wp\/v2\/posts"}],"about":[{"href":"https:\/\/www.manquepierda.com\/historiarealbetis\/wp-json\/wp\/v2\/types\/post"}],"author":[{"embeddable":true,"href":"https:\/\/www.manquepierda.com\/historiarealbetis\/wp-json\/wp\/v2\/users\/5"}],"replies":[{"embeddable":true,"href":"https:\/\/www.manquepierda.com\/historiarealbetis\/wp-json\/wp\/v2\/comments?post=93382"}],"version-history":[{"count":1,"href":"https:\/\/www.manquepierda.com\/historiarealbetis\/wp-json\/wp\/v2\/posts\/93382\/revisions"}],"predecessor-version":[{"id":93384,"href":"https:\/\/www.manquepierda.com\/historiarealbetis\/wp-json\/wp\/v2\/posts\/93382\/revisions\/93384"}],"wp:featuredmedia":[{"embeddable":true,"href":"https:\/\/www.manquepierda.com\/historiarealbetis\/wp-json\/wp\/v2\/media\/93383"}],"wp:attachment":[{"href":"https:\/\/www.manquepierda.com\/historiarealbetis\/wp-json\/wp\/v2\/media?parent=93382"}],"wp:term":[{"taxonomy":"category","embeddable":true,"href":"https:\/\/www.manquepierda.com\/historiarealbetis\/wp-json\/wp\/v2\/categories?post=93382"},{"taxonomy":"post_tag","embeddable":true,"href":"https:\/\/www.manquepierda.com\/historiarealbetis\/wp-json\/wp\/v2\/tags?post=93382"}],"curies":[{"name":"wp","href":"https:\/\/api.w.org\/{rel}","templated":true}]}}